{"id":275651,"date":"2025-07-26T17:18:25","date_gmt":"2025-07-26T17:18:25","guid":{"rendered":"https:\/\/www.europesays.com\/fr\/275651\/"},"modified":"2025-07-26T17:18:25","modified_gmt":"2025-07-26T17:18:25","slug":"lallemagne-donne-finalement-son-feu-vert-a-la-livraison-deurofighter-a-la-turquie","status":"publish","type":"post","link":"https:\/\/www.europesays.com\/fr\/275651\/","title":{"rendered":"L&rsquo;Allemagne donne finalement son feu vert \u00e0 la livraison d&rsquo;Eurofighter \u00e0 la Turquie"},"content":{"rendered":"<p>Les n\u00e9gociations, men\u00e9es depuis plusieurs ann\u00e9es, ont finalement abouti. Jeudi 24 juillet, <a href=\"https:\/\/www.bfmtv.com\/economie\/entreprises\/defense\/apres-de-longues-negociations-l-allemagne-approuve-la-vente-d-avions-de-combat-eurofighter-a-la-turquie_AD-202507230363.html\" rel=\"nofollow noopener\" target=\"_blank\">comme le relaie BFMTV<\/a>, l&rsquo;Allemagne a act\u00e9 la vente de <strong>quarante avions de combat Eurofighter <\/strong>\u00e0 la Turquie. Le porte-parole du gouvernement, Stefan Kornelius, a en effet d\u00e9clar\u00e9 que \u00able minist\u00e8re de la D\u00e9fense a transmis une lettre au gouvernement turc dans laquelle l&rsquo;accord d&rsquo;exportation est confirm\u00e9\u00bb. Cette transaction \u00e9tait jusqu&rsquo;alors compromise par des diff\u00e9rends diplomatiques, dont, r\u00e9cemment, la situation dans la bande de Gaza et le refus de l&rsquo;Allemagne de sanctionner Isra\u00ebl. En mars, Berlin avait \u00e9galement critiqu\u00e9 avec virulence <strong>l&rsquo;arrestation du maire d&rsquo;Istanbul,<\/strong> Ekrem Imamoglu, principal opposant de Recep Tayyip Erdogan pour l&rsquo;\u00e9lection pr\u00e9sidentielle de 2028.<\/p>\n<p>Les ventes d&rsquo;avions Eurofighter, construits par l&rsquo;Allemagne, la Grande-Bretagne, l&rsquo;Espagne et l&rsquo;Italie, sont conditionn\u00e9es \u00e0<strong> un accord unanime<\/strong> de ces quatre pays, chacun pouvant user d&rsquo;un<a href=\"https:\/\/www.capital.fr\/economie-politique\/droit-de-veto-1404914\" rel=\"nofollow noopener\" target=\"_blank\"> droit de veto. <\/a>Avec la lev\u00e9e de ce veto, pr\u00e9cise BFMTV, les minist\u00e8res de la D\u00e9fense des deux pays concern\u00e9s ont annonc\u00e9 la signature d&rsquo;un <strong>accord pr\u00e9liminaire<\/strong> pour ent\u00e9riner cette commande.<\/p>\n<p>Ces avions ne seront pas utilis\u00e9s contre des pays membres de l&rsquo;Otan, promet Ankara<\/p>\n<p>Premier \u00e0 s&rsquo;en f\u00e9liciter, le minist\u00e8re turc de la D\u00e9fense a indiqu\u00e9 dans un communiqu\u00e9 : \u00abL&rsquo;acceptation de la Turquie comme utilisateur de l&rsquo;Eurofighter Typhoon <strong>renforcera les liens<\/strong> d&rsquo;amiti\u00e9 tiss\u00e9s depuis des d\u00e9cennies entre les principaux alli\u00e9s de l&rsquo;Otan. Elle constituera une \u00e9tape importante vers le renforcement des capacit\u00e9s de combat a\u00e9rien avanc\u00e9es de la Turquie\u00bb. Ankara assure que les avions ne seront jamais utilis\u00e9s contre un<strong> pays membre de <\/strong><a href=\"https:\/\/www.capital.fr\/economie-politique\/sommet-de-l-otan-l-objectif-de-5-valide-donald-trump-jubile-1515403\" rel=\"nofollow noopener\" target=\"_blank\"><strong>l&rsquo;Otan<\/strong><\/a>, promesse que la <a href=\"https:\/\/www.capital.fr\/economie-politique\/ces-passagers-d-un-vol-ryanair-se-souviendront-longtemps-de-leurs-vacances-en-grece-leur-avion-atterrit-contre-les-barrieres-1515217\" rel=\"nofollow noopener\" target=\"_blank\">Gr\u00e8ce<\/a>, pays voisin, devrait accueillir avec soulagement tant les tensions entre les deux pays sont fr\u00e9quentes.<\/p>\n","protected":false},"excerpt":{"rendered":"Les n\u00e9gociations, men\u00e9es depuis plusieurs ann\u00e9es, ont finalement abouti. Jeudi 24 juillet, comme le relaie BFMTV, l&rsquo;Allemagne a&hellip;\n","protected":false},"author":2,"featured_media":275652,"comment_status":"","ping_status":"","sticky":false,"template":"","format":"standard","meta":{"footnotes":""},"categories":[1587],"tags":[11,672,1804,1805,1803,1777,674,1801,12,1802],"class_list":{"0":"post-275651","1":"post","2":"type-post","3":"status-publish","4":"format-standard","5":"has-post-thumbnail","7":"category-allemagne","8":"tag-actualites","9":"tag-allemagne","10":"tag-bundesrepublik-deutschland","11":"tag-de","12":"tag-deutschland","13":"tag-eu","14":"tag-europe","15":"tag-germany","16":"tag-news","17":"tag-republique-federale-dallemagne"},"share_on_mastodon":{"url":"https:\/\/pubeurope.com\/@fr\/114920679264955622","error":""},"_links":{"self":[{"href":"https:\/\/www.europesays.com\/fr\/wp-json\/wp\/v2\/posts\/275651","targetHints":{"allow":["GET"]}}],"collection":[{"href":"https:\/\/www.europesays.com\/fr\/wp-json\/wp\/v2\/posts"}],"about":[{"href":"https:\/\/www.europesays.com\/fr\/wp-json\/wp\/v2\/types\/post"}],"author":[{"embeddable":true,"href":"https:\/\/www.europesays.com\/fr\/wp-json\/wp\/v2\/users\/2"}],"replies":[{"embeddable":true,"href":"https:\/\/www.europesays.com\/fr\/wp-json\/wp\/v2\/comments?post=275651"}],"version-history":[{"count":0,"href":"https:\/\/www.europesays.com\/fr\/wp-json\/wp\/v2\/posts\/275651\/revisions"}],"wp:featuredmedia":[{"embeddable":true,"href":"https:\/\/www.europesays.com\/fr\/wp-json\/wp\/v2\/media\/275652"}],"wp:attachment":[{"href":"https:\/\/www.europesays.com\/fr\/wp-json\/wp\/v2\/media?parent=275651"}],"wp:term":[{"taxonomy":"category","embeddable":true,"href":"https:\/\/www.europesays.com\/fr\/wp-json\/wp\/v2\/categories?post=275651"},{"taxonomy":"post_tag","embeddable":true,"href":"https:\/\/www.europesays.com\/fr\/wp-json\/wp\/v2\/tags?post=275651"}],"curies":[{"name":"wp","href":"https:\/\/api.w.org\/{rel}","templated":true}]}}