{"id":275654,"date":"2025-07-26T17:20:11","date_gmt":"2025-07-26T17:20:11","guid":{"rendered":"https:\/\/www.europesays.com\/fr\/275654\/"},"modified":"2025-07-26T17:20:11","modified_gmt":"2025-07-26T17:20:11","slug":"jai-toujours-eu-lobjectif-de-jouer-mon-meilleur-tennis-a-26-ou-27-ans-declare-diallo-avant-de-jouer-devant-son-public-a-toronto","status":"publish","type":"post","link":"https:\/\/www.europesays.com\/fr\/275654\/","title":{"rendered":"\u00ab J\u2019ai toujours eu l&rsquo;objectif de jouer mon meilleur tennis \u00e0 26 ou 27 ans \u00bb, d\u00e9clare Diallo avant de jouer devant son public \u00e0 Toronto"},"content":{"rendered":"<p>                <img decoding=\"async\" src=\"https:\/\/www.europesays.com\/fr\/wp-content\/uploads\/2025\/07\/u2Yi.jpg\" alt=\"\u00ab J\u2019ai toujours eu l'objectif de jouer mon meilleur tennis \u00e0 26 ou 27 ans \u00bb, d\u00e9clare Diallo avant de jouer devant son public \u00e0 Toronto\"\/><\/p>\n<p>Gabriel Diallo est l\u2019une des r\u00e9v\u00e9lations de la saison sur le circuit messieurs, en ayant fait son entr\u00e9e dans le top 50 au mois de juin.<\/p>\n<p>Vainqueur cette saison de son premier titre ATP \u00e0 \u2019s-Hertogenbosch, le Canadien va exp\u00e9rimenter le statut de t\u00eate de s\u00e9rie dans un Masters 1000 \u00e0 Toronto. Devant son public, il commencera le tournoi contre Borna Coric ou Matteo Gigante.<\/p>\n<p>Lors du media day, le joueur de 23 ans s\u2019est exprim\u00e9 sur sa r\u00e9cente progression : \u00ab Entrer dans le top 50, c\u2019est un autre grand saut. \u00catre constant est une chose, mais ton niveau moyen doit \u00eatre bien plus \u00e9lev\u00e9. Nous n\u2019avions jamais pr\u00e9vu que je joue mon meilleur tennis maintenant. J\u2019ai toujours eu l&rsquo;objectif de le jouer \u00e0 26 ou 27 ans.<\/p>\n<p>C\u2019est pour cela que je prends \u00e9norm\u00e9ment de libert\u00e9 sur le court, en \u00e9tant super agressif, en mettant constamment de la pression. \u00c9videmment, \u00e7a m\u2019a co\u00fbt\u00e9 cher dans beaucoup de matchs ces deux derni\u00e8res ann\u00e9es, mais \u00e7a m\u2019a aussi permis d\u2019obtenir le classement que j\u2019ai maintenant. \u00bb<\/p>\n","protected":false},"excerpt":{"rendered":"Gabriel Diallo est l\u2019une des r\u00e9v\u00e9lations de la saison sur le circuit messieurs, en ayant fait son entr\u00e9e&hellip;\n","protected":false},"author":2,"featured_media":275655,"comment_status":"","ping_status":"","sticky":false,"template":"","format":"standard","meta":{"footnotes":""},"categories":[1586],"tags":[11,1777,674,1779,1011,27,12,25,1778,364],"class_list":{"0":"post-275654","1":"post","2":"type-post","3":"status-publish","4":"format-standard","5":"has-post-thumbnail","7":"category-europe","8":"tag-actualites","9":"tag-eu","10":"tag-europe","11":"tag-european-union","12":"tag-fr","13":"tag-france","14":"tag-news","15":"tag-republique-francaise","16":"tag-ue","17":"tag-union-europeenne"},"share_on_mastodon":{"url":"https:\/\/pubeurope.com\/@fr\/114920687146092864","error":""},"_links":{"self":[{"href":"https:\/\/www.europesays.com\/fr\/wp-json\/wp\/v2\/posts\/275654","targetHints":{"allow":["GET"]}}],"collection":[{"href":"https:\/\/www.europesays.com\/fr\/wp-json\/wp\/v2\/posts"}],"about":[{"href":"https:\/\/www.europesays.com\/fr\/wp-json\/wp\/v2\/types\/post"}],"author":[{"embeddable":true,"href":"https:\/\/www.europesays.com\/fr\/wp-json\/wp\/v2\/users\/2"}],"replies":[{"embeddable":true,"href":"https:\/\/www.europesays.com\/fr\/wp-json\/wp\/v2\/comments?post=275654"}],"version-history":[{"count":0,"href":"https:\/\/www.europesays.com\/fr\/wp-json\/wp\/v2\/posts\/275654\/revisions"}],"wp:featuredmedia":[{"embeddable":true,"href":"https:\/\/www.europesays.com\/fr\/wp-json\/wp\/v2\/media\/275655"}],"wp:attachment":[{"href":"https:\/\/www.europesays.com\/fr\/wp-json\/wp\/v2\/media?parent=275654"}],"wp:term":[{"taxonomy":"category","embeddable":true,"href":"https:\/\/www.europesays.com\/fr\/wp-json\/wp\/v2\/categories?post=275654"},{"taxonomy":"post_tag","embeddable":true,"href":"https:\/\/www.europesays.com\/fr\/wp-json\/wp\/v2\/tags?post=275654"}],"curies":[{"name":"wp","href":"https:\/\/api.w.org\/{rel}","templated":true}]}}