{"id":275660,"date":"2025-07-26T17:23:13","date_gmt":"2025-07-26T17:23:13","guid":{"rendered":"https:\/\/www.europesays.com\/fr\/275660\/"},"modified":"2025-07-26T17:23:13","modified_gmt":"2025-07-26T17:23:13","slug":"ville-par-ville-les-restrictions-de-circulation","status":"publish","type":"post","link":"https:\/\/www.europesays.com\/fr\/275660\/","title":{"rendered":"ville par ville, les restrictions de circulation"},"content":{"rendered":"<p>            Par<br \/>\n        <strong><br \/>\n            <a href=\"https:\/\/actu.fr\/auteur\/mereva-balin\" title=\"Consulter tous les articles de M\u00e9r\u00e9va Balin\" target=\"_blank\" rel=\"noopener\">M\u00e9r\u00e9va Balin<\/a><br \/>\n        <\/strong><\/p>\n<p>        Publi\u00e9 le<\/p>\n<p>            26 juil. 2025 \u00e0 19h16        <\/p>\n<p>Dans toutes les villes des Yvelines travers\u00e9es par la caravane, puis le peloton, lors de la <b>derni\u00e8re \u00e9tape<\/b> du <a href=\"https:\/\/actu.fr\/tour-de-france\/\" target=\"_blank\" rel=\"noopener\">Tour de France<\/a>, ce dimanche 27\u00a0juillet 2025, les automobilistes devront adapter leurs trajets, parfois d\u00e8s la veille, et faire attention o\u00f9 ils stationneront.<\/p>\n<p class=\" wall-content\">De <a href=\"https:\/\/actu.fr\/ile-de-france\/mantes-la-ville_78362\" target=\"_blank\" rel=\"noopener\">Mantes-la-Ville<\/a> \u00e0 <a href=\"https:\/\/actu.fr\/ile-de-france\/velizy-villacoublay_78640\" target=\"_blank\" rel=\"noopener\">V\u00e9lizy-Villacoublay<\/a>, la pr\u00e9fecture a fix\u00e9 par arr\u00eat\u00e9 les <b>r\u00e8gles de circulation et de stationnemen<\/b>t sur les axes impact\u00e9s par le passage de la course. La caravane publicitaire et les coureurs partiront de la premi\u00e8re commune cit\u00e9e respectivement \u00e0 14\u2009h\u200910 et 16\u2009h\u200910 (d\u00e9part fictif).<\/p>\n<p class=\" wall-content\">Le passage \u00e0 V\u00e9lizy est programm\u00e9 aux alentours de 17\u2009h\u200930. Le peloton quittera peu apr\u00e8s le d\u00e9partement et entrera dans les Hauts-de-Seine, avec la <a href=\"https:\/\/actu.fr\/ile-de-france\/versailles_78646\/marathon-pour-tous-2024-ces-yvelinois-ont-couru-sur-les-traces-des-grands-champions_61473714.html\" target=\"_blank\" rel=\"noopener\">c\u00f4te du Pav\u00e9 des Gardes<\/a> au menu un peu plus loin. L\u2019arriv\u00e9e aux <b>Champs-\u00c9lys\u00e9es <\/b>est attendue entre 19\u2009h\u200930 et 19\u2009h\u200945.<\/p>\n<p class=\" wall-content\">Quelles sont les <b>restrictions<\/b> en vigueur sur et autour du parcours dans le d\u00e9partement des Yvelines\u2009? En voici le d\u00e9tail, ville par ville.<\/p>\n<p>Des sorties ferm\u00e9es sur l\u2019autoroute A13<\/p>\n<p>Les sorties 10, \u00e0 hauteur d\u2019\u00c9p\u00f4ne, dans les deux sens de circulation, et 11, \u00e0 hauteur de Mantes-est, en direction de Paris seront ferm\u00e9es \u00e0 la circulation ce dimanche 27\u00a0juillet 2025, de 5\u2009h \u00e0 21\u2009h. La sortie 12, \u00e0 hauteur de Mantes-sud, sera quant \u00e0 elle ouverte, mais des ralentissements sont \u00e0 pr\u00e9voir.<\/p>\n<p>    <img   decoding=\"async\" loading=\"lazy\" class=\"size-large\" src=\"https:\/\/www.europesays.com\/fr\/wp-content\/uploads\/2025\/07\/c74c1c1101886cb4c1c110188af4c1v-960x640.jpg\" alt=\"Profil \u00e9tape Mantes-la-Ville Paris Tour de France 2025\" width=\"960\" height=\"640\"\/><br \/>\n    Apr\u00e8s avoir travers\u00e9 une partie des Yvelines, le parcours de la 21e \u00e9tape du Tour de France se poursuivra ce dimanche 27\u00a0juillet 2025 dans les Hauts-de-Seine avant de rejoindre Paris. \u00a9ASO\u2022 \u00c0 Mantes-la-Ville<\/p>\n<p class=\" wall-content\">Du vendredi 25\u00a0juillet, \u00e0 20\u2009h, au dimanche 27\u00a0juillet 2025, \u00e0 21\u2009h, le stationnement est interdit dans <b>cinq parkings<\/b> du centre-ville (Eden dans la rue Am\u00e8re, <a href=\"https:\/\/actu.fr\/societe\/direct-jo-paris-2024-la-flamme-olympique-est-dans-les-yvelines-vibrez-et-vivez-ce-moment-historique_61389206.html\" target=\"_blank\" rel=\"noopener\">stade Aim\u00e9-Bergeal<\/a>, bas du parking de la salle Jacques-Brel, mairie, Soupirs face \u00e0 l\u2019\u00e9cole Allli\u00e9es-de-Chavannes) ainsi que dans les rues permettant d\u2019y acc\u00e9der, sur la route de Houdan (entre la rue de l\u2019\u00c9glise et celle des Deux-Gares) et dans l\u2019avenue du Brueil (entre l\u2019avenue de l\u2019Yveline et le rond-point de la Cl\u00e9-des-Champs).<\/p>\n<p class=\" wall-content\">La <a href=\"https:\/\/actu.fr\/ile-de-france\/mantes-la-ville_78362\/tour-de-france-mantes-la-ville-veut-retrouver-la-liesse-populaire-du-passage-de-la-flamme_62824936.html\" target=\"_blank\" rel=\"noopener\">rue du 8-mai-1945<\/a>, lieu de <b>d\u00e9part fictif<\/b> du peloton, sera quant \u00e0 elle ferm\u00e9e \u00e0 la circulation comme au stationnement \u00e0 partir du samedi 26\u00a0juillet 2025, \u00e0 23\u2009h. Le lendemain, entre 12\u2009h et 21\u2009h, il en sera de m\u00eame pour la rue des Merisiers et la rue Louise-Michel dans sa portion longeant le stade Aim\u00e9-Bergeal.<\/p>\n<p class=\" wall-content\">Pr\u00e8s de l\u2019emplacement du <b>village du Tour<\/b>, les rues des Pr\u00e8s et du Parc ne seront pas accessibles aux voitures du samedi 26\u00a0juillet \u00e0 23\u2009h au dimanche 27\u00a0juillet \u00e0 21\u2009h. Idem pour la route de Houdan et l\u2019avenue du Breuil toute la journ\u00e9e du dimanche, de 7\u2009h \u00e0 21\u2009h.<\/p>\n<p>\u2022 Dans le centre de Mantes-la-Jolie<\/p>\n<p class=\" wall-content\">Ce dimanche 27\u00a0juillet 2025 \u00e0 <a href=\"https:\/\/actu.fr\/ile-de-france\/mantes-la-jolie_78361\" target=\"_blank\" rel=\"noopener\">Mantes-la-Jolie<\/a>, il sera <b>interdit de stationner (de minuit \u00e0 18\u2009h) et de circuler (de 13\u2009h \u00e0 18\u2009h)<\/b> sur le boulevard Calmette, dans l\u2019avenue Victor-Hugo, les rues des M\u00e9tairies, du Clos-Pinet, du Chapeau-rouge, de Lorraine, Saint-Lazare, Alphonse-Durand, de l\u2019Yser, des P\u00e8lerins, des Nonais, d\u2019Arnouville, Gaston-Marin, de Maurepas, de la Sangle, L\u00e9on-Gambetta, de la Heuse, de la Porte-des-Comptes, du Ch\u00e2teau, Auguste-Goust, Louis Cauzard, du Vieux-Pont et enfin dans l\u2019all\u00e9e des \u00eeles \u00c9ric-Tabarly.<\/p>\n<p>\u2022 Sur les bords de Seine \u00e0 Limay<\/p>\n<p class=\" wall-content\">\u00c0 <a href=\"https:\/\/actu.fr\/ile-de-france\/limay_78335\" target=\"_blank\" rel=\"noopener\">Limay<\/a>, la circulation (de 13\u2009h \u00e0 18\u2009h) et le stationnement (de minuit \u00e0 18\u2009h) seront proscrits dans l\u2019avenue Andr\u00e9-Lecoq, la rue Nationale (entre la rue des Pavillons et le rond-point), la rue du Vieux-Pont (du bord de Seine \u00e0 l\u2019intersection avec la rue Nationale), sur le <b>quai Albert-1er<\/b>, les rues de Paris (entre l\u2019avenue Corot et la place du Temple), des Foss\u00e9s (entre la rue des Coutures et l\u2019avenue Corot), Lafarge (entre le chemin des Coutures et la RD146), le boulevard Pasteur (jusqu\u2019au giratoire), l\u2019avenue du Val (de la d\u00e9chetterie au rond-point) et dans la voie d\u2019acc\u00e8s vers le port. Les sorties depuis la <b>rocade<\/b> seront \u00e9galement ferm\u00e9es.<\/p>\n<p>    <img   decoding=\"async\" loading=\"lazy\" class=\"size-large\" src=\"https:\/\/www.europesays.com\/fr\/wp-content\/uploads\/2025\/07\/ac7e1d778f786808e1d778f78548e1v-960x640.jpg\" alt=\"Mairie Mantes-la-Ville Tour de France 2025\" width=\"960\" height=\"640\"\/><br \/>\n    De nombreuses animations sont pr\u00e9vues \u00e0 Mantes-la-Ville (Yvelines), dans le parc de la Vall\u00e9e et aux alentours, pour le d\u00e9part de la derni\u00e8re \u00e9tape du Tour de France 2025, ce dimanche 27\u00a0juillet 2025. Elles occasionneront des difficult\u00e9s de circulation pour les automobilistes. \u00a9M\u00e9r\u00e9va Balin\u2022 \u00c0 Porcheville<\/p>\n<p class=\" wall-content\">La circulation (de 13\u2009h \u00e0 18\u2009h) et le stationnement (de minuit \u00e0 18\u2009h) sont interdits \u00e0 <a href=\"https:\/\/actu.fr\/ile-de-france\/porcheville_78501\" target=\"_blank\" rel=\"noopener\">Porcheville<\/a>\u00a0pour le boulevard de la R\u00e9publique et <b>toutes ses voies adjacentes<\/b> des deux c\u00f4t\u00e9s de l\u2019axe.<\/p>\n<p>\u2022 \u00c0 Gargenville<\/p>\n<p class=\" wall-content\">La portion de la RD146 reliant Porcheville \u00e0 <a href=\"https:\/\/actu.fr\/ile-de-france\/gargenville_78267\" target=\"_blank\" rel=\"noopener\">Gargenville<\/a>, la RD130 ainsi que le <b>pont de Rangiport<\/b>, le chemin des Coulins, la rue Gabriel-P\u00e9ri, l\u2019avenue Victor-Hugo et le chemin de halage de Montalet seront ferm\u00e9s \u00e0 la circulation (de 13\u2009h \u00e0 18\u2009h) et le stationnement (de minuit \u00e0 18\u2009h).<\/p>\n<p>\u2022 \u00c0 \u00c9p\u00f4ne<\/p>\n<p class=\" wall-content\">La circulation (de 13\u2009h \u00e0 18\u2009h) et le stationnement (de minuit \u00e0 18\u2009h) sont interdits sur le boulevard Renard-Beno\u00eet, dans l\u2019avenue de la Mauldre, l\u2019avenue du 19\u00a0ao\u00fbt 1944, la<a href=\"https:\/\/actu.fr\/ile-de-france\/mezieres-sur-seine_78402\/un-engagement-colossal-ce-maire-des-yvelines-est-fier-daccueillir-un-equipement-exceptionnel_62888241.html\" target=\"_blank\" rel=\"noopener\"> rue des deux-fr\u00e8res-Laporte<\/a>, l\u2019avenue du professeur-\u00c9mile-Sergent et la rue Ferdinand-L\u00e9ger.<\/p>\n<p>\u2022 \u00c0 N\u00e9zel<\/p>\n<p class=\" wall-content\">Depuis \u00c9p\u00f4ne, la route de <a href=\"https:\/\/actu.fr\/ile-de-france\/nezel_78451\" target=\"_blank\" rel=\"noopener\">N\u00e9zel<\/a>, ou RD191, et toutes les voies adjacentes dans le bourg comme au <b>lieu-dit Les Crom<\/b><b>s<\/b> seront ferm\u00e9es \u00e0 la circulation (de 13\u2009h \u00e0 18\u2009h) et interdites stationnement (de minuit \u00e0 18\u2009h).<\/p>\n<p>\u2022 \u00c0 Aulnay-sur-Mauldre<\/p>\n<p class=\" wall-content\">La <b>fermeture \u00e0 la circulation<\/b> (de 13\u2009h \u00e0 18\u2009h) comme au stationnement (de minuit \u00e0 18\u2009h) se poursuit au niveau de la RD191 sur toute la travers\u00e9e d\u2019<a href=\"https:\/\/actu.fr\/ile-de-france\/aulnay-sur-mauldre_78033\" target=\"_blank\" rel=\"noopener\">Aulnay-sur-Mauldre<\/a>. La Grande Rue, le vieux chemin de Bazemont, les chemins des Limons, de Meulan et des Fonds conna\u00eetront le m\u00eame sort.<\/p>\n<p>\u2022 \u00c0 Maule<\/p>\n<p class=\" wall-content\">L\u00e0 encore, aucun stationnement (de minuit \u00e0 18\u2009h), pas plus que la circulation (de 13\u2009h \u00e0 18\u2009h), n\u2019est autoris\u00e9 \u00e0 hauteur de <a href=\"https:\/\/actu.fr\/ile-de-france\/maule_78380\" target=\"_blank\" rel=\"noopener\">Maule<\/a>, sur la RD191. M\u00eame chose pour la RD45, ou <b>c\u00f4te de Beulle<\/b>, jusqu\u2019\u00e0 hauteur des Alluets-le-Roi.<\/p>\n<p>\u2022 \u00c0 Bazemont<\/p>\n<p class=\" wall-content\">\u00c0 <a href=\"https:\/\/actu.fr\/ile-de-france\/bazemont_78049\" target=\"_blank\" rel=\"noopener\">Bazemont<\/a>, le chemin Nouveau, les rues du Bel-Air, d\u2019Aulnay, des Jonch\u00e8res, des Valbouets, des Muguets, des Sablons, au Lierre, des \u00c9coles, des Fauvettes, de Maule et de la Font-Pleureuse, de m\u00eame que l\u2019impasse du Manoir ainsi que les chemins du Bel-Oeil et des Hauts-du-Bois-de-la-Garde seront interdits au stationnement (de minuit \u00e0 18\u2009h) et ferm\u00e9s \u00e0 la circulation (de 13\u2009h \u00e0 18\u2009h).<\/p>\n<p>\u2022 \u00c0 Herbeville<\/p>\n<p class=\" wall-content\">Les automobilistes ne pourront ni emprunter (de 13\u2009h \u00e0 18\u2009h) ni stationner (de minuit \u00e0 18\u2009h) au niveau de <a href=\"https:\/\/actu.fr\/ile-de-france\/herbeville_78305\" target=\"_blank\" rel=\"noopener\">Herbeville<\/a> dans les chemins de Beulle, de Poissy, y compris au Mont au Vent, la <b>c\u00f4te de Maule<\/b> et la route du m\u00eame nom.<\/p>\n<p>\u2022 Aux Alluets-le-Roi<\/p>\n<p class=\" wall-content\">Les routes d\u00e9partementales 45, ou rue de Maule, et 198, ou rue de Clairbois, seront ferm\u00e9es \u00e0 la circulation (de 13\u2009h \u00e0 18\u2009h) et au stationnement (de minuit \u00e0 18\u2009h) aux <a href=\"https:\/\/actu.fr\/ile-de-france\/les-alluets-le-roi_78010\" target=\"_blank\" rel=\"noopener\">Alluets-le-Roi<\/a> tout comme les <b>rues de l\u2019Or\u00e9e-des-Champs<\/b>, des Vergers, de la Procession, au Loup, du Moulin, Saint-Nicolas, d\u2019Orgeval, Sainte-Gabrielle et d\u2019Enfer.<\/p>\n<p>\u2022 \u00c0 Crespi\u00e8res<\/p>\n<p class=\" wall-content\">L\u2019interdiction de stationnement (de minuit \u00e0 18\u2009h) et de circulation (de 13\u2009h \u00e0 18\u2009h) sur la route d\u00e9partementale 198 se poursuivra jusqu\u2019\u00e0 <a href=\"https:\/\/actu.fr\/ile-de-france\/crespieres_78189\" target=\"_blank\" rel=\"noopener\">Crespi\u00e8res<\/a> puis sur la route d\u00e9partementale 307. L\u2019avenue des Grands-Pr\u00e8s, la c\u00f4te des Alluets, le <b>lieu-dit La Sablonni\u00e8re<\/b>, la route des Flambertins, le chemin des Tournelles ainsi que les rues du Pi\u00e8ge, Michel-Desjouis et de Paris seront frapp\u00e9s des m\u00eames restrictions.<\/p>\n<p>\u2022 \u00c0 Davron<\/p>\n<p class=\" wall-content\">C\u2019est cette fois la fermeture \u00e0 la circulation (de 13\u2009h \u00e0 18\u2009h) et au stationnement (de minuit \u00e0 18\u2009h) de la route d\u00e9partementale 307 qui continuera sur toute la travers\u00e9e de <a href=\"https:\/\/actu.fr\/ile-de-france\/davron_78196\" target=\"_blank\" rel=\"noopener\">Davron<\/a>. La <b>voie de la Porte-rouge<\/b>, les rues de Bullion et de Davron ainsi que le chemin de Villiers-le-Sec conna\u00eetront le m\u00eame sort.<\/p>\n<p>\u2022 \u00c0 Feucherolles<\/p>\n<p class=\" wall-content\">Les interdictions de circulation (de 13\u2009h \u00e0 18\u2009h) et de stationnement (de minuit \u00e0 18\u2009h) concerneront, \u00e0 hauteur de <a href=\"https:\/\/actu.fr\/ile-de-france\/feucherolles_78233\" target=\"_blank\" rel=\"noopener\">Feucherolles<\/a>, les routes d\u00e9partementales 307 et 30 ainsi que les <b>rues de Davron<\/b> et des Petits-pr\u00e8s et enfin le lieu-dit Le Pommeray.<\/p>\n<p>\u2022 \u00c0 Chavenay<\/p>\n<p class=\" wall-content\">\u00c0 hauteur de <a href=\"https:\/\/actu.fr\/ile-de-france\/chavenay_78152\" target=\"_blank\" rel=\"noopener\">Chavenay<\/a>, les <b>routes d\u00e9partementales<\/b> 30, 74 et 97 seront frapp\u00e9es d\u2019une interdiction de circulation (de 13\u2009h \u00e0 18\u2009h) et de stationnement (de minuit \u00e0 18\u2009h) tout comme la voie de Chavenay, les chemins de la Sucrerie et des Cong\u00e9s, l\u2019all\u00e9e des Carri\u00e8res ainsi que les rues de Davron, des Arches, de Gally, du Champ-Caillou, des \u00c9coles, de Beynes, des 2 ponts, des Clayes et de la Mairie.<\/p>\n<p>\u2022 \u00c0 Villepreux<\/p>\n<p class=\" wall-content\">Les routes d\u00e9partementales 97, 161, 12, ou c\u00f4te de Paris, et 11 ainsi que le <b>rond-point de la ferme du Trou Moreau<\/b> sont interdits au stationnement (de minuit \u00e0 18\u2009h) et \u00e0 la circulation (de 13\u2009h \u00e0 18\u2009h) sur le territoire de <a href=\"https:\/\/actu.fr\/ile-de-france\/villepreux_78674\" target=\"_blank\" rel=\"noopener\">Villepreux<\/a>.<br \/>Les restrictions concernent \u00e9galement le rond-point de la d\u00e9partementale 98 et de l\u2019avenue du Lieutenant-Maurice-Herv\u00e9 ainsi que les chemins le long du ru de Gally, de Grand-Maison, de la Cav\u00e9e et de la Corderie, les rues du docteur Alexandre, de Mailly, Pasteur, Pierre-Curie, de la Poste, des Orf\u00e8vres, Le-N\u00f4tre, l\u2019impasse Andr\u00e9-Le-N\u00f4tre et enfin l\u2019<b>all\u00e9e Royale<\/b>. L\u2019acc\u00e8s aux parkings, notamment celui de cimeti\u00e8re, sera \u00e9galement ferm\u00e9.<\/p>\n<p>\u2022 \u00c0 Fontenay-le-Fleury<\/p>\n<p class=\" wall-content\">Les interdictions de circulation (de 13\u2009h \u00e0 18\u2009h) et de stationnement (de minuit \u00e0 18\u2009h) porteront sur la route d\u00e9partementale 11 sur toute la travers\u00e9e de <a href=\"https:\/\/actu.fr\/ile-de-france\/fontenay-le-fleury_78242\" target=\"_blank\" rel=\"noopener\">Fontenay-le-Fleury<\/a> ainsi que sur le rond-point au croisement de la d\u00e9partementale et des avenues Voltaire et Georges-Pompidou. La <b>c\u00f4te de la Batterie<\/b>, dans le sens descendant, les chemins du Pont-des-Roches et des Graviers ainsi que les rues Victor-Hugo, Fran\u00e7ois-Mansart, \u00c9mile-Zola, Maurice-Ravel, Anatole-France et Olivier-Messiaen.<\/p>\n<p>\u2022 \u00c0 Saint-Cyr-l\u2019\u00c9cole<\/p>\n<p class=\" wall-content\">Il sera interdit de circuler (de 13\u2009h \u00e0 18\u2009h) ou de se garer (de minuit \u00e0 18\u2009h) le long de la route d\u00e9partementale 10 \u00e0 hauteur de <a href=\"https:\/\/actu.fr\/ile-de-france\/saint-cyr-l-ecole_78545\" target=\"_blank\" rel=\"noopener\">Saint-Cyr-l\u2019\u00c9cole<\/a>. Les m\u00eames restrictions porteront sur le chemin des \u00c9coliers, la promenade des Anges, l\u2019impasse Grand-Jardin ainsi que les rues Le-Corbusier, de l\u2019A\u00e9rostation-maritime, G\u00e9rard-Philipe, Jean-Mac\u00e9, Lucien-Sampaix, Jacques-Decour, Marceau, Mansart, Victor-Hugo, Gambetta, Victorien-Sardou, Jules-Guesdes et Fran\u00e7ois-Marie-Voltaire. Enfin, les sorties du <b>parking de la mairie<\/b> et du lyc\u00e9e militaire seront \u00e9galement ferm\u00e9es.<\/p>\n<p>\u2022 \u00c0 Versailles<\/p>\n<p class=\" wall-content\">Sur toute la travers\u00e9e de <a href=\"https:\/\/actu.fr\/ile-de-france\/versailles_78646\" target=\"_blank\" rel=\"noopener\">Versailles<\/a>, la circulation (de 13\u2009h \u00e0 18\u2009h) et le stationnement (de minuit \u00e0 18\u2009h) seront proscrits sur la route d\u00e9partementale 10, ou <b>avenue de Paris<\/b>, et sa contre-all\u00e9e (entre l\u2019avenue de Porchefontaine et la place Louis XIV).<\/p>\n<p class=\" wall-content\">Les restrictions porteront \u00e9galement sur la descente du parking de la gare de Saint-Cyr, la <b>sortie du stand de Tir National<\/b>, l\u2019all\u00e9e des Matelots, la place Andr\u00e9-Mignot, les impasses Marivel et Saint-Henri, le chemin du Cordon, les avenues de Sceaux (entre l\u2019avenue Rockefeller et celle du G\u00e9n\u00e9ral-de-Gaulle), de l\u2019Europe, du G\u00e9n\u00e9ral de Gaulle et de Porchefontaine.<\/p>\n<p class=\" wall-content\">Seront enfin concern\u00e9es par ces mesures les <b>rues de l\u2019Orangerie<\/b>, Mazi\u00e8re, du Vieux-Versailles, Saint-Julien, des R\u00e9collets, de la Chancellerie, des \u00c9tats-g\u00e9n\u00e9raux (entre l\u2019avenue de Paris et la rue M\u00e9nard), Jean-Houdon, de l\u2019Assembl\u00e9e nationale, de Noailles, Benjamin-Franklin, de Vergennes, du Champ-Lagarde, Coypel, Dussieux, Pasteur, Jean-Mermoz, Vauban, des Pr\u00e8s-aux-Bois et Yves-le-Coz (entre la rue Pierre-Mignard et le chemin du Cordon).<\/p>\n<p>\u2022 \u00c0 Viroflay<\/p>\n<p class=\" wall-content\">L\u2019interdiction de circulation (de 13\u2009h \u00e0 18\u2009h) et de stationnement (de minuit \u00e0 18\u2009h) se poursuivra sur la <b>route d\u00e9partementale 10<\/b>, ou avenue du G\u00e9n\u00e9ral-Leclerc, jusqu\u2019\u00e0 <a href=\"https:\/\/actu.fr\/ile-de-france\/viroflay_78686\" target=\"_blank\" rel=\"noopener\">Viroflay<\/a> entre les croisements avec la place Louis XIV et la rue Pierre-\u00c9douard.<\/p>\n<p class=\" wall-content\">Le parking du cimeti\u00e8re, les places de la F\u00eate et de Verdun, les <b>avenues de V\u00e9lizy<\/b> et Gaston-Boissier (entre le boulevard de la Lib\u00e9ration et la rue de Jouy), la route du Pav\u00e9-de-Meudon (entre le ch\u00eane de la Vierge et la rue Louis-Gaubert) ainsi que les rues Jean-Rey (entre la rue Rapha\u00ebl-Corby et la place de la F\u00eate), Nicolas-Nicquet, du Ch\u00eane-de-la-Vierge, de Jouy, du Louvre, Pasteur et Arthur-Petit seront soumises aux m\u00eames restrictions.<\/p>\n<p>\u2022 \u00c0 V\u00e9lizy-Villacoublay<\/p>\n<p class=\" wall-content\">Il sera interdit de circuler (de 13\u2009h \u00e0 18\u2009h) et de stationner (de minuit \u00e0 18\u2009h) sur la route d\u00e9partementale 53, ou <b>avenue de Harlow<\/b>, sur toute la travers\u00e9e de <a href=\"https:\/\/actu.fr\/ile-de-france\/velizy-villacoublay_78640\" target=\"_blank\" rel=\"noopener\">V\u00e9lizy-Villacoublay<\/a>. Sont \u00e9galement concern\u00e9es par les m\u00eames restrictions l\u2019all\u00e9e Noire (entre la rue Louis-Gaubert et Louis-Hubert) et la rue Albert-Perdreaux (entre la rue du Bocage et celle de Jouy).<\/p>\n<p class=\" wall-content\">Suivez toute l\u2019actualit\u00e9 de vos villes et m\u00e9dias favoris en vous inscrivant \u00e0 <a href=\"https:\/\/moncompte.actu.fr\" title=\"D\u00e9couvez Mon Actu\" rel=\"nofollow noopener\" data-trk=\"{&quot;cta&quot;:{&quot;action&quot;:&quot;https:\\\/\\\/moncompte.actu.fr&quot;,&quot;category&quot;:&quot;mon compte&quot;,&quot;from&quot;:&quot;article footer&quot;,&quot;name&quot;:&quot;Mon actu&quot;,&quot;type&quot;:&quot;cta&quot;}}\" target=\"_blank\">Mon Actu<\/a>.<\/p>\n","protected":false},"excerpt":{"rendered":"Par M\u00e9r\u00e9va Balin Publi\u00e9 le 26 juil. 2025 \u00e0 19h16 Dans toutes les villes des Yvelines travers\u00e9es par&hellip;\n","protected":false},"author":2,"featured_media":275661,"comment_status":"","ping_status":"","sticky":false,"template":"","format":"standard","meta":{"footnotes":""},"categories":[4],"tags":[11,3542,1011,27,12,25,60,6173,2116],"class_list":{"0":"post-275660","1":"post","2":"type-post","3":"status-publish","4":"format-standard","5":"has-post-thumbnail","7":"category-france","8":"tag-actualites","9":"tag-circulation","10":"tag-fr","11":"tag-france","12":"tag-news","13":"tag-republique-francaise","14":"tag-sports","15":"tag-stationnement","16":"tag-tour-de-france-2025"},"share_on_mastodon":{"url":"https:\/\/pubeurope.com\/@fr\/114920698919383303","error":""},"_links":{"self":[{"href":"https:\/\/www.europesays.com\/fr\/wp-json\/wp\/v2\/posts\/275660","targetHints":{"allow":["GET"]}}],"collection":[{"href":"https:\/\/www.europesays.com\/fr\/wp-json\/wp\/v2\/posts"}],"about":[{"href":"https:\/\/www.europesays.com\/fr\/wp-json\/wp\/v2\/types\/post"}],"author":[{"embeddable":true,"href":"https:\/\/www.europesays.com\/fr\/wp-json\/wp\/v2\/users\/2"}],"replies":[{"embeddable":true,"href":"https:\/\/www.europesays.com\/fr\/wp-json\/wp\/v2\/comments?post=275660"}],"version-history":[{"count":0,"href":"https:\/\/www.europesays.com\/fr\/wp-json\/wp\/v2\/posts\/275660\/revisions"}],"wp:featuredmedia":[{"embeddable":true,"href":"https:\/\/www.europesays.com\/fr\/wp-json\/wp\/v2\/media\/275661"}],"wp:attachment":[{"href":"https:\/\/www.europesays.com\/fr\/wp-json\/wp\/v2\/media?parent=275660"}],"wp:term":[{"taxonomy":"category","embeddable":true,"href":"https:\/\/www.europesays.com\/fr\/wp-json\/wp\/v2\/categories?post=275660"},{"taxonomy":"post_tag","embeddable":true,"href":"https:\/\/www.europesays.com\/fr\/wp-json\/wp\/v2\/tags?post=275660"}],"curies":[{"name":"wp","href":"https:\/\/api.w.org\/{rel}","templated":true}]}}