{"id":275664,"date":"2025-07-26T17:27:09","date_gmt":"2025-07-26T17:27:09","guid":{"rendered":"https:\/\/www.europesays.com\/fr\/275664\/"},"modified":"2025-07-26T17:27:09","modified_gmt":"2025-07-26T17:27:09","slug":"arthur-cazaux-sincline-en-finale-a-kitzbuhel-contre-alexander-bublik","status":"publish","type":"post","link":"https:\/\/www.europesays.com\/fr\/275664\/","title":{"rendered":"Arthur Cazaux s\u2019incline en finale \u00e0 Kitzb\u00fchel contre Alexander Bublik"},"content":{"rendered":"<p>Pour sa premi\u00e8re finale sur le circuit principal, le joueur de 22 ans s\u2019est logiquement inclin\u00e9 face \u00e0 sa b\u00eate noire, t\u00eate de s\u00e9rie 1 du tournoi autrichien.<\/p>\n<p class=\"fig-paragraph\">L\u2019histoire se r\u00e9p\u00e8te\u00a0<a href=\"http:\/\/www.lefigaro.fr\/sports\/tennis\/tennis-cazaux-domine-rinderknech-et-s-offre-une-premiere-finale-sur-le-grand-circuit-20250725\" data-fig-type=\"NewsFlash\" data-gtm-custom-categorie=\"navigation\" data-gtm-custom-action=\"crossclick\" data-gtm-custom-label=\"Contextuel\" data-gtm-event=\"customEventSPE\" data-fig-domain=\"LEFIGARO\" target=\"_blank\" rel=\"noopener\">pour le Montpelli\u00e9rain.\u00a0<\/a>Comme \u00e0 Gstaad, o\u00f9 il avait atteint pour la premi\u00e8re fois le stade des demi-finales, Arthur Cazaux a rendu les armes face \u00e0 Alexander Bublik (6-4, 6-3) samedi en finale \u00e0 Kitzb\u00fchel. Le Kazakh, t\u00eate de s\u00e9rie num\u00e9ro 1 du tournoi autrichien, remporte son troisi\u00e8me tournoi en un mois apr\u00e8s Halle et Gstaad, le septi\u00e8me de sa carri\u00e8re. Le joueur de 28 ans reste la b\u00eate noire sur le circuit pour le jeune Fran\u00e7ais (d\u00e9faites en demies \u00e0 Gstaad et au deuxi\u00e8me tour de Wimbledon 2024).<\/p>\n<p class=\"fig-paragraph\">\u00abC\u2019\u00e9tait ma 14e finale et si tu continues comme \u00e7a, tu finiras forc\u00e9ment par gagner\u00bb, a d\u00e9clar\u00e9 Bublik \u00e0 l\u2019adresse du jeune Fran\u00e7ais. Le 8e de finaliste de l\u2019Open d\u2019Australie 2024, va faire un bond au classement mondial lundi en remontant \u00e0 la 71e place, pour se rapprocher de son meilleur classement (63e en 2024).<\/p>\n","protected":false},"excerpt":{"rendered":"Pour sa premi\u00e8re finale sur le circuit principal, le joueur de 22 ans s\u2019est logiquement inclin\u00e9 face \u00e0&hellip;\n","protected":false},"author":2,"featured_media":275665,"comment_status":"","ping_status":"","sticky":false,"template":"","format":"standard","meta":{"footnotes":""},"categories":[1415],"tags":[4169,1011,27,60,1467],"class_list":{"0":"post-275664","1":"post","2":"type-post","3":"status-publish","4":"format-standard","5":"has-post-thumbnail","7":"category-tennis","8":"tag-atp","9":"tag-fr","10":"tag-france","11":"tag-sports","12":"tag-tennis"},"share_on_mastodon":{"url":"https:\/\/pubeurope.com\/@fr\/114920714557988000","error":""},"_links":{"self":[{"href":"https:\/\/www.europesays.com\/fr\/wp-json\/wp\/v2\/posts\/275664","targetHints":{"allow":["GET"]}}],"collection":[{"href":"https:\/\/www.europesays.com\/fr\/wp-json\/wp\/v2\/posts"}],"about":[{"href":"https:\/\/www.europesays.com\/fr\/wp-json\/wp\/v2\/types\/post"}],"author":[{"embeddable":true,"href":"https:\/\/www.europesays.com\/fr\/wp-json\/wp\/v2\/users\/2"}],"replies":[{"embeddable":true,"href":"https:\/\/www.europesays.com\/fr\/wp-json\/wp\/v2\/comments?post=275664"}],"version-history":[{"count":0,"href":"https:\/\/www.europesays.com\/fr\/wp-json\/wp\/v2\/posts\/275664\/revisions"}],"wp:featuredmedia":[{"embeddable":true,"href":"https:\/\/www.europesays.com\/fr\/wp-json\/wp\/v2\/media\/275665"}],"wp:attachment":[{"href":"https:\/\/www.europesays.com\/fr\/wp-json\/wp\/v2\/media?parent=275664"}],"wp:term":[{"taxonomy":"category","embeddable":true,"href":"https:\/\/www.europesays.com\/fr\/wp-json\/wp\/v2\/categories?post=275664"},{"taxonomy":"post_tag","embeddable":true,"href":"https:\/\/www.europesays.com\/fr\/wp-json\/wp\/v2\/tags?post=275664"}],"curies":[{"name":"wp","href":"https:\/\/api.w.org\/{rel}","templated":true}]}}