{"id":275666,"date":"2025-07-26T17:29:09","date_gmt":"2025-07-26T17:29:09","guid":{"rendered":"https:\/\/www.europesays.com\/fr\/275666\/"},"modified":"2025-07-26T17:29:09","modified_gmt":"2025-07-26T17:29:09","slug":"le-balaton-dangereux-buriram-en-pointilles-liberty-radin","status":"publish","type":"post","link":"https:\/\/www.europesays.com\/fr\/275666\/","title":{"rendered":"Le Balaton dangereux, Buriram en pointill\u00e9s, Liberty radin"},"content":{"rendered":"<p>A propos de monnaie, les teams se sont mis \u00e0 frapper \u00e0 la porte de Dorna pour demander des sous, aujourd&rsquo;hui Liberty l\u00e2che 50% de son flux financier aux \u00e9curies de F1 et \u00e7a fait r\u00eaver la moto ce ruisseau d&rsquo;or. Sauf que dans la moto, les droits TV sont moindres que la F1, il y a aussi moins de TV spectateurs et de spectateurs dans les tribunes, moins de sponsors bref beaucoup moins de monnaie. Et Ezpeleta, qui est toujours le boss, m\u00eame si les ronds ne sont plus les siens qu&rsquo;\u00e0 hauteur de 20%, a envoy\u00e9 balader tout le monde en arguant qu&rsquo;il faut d&rsquo;abord que le MotoGP, ce sport qui pue encore tr\u00e8s fort la l\u00e9gitimit\u00e9 et la passion, se mette en mode marketing total comme la F1&#8230; On l&rsquo;a \u00e9crit, Lin Jarvis est le repr\u00e9sentant de ces messieurs aupr\u00e8s de Dorna, une nouvelle rencontre est pr\u00e9vue en Autriche, qui sera tr\u00e8s suivie chez KTM o\u00f9 le moindre centime additionnel dans les comptes est un bienfait du destin ! Tant qu&rsquo;il y a de vrais GP, qu&rsquo;importe que le paddock;;; sauf s&rsquo;il se transforme en \u00ab<strong> Camp du Drap d&rsquo;Or<\/strong> \u00bb cette r\u00e9ception ultra luxueuse d&rsquo;Henri VIII en France, qui avait ruin\u00e9 Fran\u00e7ois Premier.<\/p>\n","protected":false},"excerpt":{"rendered":"A propos de monnaie, les teams se sont mis \u00e0 frapper \u00e0 la porte de Dorna pour demander&hellip;\n","protected":false},"author":2,"featured_media":275667,"comment_status":"","ping_status":"","sticky":false,"template":"","format":"standard","meta":{"footnotes":""},"categories":[1413],"tags":[17,41508,1755,41507,13366,1011,27,33911,1457,1456,1458,41506,18474,2495,60,8342],"class_list":{"0":"post-275666","1":"post","2":"type-post","3":"status-publish","4":"format-standard","5":"has-post-thumbnail","7":"category-moto","8":"tag-17","9":"tag-balaton","10":"tag-bmw","11":"tag-buriram","12":"tag-dangereux","13":"tag-fr","14":"tag-france","15":"tag-liberty","16":"tag-moto","17":"tag-motocycle","18":"tag-motogp","19":"tag-pas-dargent","20":"tag-razgatlioglu","21":"tag-refugies","22":"tag-sports","23":"tag-wsbk"},"share_on_mastodon":{"url":"https:\/\/pubeurope.com\/@fr\/114920722520082912","error":""},"_links":{"self":[{"href":"https:\/\/www.europesays.com\/fr\/wp-json\/wp\/v2\/posts\/275666","targetHints":{"allow":["GET"]}}],"collection":[{"href":"https:\/\/www.europesays.com\/fr\/wp-json\/wp\/v2\/posts"}],"about":[{"href":"https:\/\/www.europesays.com\/fr\/wp-json\/wp\/v2\/types\/post"}],"author":[{"embeddable":true,"href":"https:\/\/www.europesays.com\/fr\/wp-json\/wp\/v2\/users\/2"}],"replies":[{"embeddable":true,"href":"https:\/\/www.europesays.com\/fr\/wp-json\/wp\/v2\/comments?post=275666"}],"version-history":[{"count":0,"href":"https:\/\/www.europesays.com\/fr\/wp-json\/wp\/v2\/posts\/275666\/revisions"}],"wp:featuredmedia":[{"embeddable":true,"href":"https:\/\/www.europesays.com\/fr\/wp-json\/wp\/v2\/media\/275667"}],"wp:attachment":[{"href":"https:\/\/www.europesays.com\/fr\/wp-json\/wp\/v2\/media?parent=275666"}],"wp:term":[{"taxonomy":"category","embeddable":true,"href":"https:\/\/www.europesays.com\/fr\/wp-json\/wp\/v2\/categories?post=275666"},{"taxonomy":"post_tag","embeddable":true,"href":"https:\/\/www.europesays.com\/fr\/wp-json\/wp\/v2\/tags?post=275666"}],"curies":[{"name":"wp","href":"https:\/\/api.w.org\/{rel}","templated":true}]}}