{"id":275670,"date":"2025-07-26T17:31:11","date_gmt":"2025-07-26T17:31:11","guid":{"rendered":"https:\/\/www.europesays.com\/fr\/275670\/"},"modified":"2025-07-26T17:31:11","modified_gmt":"2025-07-26T17:31:11","slug":"tdf-tour-de-france-wout-van-aert-demain-jespere-que-pogacar-ne-sen-melera-pas","status":"publish","type":"post","link":"https:\/\/www.europesays.com\/fr\/275670\/","title":{"rendered":"TDF. Tour de France &#8211; Wout van Aert : \u00abDemain, j&rsquo;esp\u00e8re que Pogacar ne s&rsquo;en m\u00ealera pas\u00bb"},"content":{"rendered":"<p>Bien qu&rsquo;il ait achev\u00e9 l&rsquo;\u00e9tape avec le groupe maillot jaune \u00e0 plus de 7 minutes du vainqueur du jour, l&rsquo;Australien <strong><a href=\"https:\/\/www.cyclismactu.net\/..\/news-tdf-tour-de-france-kaden-groves-gagner-en-solitaire-sur-tour-c-est-incroyable-89246.html?utm_campaign=post-auto&amp;utm_medium=twitter&amp;utm_source=mashup-cyclismactu\" rel=\"nofollow noopener\" target=\"_blank\">Kaden Groves<\/a><\/strong> (Alpecin-Deceuninck), <strong>Wout van Aert <\/strong>(Team Visma | Lease a Bike) s&rsquo;est montr\u00e9 actif ce samedi lors de la 20e \u00e9tape du <strong><a href=\"https:\/\/www.cyclismactu.net\/..\/news-tdf-tour-de-france-kaden-groves-remporte-20e-etape-beau-coup-de-jordan-jegat-89244.html?utm_campaign=post-auto&amp;utm_medium=twitter&amp;utm_source=mashup-cyclismactu\" rel=\"nofollow noopener\" target=\"_blank\">Tour de France<\/a><\/strong>.\u00a0Pr\u00e9sent dans l&rsquo;\u00e9chapp\u00e9e en d\u00e9but d&rsquo;\u00e9tape, il n\u2019a pas r\u00e9ussi \u00e0 rester dans le bon groupe et a finalement d\u00e9cid\u00e9 de revenir dans le peloton afin de garder des forces pour la derni\u00e8re \u00e9tape dimanche. En effet, avec l&rsquo;ajout des passages \u00e0 Montmartre, le Belge a une \u00e9norme carte \u00e0 jouer, le final lui convenant bien plus qu&rsquo;\u00e0 l&rsquo;accoutum\u00e9e cette ann\u00e9e. Ce sera en tout cas sa derni\u00e8re chance de remporter une \u00e9tape sur cette 112e \u00e9dition de la Grande Boucle.<\/p>\n<p>Vid\u00e9o &#8211; La r\u00e9action de Tadej Pogacar apr\u00e8s la 20e \u00e9tape Lire la suite de l&rsquo;article&#13;<\/p>\n<p>\u00a0<\/p>\n<p>&#13;<br \/>\n\u00ab\u00a0Avec Montmartre, je suis bien plus motiv\u00e9 qu&rsquo;avant\u00a0\u00bb&#13;<\/p>\n<p>Apr\u00e8s l&rsquo;arriv\u00e9e, il est d&rsquo;abord revenu sur cette 20e \u00e9tape : \u00ab\u00a0Dans la premi\u00e8re partie de la course, je n\u2019avais pas les jambes que j\u2019esp\u00e9rais. J\u2019ai essay\u00e9, mais je n\u2019avais pas l\u2019explosivit\u00e9 n\u00e9cessaire pour \u00eatre dans le bon coup. On n\u2019\u00e9tait pas loin derri\u00e8re sur la mont\u00e9e raide, et je savais que la course allait exploser \u00e0 nouveau. J\u2019ai pu accrocher un joli groupe, mais on roulait dans un no man\u2019s land : il y avait plus de coureurs avec un \u00e9quipier devant que de gars pr\u00eats \u00e0 faire le jump.\u00a0Je vais retenter ma chance demain\u00a0\u00bb.<\/p>\n<p>&#13;<\/p>\n<p>Il poursuit ensuite sur ses ambitions, alors que l&rsquo;arriv\u00e9e \u00e0 Paris sera sa derni\u00e8re chance de lever les bras sur le <strong>Tour\u00a0de France<\/strong> cette ann\u00e9e : \u00ab\u00a0Je suis bien plus motiv\u00e9 qu\u2019avant. Je me suis parfois m\u00eal\u00e9 aux sprints massifs, avec un certain succ\u00e8s une fois, mais les autres fois c\u2019\u00e9taient des sprints faciles. L\u00e0, avec Montmartre, c\u2019est une configuration plus type classique, m\u00eame si ce sera une course courte et explosive. Mais c\u2019est un type d\u2019effort qui me convient.\u00a0J\u2019esp\u00e8re que Pogacar ne s\u2019en m\u00ealera pas. Pour \u00eatre honn\u00eate, il ne donne plus l\u2019impression d\u2019\u00eatre tr\u00e8s motiv\u00e9. Mais beaucoup d\u00e9pendra aussi de la m\u00e9t\u00e9o\u00a0\u00bb, conclut-il.<\/p>\n<p>Tour de France &#8211; Classement de la 20\u00e8 \u00e9tape Tour de France &#8211; Classement g\u00e9n\u00e9ral provisoire apr\u00e8s la 20\u00e8 \u00e9tape<\/p>\n","protected":false},"excerpt":{"rendered":"Bien qu&rsquo;il ait achev\u00e9 l&rsquo;\u00e9tape avec le groupe maillot jaune \u00e0 plus de 7 minutes du vainqueur du&hellip;\n","protected":false},"author":2,"featured_media":275671,"comment_status":"","ping_status":"","sticky":false,"template":"","format":"standard","meta":{"footnotes":""},"categories":[1411],"tags":[1154,207,211,1011,27,209,60,210,212,208,213],"class_list":{"0":"post-275670","1":"post","2":"type-post","3":"status-publish","4":"format-standard","5":"has-post-thumbnail","7":"category-cyclisme","8":"tag-cycling","9":"tag-cyclisme","10":"tag-ffc","11":"tag-fr","12":"tag-france","13":"tag-route","14":"tag-sports","15":"tag-tour-de-france","16":"tag-uci","17":"tag-velo","18":"tag-world-tour"},"share_on_mastodon":{"url":"https:\/\/pubeurope.com\/@fr\/114920730392965601","error":""},"_links":{"self":[{"href":"https:\/\/www.europesays.com\/fr\/wp-json\/wp\/v2\/posts\/275670","targetHints":{"allow":["GET"]}}],"collection":[{"href":"https:\/\/www.europesays.com\/fr\/wp-json\/wp\/v2\/posts"}],"about":[{"href":"https:\/\/www.europesays.com\/fr\/wp-json\/wp\/v2\/types\/post"}],"author":[{"embeddable":true,"href":"https:\/\/www.europesays.com\/fr\/wp-json\/wp\/v2\/users\/2"}],"replies":[{"embeddable":true,"href":"https:\/\/www.europesays.com\/fr\/wp-json\/wp\/v2\/comments?post=275670"}],"version-history":[{"count":0,"href":"https:\/\/www.europesays.com\/fr\/wp-json\/wp\/v2\/posts\/275670\/revisions"}],"wp:featuredmedia":[{"embeddable":true,"href":"https:\/\/www.europesays.com\/fr\/wp-json\/wp\/v2\/media\/275671"}],"wp:attachment":[{"href":"https:\/\/www.europesays.com\/fr\/wp-json\/wp\/v2\/media?parent=275670"}],"wp:term":[{"taxonomy":"category","embeddable":true,"href":"https:\/\/www.europesays.com\/fr\/wp-json\/wp\/v2\/categories?post=275670"},{"taxonomy":"post_tag","embeddable":true,"href":"https:\/\/www.europesays.com\/fr\/wp-json\/wp\/v2\/tags?post=275670"}],"curies":[{"name":"wp","href":"https:\/\/api.w.org\/{rel}","templated":true}]}}