{"id":275674,"date":"2025-07-26T17:33:11","date_gmt":"2025-07-26T17:33:11","guid":{"rendered":"https:\/\/www.europesays.com\/fr\/275674\/"},"modified":"2025-07-26T17:33:11","modified_gmt":"2025-07-26T17:33:11","slug":"cyril-hanouna-en-couple-avec-kelly-vedovelli-rififi-entre-les-deux-la-preuve-avec-cette-photo","status":"publish","type":"post","link":"https:\/\/www.europesays.com\/fr\/275674\/","title":{"rendered":"Cyril Hanouna en couple avec Kelly Vedovelli ? Rififi entre les deux, la preuve avec cette photo"},"content":{"rendered":"<p class=\"p1\"><strong>La rumeur persiste.<\/strong> Voil\u00e0 quelques<br \/>\nd\u00e9j\u00e0 temps d\u00e9j\u00e0 que l&rsquo;on pr\u00eate <strong>une idylle \u00e0 Cyril Hanouna<br \/>\net<\/strong> <a href=\"https:\/\/www.closermag.fr\/people\/kelly-vedovelli-bientot-maman-un-journaliste-lui-rentre-dans-le-lard-avec-une-question-cash-3554012\" target=\"_blank\" rel=\"noopener\"><br \/>\nKelly Vedovelli<\/a>. S&rsquo;<strong>ils ne l&rsquo;ont pas confirm\u00e9<\/strong>,<br \/>\nles principaux int\u00e9ress\u00e9s n&rsquo;ont <strong>jamais apport\u00e9 le moindre<br \/>\nd\u00e9menti<\/strong> \u00e0 cette possible histoire d&rsquo;amour qui aurait<br \/>\ncommenc\u00e9 dans les coulisses de Touche Pas \u00e0 Mon Poste. La moindre<br \/>\ninformation concernant l&rsquo;affaire est donc \u00e0 prendre avec des<br \/>\npincettes.<\/p>\n<p class=\"p1\">Alors que l&rsquo;\u00e9t\u00e9 bat son plein, <a href=\"https:\/\/www.closermag.fr\/people\/cyril-hanouna-interrompt-ses-vacances-pour-taper-sur-son-meilleur-ennemi-3566924\" target=\"_blank\" rel=\"noopener\"><br \/>\nCyril Hanouna<\/a> n&rsquo;a s\u00fbrement pas la t\u00eate aux amourettes. Le<br \/>\ntrublion du PAF pr\u00e9pare <strong>sa nouvelle \u00e9mission, Tout beau<br \/>\nTout 9<\/strong>, diffus\u00e9e sur W9 \u00e0 partir de la rentr\u00e9e. Si<br \/>\nplusieurs chroniqueurs de TPMP y reprendront du service, \u00e0 l&rsquo;instar<br \/>\nde Val\u00e9rie Bena\u00efm et Raymond Aabou, beaucoup s&rsquo;interrogent sur<br \/>\n<strong>la participation de Kelly Vedovelli<\/strong>.<\/p>\n<p>Cyril Hanouna et Kelly Vedovelli : y a-t-il de l&rsquo;eau<br \/>\ndans le gaz entre eux ?<\/p>\n<p class=\"p1\"><strong>Une simple photo<\/strong> suffit souvent \u00e0<br \/>\nalimenter th\u00e9ories et rumeurs. La derni\u00e8re en date a \u00e9t\u00e9 post\u00e9e<br \/>\ntout r\u00e9cemment par Kelly Vedovelli <strong>en story sur<br \/>\nInstagram<\/strong>. <a href=\"https:\/\/www.closermag.fr\/people\/kelly-vedovelli-en-couple-a-roland-garros-on-en-sait-enfin-plus-sur-le-mysterieux-inconnu-a-ses-cotes-3553830\" target=\"_blank\" rel=\"noopener\"><br \/>\nL&rsquo;ex-DJ<\/a> y montre <strong>un verre de vin blanc<\/strong> pos\u00e9 \u00e0<br \/>\nc\u00f4t\u00e9 d&rsquo;<strong>un transat sur la plage<\/strong>. \u00ab\u00a0H\u00e2te de<br \/>\n<strong>vous divertir \u00e0 la rentr\u00e9e<\/strong>. Pour le moment, je me<br \/>\nrepose le cerveau et je note\u00a0\u00bb, \u00e9crit-t-elle en l\u00e9gende du<br \/>\nclich\u00e9.<\/p>\n<p class=\"p1\">Le commentaire est moins anodin qu&rsquo;on pourrait ne le<br \/>\npenser. Qu&rsquo;entend-t-elle par \u00ab\u00a0divertir \u00e0 la rentr\u00e9e\u00a0\u00bb ?<br \/>\nS&rsquo;agit-il d&rsquo;<strong>une allusion \u00e0<\/strong> <a href=\"https:\/\/www.telestar.fr\/actu_tv\/tout-beau-tout-9-cette-annonce-fracassante-de-cyril-hanouna-au-coeur-de-lete-1732119\" target=\"_blank\" rel=\"noopener\"><br \/>\nTout beau Tout 9<\/a> <strong>?<\/strong> Le cas \u00e9ch\u00e9ant, pourquoi ne<br \/>\nmentionne-t-elle pas clairement l&rsquo;\u00e9mission ? Ou m\u00eame le trublion du<br \/>\nPAF ? Y a-t-il <strong>du rififi entre les deux ?<\/strong><br \/>\nAttention aux conclusions h\u00e2tives\u2026<\/p>\n<p>Cyril Hanouna : Kelly Vedovelli<br \/>\nsera-t-elle avec lui sur W9 ?<\/p>\n<p class=\"p1\">Cyril Hanouna l&rsquo;avait promis lors de <strong>la<br \/>\nderni\u00e8re de<\/strong> <a href=\"https:\/\/www.telestar.fr\/actu_tv\/arret-de-tpmp-ni-quotidien-ni-c-a-vous-cyril-hanouna-boit-du-petit-lait-1718139\" target=\"_blank\" rel=\"noopener\"><br \/>\nTPMP<\/a> : Kelly Vedovelli \u00ab\u00a0sera <strong>la bienvenue sur [son]<br \/>\nprochain projet<\/strong>\u00ab\u00a0. Interrog\u00e9e par Buzz TV en juin<br \/>\ndernier, la trentenaire laissait planer <strong>le doute sur son<br \/>\navenir<\/strong> aupr\u00e8s de l&rsquo;ex-vedette de C8 : \u00ab\u00a0On l\u2019a toujours<br \/>\nv\u00e9cu au jour le jour. Donc <strong>ce qu\u2019on va faire demain, on<br \/>\nn\u2019est pas au courant<\/strong>\u00ab\u00a0.<\/p>\n<p class=\"p1\">Et de semer le doute : \u00ab\u00a0On s\u2019\u00e9clate l\u00e0-bas, qui<br \/>\nn\u2019aurait pas <strong>envie de retrouver ses copains<\/strong><br \/>\n?\u00a0\u00bb. La porte reste donc ouverte de son c\u00f4t\u00e9, malgr\u00e9 son<br \/>\nretrait de la vie m\u00e9diatique et ses d\u00e9clarations \u00e9nigmatiques.<br \/>\nReste \u00e0 savoir si Cyril Hanouna ajoutera son nom au g\u00e9n\u00e9rique de sa<br \/>\nnouvelle \u00e9mission <a href=\"https:\/\/www.closermag.fr\/people\/cyril-hanouna-sur-w9-a-quelle-heure-quand-et-avec-qui-vous-le-retrouverez-on-sait-enfin-tout-3551244\" target=\"_blank\" rel=\"noopener\"><br \/>\nsur W9<\/a> en septembre.<\/p>\n","protected":false},"excerpt":{"rendered":"La rumeur persiste. Voil\u00e0 quelques d\u00e9j\u00e0 temps d\u00e9j\u00e0 que l&rsquo;on pr\u00eate une idylle \u00e0 Cyril Hanouna et Kelly&hellip;\n","protected":false},"author":2,"featured_media":275675,"comment_status":"","ping_status":"","sticky":false,"template":"","format":"standard","meta":{"footnotes":""},"categories":[1359],"tags":[548,1083,58,59,1011,27,1675,973],"class_list":{"0":"post-275674","1":"post","2":"type-post","3":"status-publish","4":"format-standard","5":"has-post-thumbnail","7":"category-people","8":"tag-article-simple","9":"tag-cyril-hanouna","10":"tag-divertissement","11":"tag-entertainment","12":"tag-fr","13":"tag-france","14":"tag-kelly-vedovelli","15":"tag-people"},"share_on_mastodon":{"url":"https:\/\/pubeurope.com\/@fr\/114920738197861374","error":""},"_links":{"self":[{"href":"https:\/\/www.europesays.com\/fr\/wp-json\/wp\/v2\/posts\/275674","targetHints":{"allow":["GET"]}}],"collection":[{"href":"https:\/\/www.europesays.com\/fr\/wp-json\/wp\/v2\/posts"}],"about":[{"href":"https:\/\/www.europesays.com\/fr\/wp-json\/wp\/v2\/types\/post"}],"author":[{"embeddable":true,"href":"https:\/\/www.europesays.com\/fr\/wp-json\/wp\/v2\/users\/2"}],"replies":[{"embeddable":true,"href":"https:\/\/www.europesays.com\/fr\/wp-json\/wp\/v2\/comments?post=275674"}],"version-history":[{"count":0,"href":"https:\/\/www.europesays.com\/fr\/wp-json\/wp\/v2\/posts\/275674\/revisions"}],"wp:featuredmedia":[{"embeddable":true,"href":"https:\/\/www.europesays.com\/fr\/wp-json\/wp\/v2\/media\/275675"}],"wp:attachment":[{"href":"https:\/\/www.europesays.com\/fr\/wp-json\/wp\/v2\/media?parent=275674"}],"wp:term":[{"taxonomy":"category","embeddable":true,"href":"https:\/\/www.europesays.com\/fr\/wp-json\/wp\/v2\/categories?post=275674"},{"taxonomy":"post_tag","embeddable":true,"href":"https:\/\/www.europesays.com\/fr\/wp-json\/wp\/v2\/tags?post=275674"}],"curies":[{"name":"wp","href":"https:\/\/api.w.org\/{rel}","templated":true}]}}