{"id":275676,"date":"2025-07-26T17:35:12","date_gmt":"2025-07-26T17:35:12","guid":{"rendered":"https:\/\/www.europesays.com\/fr\/275676\/"},"modified":"2025-07-26T17:35:12","modified_gmt":"2025-07-26T17:35:12","slug":"fete-du-livre-de-saint-etienne-180-auteurs-presents","status":"publish","type":"post","link":"https:\/\/www.europesays.com\/fr\/275676\/","title":{"rendered":"F\u00caTE DU LIVRE DE SAINT-\u00c9TIENNE : 180 AUTEURS PRESENTS"},"content":{"rendered":"<p>                <a href=\"https:\/\/cadenceradio.fr\" target=\"_blank\" aria-label=\"Banni\u00e8re Cadence 2025\" rel=\"noopener\"><img loading=\"lazy\" decoding=\"async\" src=\"https:\/\/www.europesays.com\/fr\/wp-content\/uploads\/2025\/07\/Banniere-Cadence-2025-scaled.jpg\" alt=\"\"   width=\"2560\" height=\"738\"\/><\/a><\/p>\n<p>Cette 39e \u00e9dition s\u2019annonce exceptionnelle avec un plateau d\u2019envergure : 180 \u00e9crivains confirmeront leur pr\u00e9sence aux c\u00f4t\u00e9s de 100 maisons d\u2019\u00e9dition, dont une vingtaine d\u2019enseignes st\u00e9phanoises. L\u2019\u00e9v\u00e9nement esp\u00e8re s\u00e9duire pr\u00e8s de 50 000 passionn\u00e9s de litt\u00e9rature.<\/p>\n<p>La romanci\u00e8re fran\u00e7aise Agn\u00e8s Ledig endossera le r\u00f4le de marraine pour cette \u00e9dition. Un choix m\u00fbrement r\u00e9fl\u00e9chi selon Anna Jouchoux, commissaire de la manifestation. Benjamin Lacombe, illustrateur et auteur particuli\u00e8rement appr\u00e9ci\u00e9 du jeune public, parrainera le festival Les Mots en sc\u00e8ne. Cette nomination t\u00e9moigne de la volont\u00e9 d\u2019\u00e9largir l\u2019audience au-del\u00e0 des lecteurs traditionnels.<\/p>\n<p>La programmation s\u2019enrichit \u00e9galement de noms prestigieux : Michel Bussi, Christophe Cazenove (cr\u00e9ateur de la BD Les Sisters), Vincent Maillard, Sylvie Baron, Zola Gordon et Julia Richard compl\u00e8tent cette belle brochette d\u2019invit\u00e9s.<\/p>\n<p>L\u2019identit\u00e9 visuelle de cette \u00e9dition porte la signature de Romain Lubi\u00e8re, artiste st\u00e9phanois. Son \u0153uvre color\u00e9e v\u00e9hicule un message profond d\u2019\u00e9panouissement par la lecture. Les organisateurs ont choisi de maintenir le suspense en r\u00e9v\u00e9lant la programmation compl\u00e8te et la liste exhaustive des auteurs participants au fil de l\u2019\u00e9t\u00e9. Cette strat\u00e9gie de communication \u00e9chelonn\u00e9e permettra de maintenir l\u2019attention du public jusqu\u2019\u00e0 l\u2019ouverture de cette 39e \u00e9dition prometteuse.<\/p>\n","protected":false},"excerpt":{"rendered":"Cette 39e \u00e9dition s\u2019annonce exceptionnelle avec un plateau d\u2019envergure : 180 \u00e9crivains confirmeront leur pr\u00e9sence aux c\u00f4t\u00e9s de&hellip;\n","protected":false},"author":2,"featured_media":275677,"comment_status":"","ping_status":"","sticky":false,"template":"","format":"standard","meta":{"footnotes":""},"categories":[1357],"tags":[1379,58,59,36981,1011,27,1380,3367,4001],"class_list":{"0":"post-275676","1":"post","2":"type-post","3":"status-publish","4":"format-standard","5":"has-post-thumbnail","7":"category-livres","8":"tag-books","9":"tag-divertissement","10":"tag-entertainment","11":"tag-fete-du-livre","12":"tag-fr","13":"tag-france","14":"tag-livres","15":"tag-loire","16":"tag-saint-etienne"},"share_on_mastodon":{"url":"https:\/\/pubeurope.com\/@fr\/114920746356959865","error":""},"_links":{"self":[{"href":"https:\/\/www.europesays.com\/fr\/wp-json\/wp\/v2\/posts\/275676","targetHints":{"allow":["GET"]}}],"collection":[{"href":"https:\/\/www.europesays.com\/fr\/wp-json\/wp\/v2\/posts"}],"about":[{"href":"https:\/\/www.europesays.com\/fr\/wp-json\/wp\/v2\/types\/post"}],"author":[{"embeddable":true,"href":"https:\/\/www.europesays.com\/fr\/wp-json\/wp\/v2\/users\/2"}],"replies":[{"embeddable":true,"href":"https:\/\/www.europesays.com\/fr\/wp-json\/wp\/v2\/comments?post=275676"}],"version-history":[{"count":0,"href":"https:\/\/www.europesays.com\/fr\/wp-json\/wp\/v2\/posts\/275676\/revisions"}],"wp:featuredmedia":[{"embeddable":true,"href":"https:\/\/www.europesays.com\/fr\/wp-json\/wp\/v2\/media\/275677"}],"wp:attachment":[{"href":"https:\/\/www.europesays.com\/fr\/wp-json\/wp\/v2\/media?parent=275676"}],"wp:term":[{"taxonomy":"category","embeddable":true,"href":"https:\/\/www.europesays.com\/fr\/wp-json\/wp\/v2\/categories?post=275676"},{"taxonomy":"post_tag","embeddable":true,"href":"https:\/\/www.europesays.com\/fr\/wp-json\/wp\/v2\/tags?post=275676"}],"curies":[{"name":"wp","href":"https:\/\/api.w.org\/{rel}","templated":true}]}}