{"id":275680,"date":"2025-07-26T17:37:10","date_gmt":"2025-07-26T17:37:10","guid":{"rendered":"https:\/\/www.europesays.com\/fr\/275680\/"},"modified":"2025-07-26T17:37:10","modified_gmt":"2025-07-26T17:37:10","slug":"moins-tu-postes-le-son-plus-tas-de-chances-de-te-faire-les-croises-quand-booba-met-la-pression-a-desire-doue","status":"publish","type":"post","link":"https:\/\/www.europesays.com\/fr\/275680\/","title":{"rendered":"\u00ab\u00a0Moins tu postes le son, plus t\u2019as de chances de te faire les crois\u00e9s\u2026\u00a0\u00bb : quand Booba met la pression \u00e0 D\u00e9sir\u00e9 Dou\u00e9"},"content":{"rendered":"<p class=\"paragraph text_align_left lp-f-body-02\">Booba est le roi de l\u2019agitation sur les r\u00e9seaux sociaux. Apr\u00e8s ses diff\u00e9rends \u00ab clashs \u00bb avec Niska, Freeze Corleone <a href=\"https:\/\/www.leparisien.fr\/faits-divers\/une-enquete-ouverte-pour-harcelement-apres-le-depot-dune-plainte-du-rappeur-gims-contre-booba-19-09-2024-XQEECYNCZRHN7I2E76C5VOQMCE.php\" target=\"_blank\" rel=\"noreferrer nofollow noopener\">ou encore Gims<\/a>. Depuis quelques semaines la rumeur de son retour en studio avec le rappeur Benash, apr\u00e8s plusieurs ann\u00e9es sans collaboration officielle, bruissait.<\/p>\n<p class=\"paragraph text_align_left lp-f-body-02\">Ce vendredi, fin du suspens. <a href=\"https:\/\/www.leparisien.fr\/culture-loisirs\/musique\/elle-veut-son-double-je-vais-la-desire-doue-booba-devoile-un-morceau-en-hommage-au-joueur-du-psg-25-07-2025-JUPMU723AJHVDFJPAUKIJHU6A4.php\" target=\"_blank\" rel=\"noreferrer nofollow noopener\">Le titre \u00ab DD \u00bb a finalement atterri sur toutes les plateformes<\/a> musicales. Un hommage appuy\u00e9 \u00e0 D\u00e9sir\u00e9 Dou\u00e9, nouvelle star du PSG, fra\u00eechement champion d\u2019Europe.<\/p>\n<p class=\"paragraph text_align_left lp-f-body-02\">Le morceau est une hagiographie du joueur form\u00e9 au Stade Rennais. Booba et Benash offrent une pluie de louanges \u00e0 l\u2019international fran\u00e7ais. \u00ab Elle veut son doubl\u00e9, je vais la D\u00e9sir\u00e9 Dou\u00e9 \u00bb, chante par exemple le rappeur boulonnais entre autres paroles du morceau.<\/p>\n<p class=\"title-embed-dailymotion lp-color-text lp-f-subtitle-04\">Vid\u00e9oL\u2019interview de Booba au Parisien : les dessous d\u2019un rare moment de confession avec l\u2019artiste<\/p>\n<p class=\"paragraph text_align_left lp-f-body-02\">Pour les amateurs de rap, il n\u2019aura \u00e9chapp\u00e9 \u00e0 personne que le nouveau chouchou du Parc des Princes a c\u00e9l\u00e9br\u00e9 le triomphe parisien sur le morceau \u00ab Dolce Camara \u00bb de Booba. Une \u00ab passe d\u00e9 \u00bb du titi parisien au Duc de \u00ab Boulbi \u00bb.<\/p>\n<p>\u00ab Elle veut son doubl\u00e9, je vais la D\u00e9sir\u00e9 Dou\u00e9 \u00bb<\/p>\n<p class=\"paragraph text_align_left lp-f-body-02\">D\u00e9sir\u00e9 Dou\u00e9, en vacances m\u00e9rit\u00e9es n\u2019a pas encore r\u00e9agi publiquement au morceau qui lui rend un vibrant hommage.<\/p>\n<p class=\"paragraph text_align_left lp-f-body-02\">Booba qui aimerait voir le morceau exploser les charts en a profit\u00e9 pour lui mettre un petit coup de pression amical. \u00ab On le remerciera jamais assez (\u2026) mais moins tu le postes plus t\u2019as de chances de te faire les crois\u00e9s\u2026 Apr\u00e8s j\u2019dis \u00e7a j\u2019dis rien \u00bb, a-t-il \u00e9crit sur son compte Instagram.<\/p>\n<blockquote class=\"twitter-tweet\">\n<p lang=\"fr\" dir=\"ltr\">\u00ab\u00a0\ud835\udde0\ud835\udde2\ud835\udddc\ud835\udde1\ud835\udde6 \ud835\udde7\ud835\udde8 \ud835\udde3\ud835\udde2\ud835\udde6\ud835\udde7\ud835\uddd8\ud835\udde6 \ud835\udddf\ud835\uddd8 \ud835\udde6\ud835\udde2\ud835\udde1, \ud835\udde3\ud835\udddf\ud835\udde8\ud835\udde6 \ud835\udde7\u2019\ud835\uddd4\ud835\udde6 \ud835\uddd7\ud835\uddd8 \ud835\uddd6\ud835\udddb\ud835\uddd4\ud835\udde1\ud835\uddd6\ud835\uddd8\ud835\udde6 \ud835\uddd7\ud835\uddd8 \ud835\udde7\ud835\uddd8 \ud835\uddd9\ud835\uddd4\ud835\udddc\ud835\udde5\ud835\uddd8 \ud835\udddf\ud835\uddd8\ud835\udde6 \ud835\uddd6\ud835\udde5\ud835\udde2\ud835\udddc\ud835\udde6\ud835\uddd8\u0301\ud835\udde6.\u00a0\u2620\ufe0f [\u2026]<a href=\"https:\/\/twitter.com\/hashtag\/vraisoldatpeutmarcherseul?src=hash&amp;ref_src=twsrc%5Etfw\" rel=\"nofollow noopener\" target=\"_blank\">#vraisoldatpeutmarcherseul<\/a> \u00bb<\/p>\n<p>Quand Booba envoie une petite pression \u00e0 D\u00e9sir\u00e9 Dou\u00e9 \ud83c\uddeb\ud83c\uddf7 pour qu\u2019il partage son nouveau son avec Benash. \ud83d\ude2d<\/p>\n<p>\ud83d\udcf2 IG <a href=\"https:\/\/t.co\/G6fsIf7CdO\" rel=\"nofollow\">pic.twitter.com\/G6fsIf7CdO<\/a><\/p>\n<p>\u2014 Actu Foot (@ActuFoot_) <a href=\"https:\/\/twitter.com\/ActuFoot_\/status\/1949046422218698958?ref_src=twsrc%5Etfw\" rel=\"nofollow noopener\" target=\"_blank\">July 26, 2025<\/a><\/p><\/blockquote>\n<p class=\"paragraph text_align_left lp-f-body-02\">\u00ab DD \u00bb, n\u2019a pour l\u2019instant pas r\u00e9agi \u00e0 cette invitation au \u00ab partage \u00bb. Le morceau quant \u00e0 lui marque le retour sur le terrain du duo Booba-Benash. L\u2019histoire dira s\u2019ils ram\u00e8neront un disque d\u2019or \u00e0 la maison.<\/p>\n<p><script async src=\"https:\/\/platform.twitter.com\/widgets.js\" charset=\"utf-8\"><\/script><\/p>\n","protected":false},"excerpt":{"rendered":"Booba est le roi de l\u2019agitation sur les r\u00e9seaux sociaux. Apr\u00e8s ses diff\u00e9rends \u00ab clashs \u00bb avec Niska,&hellip;\n","protected":false},"author":2,"featured_media":275681,"comment_status":"","ping_status":"","sticky":false,"template":"","format":"standard","meta":{"footnotes":""},"categories":[1355],"tags":[872,58,59,1011,27,1361,873,60],"class_list":{"0":"post-275680","1":"post","2":"type-post","3":"status-publish","4":"format-standard","5":"has-post-thumbnail","7":"category-musique","8":"tag-culture-et-loisirs","9":"tag-divertissement","10":"tag-entertainment","11":"tag-fr","12":"tag-france","13":"tag-music","14":"tag-musique","15":"tag-sports"},"share_on_mastodon":{"url":"https:\/\/pubeurope.com\/@fr\/114920753998241043","error":""},"_links":{"self":[{"href":"https:\/\/www.europesays.com\/fr\/wp-json\/wp\/v2\/posts\/275680","targetHints":{"allow":["GET"]}}],"collection":[{"href":"https:\/\/www.europesays.com\/fr\/wp-json\/wp\/v2\/posts"}],"about":[{"href":"https:\/\/www.europesays.com\/fr\/wp-json\/wp\/v2\/types\/post"}],"author":[{"embeddable":true,"href":"https:\/\/www.europesays.com\/fr\/wp-json\/wp\/v2\/users\/2"}],"replies":[{"embeddable":true,"href":"https:\/\/www.europesays.com\/fr\/wp-json\/wp\/v2\/comments?post=275680"}],"version-history":[{"count":0,"href":"https:\/\/www.europesays.com\/fr\/wp-json\/wp\/v2\/posts\/275680\/revisions"}],"wp:featuredmedia":[{"embeddable":true,"href":"https:\/\/www.europesays.com\/fr\/wp-json\/wp\/v2\/media\/275681"}],"wp:attachment":[{"href":"https:\/\/www.europesays.com\/fr\/wp-json\/wp\/v2\/media?parent=275680"}],"wp:term":[{"taxonomy":"category","embeddable":true,"href":"https:\/\/www.europesays.com\/fr\/wp-json\/wp\/v2\/categories?post=275680"},{"taxonomy":"post_tag","embeddable":true,"href":"https:\/\/www.europesays.com\/fr\/wp-json\/wp\/v2\/tags?post=275680"}],"curies":[{"name":"wp","href":"https:\/\/api.w.org\/{rel}","templated":true}]}}