{"id":275684,"date":"2025-07-26T17:39:09","date_gmt":"2025-07-26T17:39:09","guid":{"rendered":"https:\/\/www.europesays.com\/fr\/275684\/"},"modified":"2025-07-26T17:39:09","modified_gmt":"2025-07-26T17:39:09","slug":"ces-responsables-politiques-qui-detournent-lattention-des-vrais-risques-du-cancer","status":"publish","type":"post","link":"https:\/\/www.europesays.com\/fr\/275684\/","title":{"rendered":"Ces responsables politiques qui d\u00e9tournent l\u2019attention des VRAIS risques du cancer"},"content":{"rendered":"<p>P\u00e9tition anti loi Duplomb<\/p>\n<p>Alors que la loi Duplomb ravive l\u2019angoisse des pesticides dans l\u2019alimentation, le canc\u00e9rologue J\u00e9r\u00f4me Barri\u00e8re appelle \u00e0 une lecture rationnelle des risques sanitaires. Selon lui, les r\u00e9sidus de pesticides ne repr\u00e9sentent qu\u2019un facteur minime dans le d\u00e9veloppement des cancers, loin derri\u00e8re le tabac, l\u2019alcool ou la s\u00e9dentarit\u00e9. Une vision nuanc\u00e9e face \u00e0 une opinion publique trop souvent guid\u00e9e par l\u2019\u00e9motion, la simplification et le sensationnalisme m\u00e9diatique.<\/p>\n","protected":false},"excerpt":{"rendered":"P\u00e9tition anti loi Duplomb Alors que la loi Duplomb ravive l\u2019angoisse des pesticides dans l\u2019alimentation, le canc\u00e9rologue J\u00e9r\u00f4me&hellip;\n","protected":false},"author":2,"featured_media":275685,"comment_status":"","ping_status":"","sticky":false,"template":"","format":"standard","meta":{"footnotes":""},"categories":[10],"tags":[41509,327,101,41510,1011,27,72,25754,2091,71],"class_list":{"0":"post-275684","1":"post","2":"type-post","3":"status-publish","4":"format-standard","5":"has-post-thumbnail","7":"category-sante","8":"tag-acetamipride","9":"tag-agriculture","10":"tag-cancer","11":"tag-facteur-unique","12":"tag-fr","13":"tag-france","14":"tag-health","15":"tag-loi-duplomb","16":"tag-pesticides","17":"tag-sante"},"share_on_mastodon":{"url":"https:\/\/pubeurope.com\/@fr\/114920761803935336","error":""},"_links":{"self":[{"href":"https:\/\/www.europesays.com\/fr\/wp-json\/wp\/v2\/posts\/275684","targetHints":{"allow":["GET"]}}],"collection":[{"href":"https:\/\/www.europesays.com\/fr\/wp-json\/wp\/v2\/posts"}],"about":[{"href":"https:\/\/www.europesays.com\/fr\/wp-json\/wp\/v2\/types\/post"}],"author":[{"embeddable":true,"href":"https:\/\/www.europesays.com\/fr\/wp-json\/wp\/v2\/users\/2"}],"replies":[{"embeddable":true,"href":"https:\/\/www.europesays.com\/fr\/wp-json\/wp\/v2\/comments?post=275684"}],"version-history":[{"count":0,"href":"https:\/\/www.europesays.com\/fr\/wp-json\/wp\/v2\/posts\/275684\/revisions"}],"wp:featuredmedia":[{"embeddable":true,"href":"https:\/\/www.europesays.com\/fr\/wp-json\/wp\/v2\/media\/275685"}],"wp:attachment":[{"href":"https:\/\/www.europesays.com\/fr\/wp-json\/wp\/v2\/media?parent=275684"}],"wp:term":[{"taxonomy":"category","embeddable":true,"href":"https:\/\/www.europesays.com\/fr\/wp-json\/wp\/v2\/categories?post=275684"},{"taxonomy":"post_tag","embeddable":true,"href":"https:\/\/www.europesays.com\/fr\/wp-json\/wp\/v2\/tags?post=275684"}],"curies":[{"name":"wp","href":"https:\/\/api.w.org\/{rel}","templated":true}]}}