{"id":275692,"date":"2025-07-26T17:43:26","date_gmt":"2025-07-26T17:43:26","guid":{"rendered":"https:\/\/www.europesays.com\/fr\/275692\/"},"modified":"2025-07-26T17:43:26","modified_gmt":"2025-07-26T17:43:26","slug":"la-renault-5-tient-tete-a-volkswagen-en-europe","status":"publish","type":"post","link":"https:\/\/www.europesays.com\/fr\/275692\/","title":{"rendered":"La Renault 5 tient t\u00eate \u00e0 Volkswagen en Europe"},"content":{"rendered":"<p>Tesla fait couler beaucoup d\u2019encre en occupant de nouveau la t\u00eate du classement. Un autre mod\u00e8le a cependant attir\u00e9 notre attention dans ce classement du mois de juin\u00a0: la Renault 5.<\/p>\n<p>La Renault 5 E-Tech confirme son bon d\u00e9marrage. En juin, elle s\u2019est hiss\u00e9e devant les Volkswagen ID.3 et ID.4 dans le classement europ\u00e9en des voitures \u00e9lectriques, selon les <a href=\"https:\/\/www.jato.com\/resources\/media-and-press-releases\/chinese-car-brands-continue-their-ascent-outselling-mercedes-in-june-and-ford-in-h1\" target=\"_blank\" rel=\"noopener\">donn\u00e9es publi\u00e9es par JATO<\/a>. Un r\u00e9sultat remarquable sur un march\u00e9 europ\u00e9en, o\u00f9 les surprises s\u2019encha\u00eenent depuis le d\u00e9but d\u2019ann\u00e9e.<\/p>\n<p>Le net ralentissement de Tesla en d\u00e9but d\u2019ann\u00e9e avait relanc\u00e9 un peu la comp\u00e9tition. Une opportunit\u00e9 que le groupe Volkswagen a saisie pour occuper la t\u00eate du classement. En juin, Tesla siffle la fin de la r\u00e9cr\u00e9ation.<\/p>\n<p>Renault 5\u00a0: un succ\u00e8s qui ne se limite pas \u00e0 la France<\/p>\n<p>Cela fait plusieurs mois que la <a href=\"https:\/\/www.numerama.com\/voitures\/5-e-tech\/\" data-type=\"electric-cars\" data-id=\"1576162\" target=\"_blank\" rel=\"noopener\">Renault 5<\/a> creuse son trou dans le haut du classement sans faiblir. \u00c0 la diff\u00e9rence d\u2019une <a href=\"https:\/\/www.numerama.com\/voitures\/e-c3\/\" data-type=\"electric-cars\" data-id=\"1534656\" target=\"_blank\" rel=\"noopener\">Citro\u00ebn \u00eb-C3<\/a> qui fait le yoyo en fonction des mois en Europe, le mod\u00e8le de Renault est assez constant. Pourtant, la citadine n\u2019\u00e9tait pas encore livr\u00e9e dans sa version la plus abordable \u00e0 25 000\u20ac, mais celle-ci ne sera probablement jamais la plus demand\u00e9e.<\/p>\n<p><a href=\"https:\/\/www.numerama.com\/wp-content\/uploads\/2025\/01\/coty-renault5.jpg\" target=\"_blank\" rel=\"noopener\"><img decoding=\"async\" width=\"1024\" height=\"576\" loading=\"lazy\" alt=\"Renault 5 e-tech voiture de l'ann\u00e9e 2025  \/\/ Source : capture live car of the year\" title=\"Renault 5 e-tech voiture de l'ann\u00e9e 2025  \/\/ Source : capture live car of the year\" class=\"wp-image-1880370 placeholder-default wp-image\" src=\"https:\/\/www.europesays.com\/fr\/wp-content\/uploads\/2025\/07\/coty-renault5-1024x576.jpg\" \/><\/a>Renault 5 e-tech voiture de l\u2019ann\u00e9e 2025  \/\/ Source : <a target=\"_blank\" href=\"https:\/\/www.youtube.com\/watch?v=w5Tfe8J_6Ok\" rel=\"noopener\">capture live car of the year<\/a><\/p>\n<p>De plus, cette bonne position au classement ne repose pas uniquement sur ses ventes en France. Bien s\u00fbr, elle cartonne dans l\u2019Hexagone, mais elle arrive \u00e0 s\u00e9duire au-del\u00e0 de nos fronti\u00e8res. Les volumes progressent en Allemagne, en Espagne, et m\u00eame sur d\u2019autres march\u00e9s. La France repr\u00e9sente quand m\u00eame 41 % des immatriculations de la R5 en juin, et 46 % depuis le d\u00e9but d\u2019ann\u00e9e 2025. C\u2019est \u00e0 peu de choses pr\u00e8s la m\u00eame r\u00e9partition.<\/p>\n<p>Le retour de Tesla, y compris pour Model 3<\/p>\n<p>Alors que les immatriculations du <a href=\"https:\/\/www.numerama.com\/voitures\/model-y-2025\/\" data-type=\"electric-cars\" data-id=\"1880040\" target=\"_blank\" rel=\"noopener\">Tesla Model Y<\/a> \u00e9taient encore loin de leur niveau de 2024 sur le semestre, la marque a finalement repris ce m\u00eame niveau en juin. L\u2019<a href=\"https:\/\/www.numerama.com\/vroom\/1998449-tesla-recupere-sa-couronne-de-la-voiture-electrique-la-plus-vendue-en-europe-en-mai.html\" target=\"_blank\" rel=\"noopener\">arriv\u00e9e de la production des versions les plus accessibles<\/a> (Propulsion et Propulsion Grande Autonomie) change clairement la donne pour le constructeur am\u00e9ricain.<\/p>\n<p>Le Model Y atteint 23 821 livraisons en juin 2025, soit environ 13 000 v\u00e9hicules de plus que le second du classement europ\u00e9en, qui s\u2019av\u00e8re \u00eatre, pour notre plus grande surprise, la <a href=\"https:\/\/www.numerama.com\/voitures\/model-3-2023\/\" data-type=\"electric-cars\" data-id=\"1488744\" target=\"_blank\" rel=\"noopener\">Tesla Model 3<\/a> avec 10 849 exemplaires. M\u00eame si ce dernier chiffre est en retrait de 48 % par rapport \u00e0 2024, c\u2019est un retour fracassant, bien aid\u00e9 par des remises dans plusieurs pays.<\/p>\n<p><a href=\"https:\/\/www.numerama.com\/wp-content\/uploads\/2025\/04\/tesla-gigafactory-berlin-model-y.jpg\" target=\"_blank\" rel=\"noopener\"><img decoding=\"async\" width=\"1024\" height=\"576\" loading=\"lazy\" alt=\"Livraisons de Tesla Model Y \u00e0 la Gigafactory de Berlin \/\/ Source : Tesla\" title=\"Livraisons de Tesla Model Y \u00e0 la Gigafactory de Berlin \/\/ Source : Tesla\" class=\"wp-image-1956809 placeholder-default wp-image\" src=\"https:\/\/www.europesays.com\/fr\/wp-content\/uploads\/2025\/07\/tesla-gigafactory-berlin-model-y-1024x576.jpg\" \/><\/a>Livraisons de Tesla Model Y \u00e0 la Gigafactory de Berlin \/\/ Source : <a target=\"_blank\" href=\"https:\/\/digitalassets.tesla.com\/tesla-contents\/image\/upload\/IR\/IR\/TSLA-Q1-2025-Update.pdf\" rel=\"noopener\">Tesla<\/a><\/p>\n<p>Sur le premier semestre, Tesla termine avec une baisse de 33 %, ce qui est <a href=\"https:\/\/www.numerama.com\/vroom\/1899358-tesla-victime-dun-boycott-europeen-que-disent-vraiment-les-chiffres.html\" target=\"_blank\" rel=\"noopener\">bien loin du boycott annonc\u00e9<\/a> un peu trop h\u00e2tivement par certains m\u00e9dias. Il reste \u00e0 observer si les volumes vont se maintenir sur les prochains mois, ou si le souffl\u00e9 va s\u2019\u00e9craser en sortant du four.<\/p>\n<p>Le groupe Volkswagen reste en grande forme<\/p>\n<p>Le <a href=\"https:\/\/www.numerama.com\/voitures\/elroq\/\" data-type=\"electric-cars\" data-id=\"1895646\" target=\"_blank\" rel=\"noopener\">Skoda Elroq<\/a> continue \u00e0 <a href=\"https:\/\/www.numerama.com\/vroom\/1977157-tesla-relegue-hors-du-top-10-des-marques-de-voitures-electriques-en-europe-qui-en-profite.html\" target=\"_blank\" rel=\"noopener\">s\u2019accrocher au podium des ventes<\/a> de v\u00e9hicules \u00e9lectriques en Europe. Avec encore 9 679 unit\u00e9s en juin, le mod\u00e8le tch\u00e8que grimpe progressivement dans le classement cumul\u00e9. Il appara\u00eet d\u2019ailleurs juste derri\u00e8re la Renault 5 \u00e0 la fin de ce premier semestre\u00a0: 34 206 pour la Renault 5 et 34 076 pour l\u2019Elroq, qui talonne le mod\u00e8le fran\u00e7ais et va certainement le doubler d\u00e8s le mois prochain.<\/p>\n<p><a href=\"https:\/\/www.numerama.com\/wp-content\/uploads\/2025\/07\/skoda-elroq-essai8.jpg\" target=\"_blank\" rel=\"noopener\"><img decoding=\"async\" width=\"1024\" height=\"576\" loading=\"lazy\" alt=\"Skoda Elroq \u00e0 l'essai \/\/ Source : Raphaelle Baut pour Numerama\" title=\"Skoda Elroq \u00e0 l'essai \/\/ Source : Raphaelle Baut pour Numerama\" class=\"wp-image-2032423 placeholder-default wp-image\" src=\"https:\/\/www.europesays.com\/fr\/wp-content\/uploads\/2025\/07\/skoda-elroq-essai8-1024x576.jpg\" \/><\/a>Skoda Elroq \u00e0 l\u2019essai \/\/ Source : Raphaelle Baut pour Numerama<\/p>\n<p>Les mod\u00e8les <a href=\"https:\/\/www.numerama.com\/voitures\/id-3\/\" data-type=\"electric-cars\" data-id=\"1227434\" target=\"_blank\" rel=\"noopener\">Volkswagen ID.3<\/a> et<a href=\"https:\/\/www.numerama.com\/voitures\/id-4\/\" data-type=\"electric-cars\" data-id=\"1151142\" target=\"_blank\" rel=\"noopener\"> ID.4<\/a> continuent sur leur lanc\u00e9e, m\u00eame si les volumes sont un peu inf\u00e9rieurs sur le mois de juin, compar\u00e9 \u00e0 l\u2019ann\u00e9e derni\u00e8re\u00a0: respectivement -29% (pour ID.3) et -12% (pour ID.4).<\/p>\n<p>Tout cela n\u2019emp\u00eache pas la marque Volkswagen de conserver, pour l\u2019heure, la t\u00eate des constructeurs de voitures \u00e9lectriques sur le cumul annuel. Cela ne durera pas, si Tesla retrouve ses volumes d\u2019avant :<\/p>\n<tr>Marque Volumes de voitures \u00e9lectriques (janvier \u00e0 juin 2025)Variation par rapport \u00e0 2024<\/tr>\n<tr>\n<td>Volkswagen<\/td>\n<td>135 427<\/td>\n<td>+78 %<\/td>\n<\/tr>\n<tr>\n<td>Tesla\u00a0<\/td>\n<td>109 262<\/td>\n<td>-33 %<\/td>\n<\/tr>\n<tr>\n<td>BMW\u00a0<\/td>\n<td>94 658<\/td>\n<td>+15 %<\/td>\n<\/tr>\n<tr>\n<td>Audi<\/td>\n<td>74 561<\/td>\n<td>+53 %<\/td>\n<\/tr>\n<tr>\n<td>Skoda<\/td>\n<td>71 789<\/td>\n<td>+147 %<\/td>\n<\/tr>\n<tr>\n<td>Renault<\/td>\n<td>64 402<\/td>\n<td>+58 %<\/td>\n<\/tr>\n<p>Pour autant, Tesla ne fait pas le poids face au groupe Volkswagen et sa large gamme de marques et mod\u00e8les \u00e9lectriques.<\/p>\n<p>Top 20 des voitures \u00e9lectriques en Europe en juin 2025\u00a0:<\/p>\n<tr>\n<td><strong>Rang<\/strong><\/td>\n<td><strong>Mod\u00e8le<\/strong><\/td>\n<td><strong>Immatriculations Juin<\/strong> <strong>2025<\/strong><\/td>\n<\/tr>\n<tr>\n<td>1<\/td>\n<td>Tesla Model Y<\/td>\n<td>23,821<\/td>\n<\/tr>\n<tr>\n<td>2<\/td>\n<td>Tesla Model 3<\/td>\n<td>10,849<\/td>\n<\/tr>\n<tr>\n<td>3<\/td>\n<td>Skoda Elroq<\/td>\n<td>9,679<\/td>\n<\/tr>\n<tr>\n<td>4<\/td>\n<td>Renault 5<\/td>\n<td>6,919<\/td>\n<\/tr>\n<tr>\n<td>5<\/td>\n<td>Volkswagen ID.3<\/td>\n<td>6,822<\/td>\n<\/tr>\n<tr>\n<td>6<\/td>\n<td>Volkswagen ID.4<\/td>\n<td>6,363<\/td>\n<\/tr>\n<tr>\n<td>7<\/td>\n<td>BMW iX1<\/td>\n<td>6,342<\/td>\n<\/tr>\n<tr>\n<td>8<\/td>\n<td>Volkswagen ID.7<\/td>\n<td>5,773<\/td>\n<\/tr>\n<tr>\n<td>9<\/td>\n<td>Skoda Enyaq<\/td>\n<td>5,686<\/td>\n<\/tr>\n<tr>\n<td>10<\/td>\n<td>Kia EV3<\/td>\n<td>5,211<\/td>\n<\/tr>\n<tr>\n<td>11<\/td>\n<td>BMW i4<\/td>\n<td>4,722<\/td>\n<\/tr>\n<tr>\n<td>12<\/td>\n<td>Audi Q6 e-tron<\/td>\n<td>4,439<\/td>\n<\/tr>\n<tr>\n<td>13<\/td>\n<td>Volvo EX30<\/td>\n<td>4,407<\/td>\n<\/tr>\n<tr>\n<td>14<\/td>\n<td>Mercedes EQA<\/td>\n<td>3,985<\/td>\n<\/tr>\n<tr>\n<td>15<\/td>\n<td>Cupra Born<\/td>\n<td>3,881<\/td>\n<\/tr>\n<tr>\n<td>16<\/td>\n<td>Ford Explorer EV<\/td>\n<td>3,797<\/td>\n<\/tr>\n<tr>\n<td>17<\/td>\n<td>MG4<\/td>\n<td>3,439<\/td>\n<\/tr>\n<tr>\n<td>18<\/td>\n<td>Audi Q4 e-tron<\/td>\n<td>3,391<\/td>\n<\/tr>\n<tr>\n<td>19<\/td>\n<td>Hyundai Inster<\/td>\n<td>3,322<\/td>\n<\/tr>\n<tr>\n<td>20<\/td>\n<td>Dacia Spring<\/td>\n<td>3,266<\/td>\n<\/tr>\n<p class=\"newsletter-headline\">Newsletter <strong style=\"color: #00d195\">Watt Else<\/strong>\n                    <\/p>\n<p class=\"newsletter-title js-newsletter-title\">Vous souhaitez recevoir la newsletter<br \/>\n                        <strong>Watt Else<\/strong> dans votre bo\u00eete mail ?<\/p>\n<p>\n                    Les donn\u00e9es transmises par le biais de ce formulaire sont destin\u00e9es<br \/>\n                    \u00e0 PressTiC Numerama, en sa qualit\u00e9 de responsable de traitement. Ces donn\u00e9es<br \/>\n                    sont trait\u00e9es avec votre consentement aux fins de vous envoyer par e-mail des actualit\u00e9s et<br \/>\n                    informations relatives aux contenus \u00e9ditoriaux publi\u00e9s sur ce site. Vous pouvez vous opposer \u00e0 tout<br \/>\n                    moment \u00e0 ces e-mails en cliquant sur les liens de d\u00e9sinscriptions pr\u00e9sents dans chacun d\u2019eux. Pour<br \/>\n                    plus d\u2019informations, vous pouvez consulter l\u2019int\u00e9gralit\u00e9 de notre <a href=\"https:\/\/www.numerama.com\/politique-donnees-personnelles\" target=\"_blank\" rel=\"noopener\">politique de traitement de vos<br \/>\n                        donn\u00e9es<br \/>\n                        personnelles<\/a>.\n                <\/p>\n<p>\n                    Vous disposez d\u2019un droit d\u2019acc\u00e8s, de rectification, d\u2019effacement, de limitation, de portabilit\u00e9 et<br \/>\n                    d\u2019opposition pour motif l\u00e9gitime aux donn\u00e9es personnelles vous concernant. Pour exercer l\u2019un de ces<br \/>\n                    droits, merci d\u2019effectuer votre demande via notre <a href=\"http:\/\/www.numerama.com\/contact#rgpd\" target=\"_blank\" rel=\"noopener\">formulaire de demandes d\u2019exercices de<br \/>\n                        droits<br \/>\n                        d\u00e9di\u00e9<\/a>.\n                <\/p>\n<p>            <img decoding=\"async\" src=\"https:\/\/www.europesays.com\/fr\/wp-content\/uploads\/2025\/04\/iPhone-16-pro.png\" alt=\"Toute l'actu tech en un clien d'oeil\"\/><\/p>\n<p class=\"card-install-pwa__title\">Toute l&rsquo;actu tech en un clin d&rsquo;\u0153il<\/p>\n<p class=\"card-install-pwa__description\">Ajoutez Numerama \u00e0 votre \u00e9cran d&rsquo;accueil et restez connect\u00e9s au futur !<\/p>\n<p>            <img decoding=\"async\" src=\"https:\/\/www.numerama.com\/wp-content\/themes\/numerama-next\/assets\/images\/premium\/logo-card-pwa-coupe.svg\" alt=\"Logo PWA\"\/><\/p>\n<p>       Installer Numerama<\/p>\n","protected":false},"excerpt":{"rendered":"Tesla fait couler beaucoup d\u2019encre en occupant de nouveau la t\u00eate du classement. Un autre mod\u00e8le a cependant&hellip;\n","protected":false},"author":2,"featured_media":275693,"comment_status":"","ping_status":"","sticky":false,"template":"","format":"standard","meta":{"footnotes":""},"categories":[6],"tags":[35,33,34,1011,27,17495,25589,10651,320,7816],"class_list":{"0":"post-275692","1":"post","2":"type-post","3":"status-publish","4":"format-standard","5":"has-post-thumbnail","7":"category-economie","8":"tag-business","9":"tag-economie","10":"tag-economy","11":"tag-fr","12":"tag-france","13":"tag-immatriculations","14":"tag-marche-automobile","15":"tag-renault","16":"tag-tesla","17":"tag-volkswagen"},"share_on_mastodon":{"url":"https:\/\/pubeurope.com\/@fr\/114920777864403747","error":""},"_links":{"self":[{"href":"https:\/\/www.europesays.com\/fr\/wp-json\/wp\/v2\/posts\/275692","targetHints":{"allow":["GET"]}}],"collection":[{"href":"https:\/\/www.europesays.com\/fr\/wp-json\/wp\/v2\/posts"}],"about":[{"href":"https:\/\/www.europesays.com\/fr\/wp-json\/wp\/v2\/types\/post"}],"author":[{"embeddable":true,"href":"https:\/\/www.europesays.com\/fr\/wp-json\/wp\/v2\/users\/2"}],"replies":[{"embeddable":true,"href":"https:\/\/www.europesays.com\/fr\/wp-json\/wp\/v2\/comments?post=275692"}],"version-history":[{"count":0,"href":"https:\/\/www.europesays.com\/fr\/wp-json\/wp\/v2\/posts\/275692\/revisions"}],"wp:featuredmedia":[{"embeddable":true,"href":"https:\/\/www.europesays.com\/fr\/wp-json\/wp\/v2\/media\/275693"}],"wp:attachment":[{"href":"https:\/\/www.europesays.com\/fr\/wp-json\/wp\/v2\/media?parent=275692"}],"wp:term":[{"taxonomy":"category","embeddable":true,"href":"https:\/\/www.europesays.com\/fr\/wp-json\/wp\/v2\/categories?post=275692"},{"taxonomy":"post_tag","embeddable":true,"href":"https:\/\/www.europesays.com\/fr\/wp-json\/wp\/v2\/tags?post=275692"}],"curies":[{"name":"wp","href":"https:\/\/api.w.org\/{rel}","templated":true}]}}