{"id":275694,"date":"2025-07-26T17:44:10","date_gmt":"2025-07-26T17:44:10","guid":{"rendered":"https:\/\/www.europesays.com\/fr\/275694\/"},"modified":"2025-07-26T17:44:10","modified_gmt":"2025-07-26T17:44:10","slug":"pres-de-3-900-employes-vires-dans-le-cadre-de-la-politique-menee-par-donald-trump","status":"publish","type":"post","link":"https:\/\/www.europesays.com\/fr\/275694\/","title":{"rendered":"Pr\u00e8s de 3.900 employ\u00e9s vir\u00e9s dans le cadre de la politique men\u00e9e par Donald Trump"},"content":{"rendered":"<p>De nombreux employ\u00e9s de la <a href=\"https:\/\/www.20minutes.fr\/sciences\/nasa\/\" class=\"color-ultramarine c-link\" target=\"_blank\" rel=\"noopener\">Nasa<\/a>, l\u2019agence spatiale am\u00e9ricaine, vont faire leurs adieux \u00e0 la prestigieuse organisation. Celle-ci va perdre pr\u00e8s de 3.900 employ\u00e9s dans le cadre de la politique men\u00e9e par Donald Trump de<a href=\"https:\/\/www.20minutes.fr\/monde\/etats-unis\/4151364-20250501-etats-unis-tres-amusant-elon-musk-admet-echec-partiel-doge\" class=\"color-ultramarine c-link\" target=\"_blank\" rel=\"noopener\"> d\u00e9graissage des employ\u00e9s f\u00e9d\u00e9raux<\/a>. Le pr\u00e9sident a pourtant fait des missions habit\u00e9es sur la Lune et Mars une priorit\u00e9.<\/p>\n<p>Dans un communiqu\u00e9 transmis par email, l\u2019agence a fait savoir qu\u2019environ 3.000 personnes ont particip\u00e9 \u00e0 la deuxi\u00e8me vague de son programme de licenciements diff\u00e9r\u00e9s, qui s\u2019est achev\u00e9e vendredi.<\/p>\n<p>De 18.000 \u00e0 14.000 employ\u00e9s<\/p>\n<p>Si l\u2019on ajoute les 870 personnes qui ont particip\u00e9 au premier cycle de ce programme et les d\u00e9parts r\u00e9guliers du personnel, l\u2019agence spatiale am\u00e9ricaine voit ses effectifs passer de 18.000 employ\u00e9s avant l\u2019arriv\u00e9e de Donald Trump au pouvoir fin janvier \u00e0 14.000, soit une baisse de 20\u00a0%.<\/p>\n<\/p>\n<p>Ceux qui ont d\u00e9cid\u00e9 de quitter la Nasa dans le cadre du programme seront plac\u00e9s en cong\u00e9s jusqu\u2019\u00e0 leur date de d\u00e9part. Un porte-parole de l\u2019agence a fait savoir que les chiffres pouvaient sensiblement changer ces prochaines semaines.<\/p>\n<p>\u00ab\u00a0Organisation plus rationalis\u00e9e et efficace\u00a0\u00bb<\/p>\n<p>La Nasa souligne que \u00ab\u00a0la s\u00e9curit\u00e9 reste une priorit\u00e9 absolue\u00a0\u00bb, alors qu\u2019elle cherche \u00ab\u00a0\u00e0 trouver un \u00e9quilibre entre la n\u00e9cessit\u00e9 de devenir une organisation plus rationalis\u00e9e et efficace et celle de rester en pleine capacit\u00e9 de poursuivre un \u00e2ge d\u2019or d\u2019exploration et d\u2019innovation, notamment vers la Lune et <a href=\"https:\/\/www.20minutes.fr\/high-tech\/sciences\/4152833-20250512-mars-combien-temps-atteindre-planete-rouge\" class=\"color-ultramarine c-link\" target=\"_blank\" rel=\"noopener\">Mars\u00a0<\/a>\u00bb.<\/p>\n<p>Plus t\u00f4t cette ann\u00e9e, l\u2019administration Trump a propos\u00e9 un budget de la Nasa centr\u00e9 sur un retour sur la Lune et une mission sur Mars, au d\u00e9triment de programmes scientifiques et climatiques.<\/p>\n<p>Concurrence de la Chine<\/p>\n<p>La Maison-Blanche a dit qu\u2019elle souhaitait \u00ab\u00a0battre la Chine dans la course vers la Lune et envoyer le premier humain sur Mars\u00a0\u00bb. La Chine pr\u00e9voit de r\u00e9aliser son premier alunissage habit\u00e9 d\u2019ici\u00a02030, tandis que le programme am\u00e9ricain, baptis\u00e9 Artemis, conna\u00eet des retards \u00e0 r\u00e9p\u00e9tition.<\/p>\n<p>Donald Trump a nomm\u00e9 d\u00e9but juillet, Sean Duffy, son ministre des Transports, \u00e0 la t\u00eate de l\u2019agence f\u00e9d\u00e9rale, apr\u00e8s avoir propos\u00e9 l\u2019homme d\u2019affaires <a href=\"https:\/\/www.20minutes.fr\/monde\/etats-unis\/4127395-20241205-etats-unis-trump-nomme-milliardaire-pilote-astronaute-prive-nomme-tete-nasa\" class=\"color-ultramarine c-link\" target=\"_blank\" rel=\"noopener\">Jared Isaacman<\/a>, un proche du multimilliardaire Elon Musk, finalement \u00e9cart\u00e9.<\/p>\n","protected":false},"excerpt":{"rendered":"De nombreux employ\u00e9s de la Nasa, l\u2019agence spatiale am\u00e9ricaine, vont faire leurs adieux \u00e0 la prestigieuse organisation. Celle-ci&hellip;\n","protected":false},"author":2,"featured_media":275695,"comment_status":"","ping_status":"","sticky":false,"template":"","format":"standard","meta":{"footnotes":""},"categories":[5],"tags":[47,11,309,75,33,46,257,386,1011,27,14,414,4506,918,74,333,12,4919,28],"class_list":{"0":"post-275694","1":"post","2":"type-post","3":"status-publish","4":"format-standard","5":"has-post-thumbnail","7":"category-international","8":"tag-actualite","9":"tag-actualites","10":"tag-chine","11":"tag-donald-trump","12":"tag-economie","13":"tag-elon-musk","14":"tag-entreprise","15":"tag-espace","16":"tag-fr","17":"tag-france","18":"tag-international","19":"tag-licenciement","20":"tag-lune","21":"tag-mars","22":"tag-monde","23":"tag-nasa","24":"tag-news","25":"tag-president","26":"tag-world"},"share_on_mastodon":{"url":"https:\/\/pubeurope.com\/@fr\/114920781535540939","error":""},"_links":{"self":[{"href":"https:\/\/www.europesays.com\/fr\/wp-json\/wp\/v2\/posts\/275694","targetHints":{"allow":["GET"]}}],"collection":[{"href":"https:\/\/www.europesays.com\/fr\/wp-json\/wp\/v2\/posts"}],"about":[{"href":"https:\/\/www.europesays.com\/fr\/wp-json\/wp\/v2\/types\/post"}],"author":[{"embeddable":true,"href":"https:\/\/www.europesays.com\/fr\/wp-json\/wp\/v2\/users\/2"}],"replies":[{"embeddable":true,"href":"https:\/\/www.europesays.com\/fr\/wp-json\/wp\/v2\/comments?post=275694"}],"version-history":[{"count":0,"href":"https:\/\/www.europesays.com\/fr\/wp-json\/wp\/v2\/posts\/275694\/revisions"}],"wp:featuredmedia":[{"embeddable":true,"href":"https:\/\/www.europesays.com\/fr\/wp-json\/wp\/v2\/media\/275695"}],"wp:attachment":[{"href":"https:\/\/www.europesays.com\/fr\/wp-json\/wp\/v2\/media?parent=275694"}],"wp:term":[{"taxonomy":"category","embeddable":true,"href":"https:\/\/www.europesays.com\/fr\/wp-json\/wp\/v2\/categories?post=275694"},{"taxonomy":"post_tag","embeddable":true,"href":"https:\/\/www.europesays.com\/fr\/wp-json\/wp\/v2\/tags?post=275694"}],"curies":[{"name":"wp","href":"https:\/\/api.w.org\/{rel}","templated":true}]}}