{"id":275700,"date":"2025-07-26T17:47:12","date_gmt":"2025-07-26T17:47:12","guid":{"rendered":"https:\/\/www.europesays.com\/fr\/275700\/"},"modified":"2025-07-26T17:47:12","modified_gmt":"2025-07-26T17:47:12","slug":"saint-etienne-metropole-chouette-triton-herisson-quelles-sont-ces-especes-totems-quil-faut-absolument-preserver","status":"publish","type":"post","link":"https:\/\/www.europesays.com\/fr\/275700\/","title":{"rendered":"Saint-\u00c9tienne M\u00e9tropole. Chouette, triton, h\u00e9risson\u2026 Quelles sont ces esp\u00e8ces \u00ab\u00a0totems\u00a0\u00bb qu&rsquo;il faut absolument pr\u00e9server\u202f?"},"content":{"rendered":"<p>Ils ne sont pas v\u00e9n\u00e9r\u00e9s ni \u00e9rig\u00e9s au rang de divinit\u00e9\u2026 mais particuli\u00e8rement prot\u00e9g\u00e9s.<\/p>\n<p>Le triton alpestre, l\u2019effraie des clochers, le paon du jour et le h\u00e9risson sont les quatre animaux \u00ab totems \u00bb de la m\u00e9tropole st\u00e9phanoise et ils n\u2019ont pas obtenu l\u2019immunit\u00e9 par hasard.<\/p>\n<p>Particuli\u00e8rement embl\u00e9matiques, ces quatre esp\u00e8ces sont pr\u00e9sentes sur quasiment tout le territoire et permettent, si on les pr\u00e9serve, de prot\u00e9ger d\u2019autres animaux.<\/p>\n<p>Elles sont ce qu\u2019on appelle des \u00ab esp\u00e8ces parapluie \u00bb, car les actions mises en place pour leur sauvegarde profitent \u00e9galement \u00e0 la multitude d\u2019animaux qui partagent son habitat.<\/p>\n<p class=\"note\">Source : Atlas de la biodiversit\u00e9 de Saint-\u00c9tienne M\u00e9tropole<\/p>\n<p>Avec sa t\u00eate en forme de c\u0153ur et ses yeux noirs, l\u2019effraie des clochers est facilement&#8230;<\/p>\n","protected":false},"excerpt":{"rendered":"Ils ne sont pas v\u00e9n\u00e9r\u00e9s ni \u00e9rig\u00e9s au rang de divinit\u00e9\u2026 mais particuli\u00e8rement prot\u00e9g\u00e9s. Le triton alpestre, l\u2019effraie&hellip;\n","protected":false},"author":2,"featured_media":275701,"comment_status":"","ping_status":"","sticky":false,"template":"","format":"standard","meta":{"footnotes":""},"categories":[9653],"tags":[1111,11,1867,2430,7539,436,1777,674,1011,27,3367,12,25,4001],"class_list":{"0":"post-275700","1":"post","2":"type-post","3":"status-publish","4":"format-standard","5":"has-post-thumbnail","7":"category-saint-etienne","8":"tag-actu","9":"tag-actualites","10":"tag-animaux","11":"tag-auvergne-rhone-alpes","12":"tag-edition-loire-sud","13":"tag-environnement","14":"tag-eu","15":"tag-europe","16":"tag-fr","17":"tag-france","18":"tag-loire","19":"tag-news","20":"tag-republique-francaise","21":"tag-saint-etienne"},"share_on_mastodon":{"url":"https:\/\/pubeurope.com\/@fr\/114920793340435332","error":""},"_links":{"self":[{"href":"https:\/\/www.europesays.com\/fr\/wp-json\/wp\/v2\/posts\/275700","targetHints":{"allow":["GET"]}}],"collection":[{"href":"https:\/\/www.europesays.com\/fr\/wp-json\/wp\/v2\/posts"}],"about":[{"href":"https:\/\/www.europesays.com\/fr\/wp-json\/wp\/v2\/types\/post"}],"author":[{"embeddable":true,"href":"https:\/\/www.europesays.com\/fr\/wp-json\/wp\/v2\/users\/2"}],"replies":[{"embeddable":true,"href":"https:\/\/www.europesays.com\/fr\/wp-json\/wp\/v2\/comments?post=275700"}],"version-history":[{"count":0,"href":"https:\/\/www.europesays.com\/fr\/wp-json\/wp\/v2\/posts\/275700\/revisions"}],"wp:featuredmedia":[{"embeddable":true,"href":"https:\/\/www.europesays.com\/fr\/wp-json\/wp\/v2\/media\/275701"}],"wp:attachment":[{"href":"https:\/\/www.europesays.com\/fr\/wp-json\/wp\/v2\/media?parent=275700"}],"wp:term":[{"taxonomy":"category","embeddable":true,"href":"https:\/\/www.europesays.com\/fr\/wp-json\/wp\/v2\/categories?post=275700"},{"taxonomy":"post_tag","embeddable":true,"href":"https:\/\/www.europesays.com\/fr\/wp-json\/wp\/v2\/tags?post=275700"}],"curies":[{"name":"wp","href":"https:\/\/api.w.org\/{rel}","templated":true}]}}