{"id":275708,"date":"2025-07-26T17:51:09","date_gmt":"2025-07-26T17:51:09","guid":{"rendered":"https:\/\/www.europesays.com\/fr\/275708\/"},"modified":"2025-07-26T17:51:09","modified_gmt":"2025-07-26T17:51:09","slug":"ollioules-lance-une-invitation-a-lecrivain-boualem-sansal-incarcere-en-algerie","status":"publish","type":"post","link":"https:\/\/www.europesays.com\/fr\/275708\/","title":{"rendered":"Ollioules lance une invitation \u00e0 l\u2019\u00e9crivain Boualem Sansal, incarc\u00e9r\u00e9 en Alg\u00e9rie"},"content":{"rendered":"<p>Nul ne sait si la d\u00e9marche aboutira, mais le geste est tr\u00e8s symbolique. Lors du conseil municipal qui s\u2019est tenu mardi dernier, le maire Robert B\u00e9n\u00e9venti a annonc\u00e9 que la commune allait \u00ab\u00a0adresser une invitation officielle \u00e0 Boualem Sansal pour, s\u2019il est lib\u00e9r\u00e9 d\u2019ici l\u00e0, venir inaugurer notre future m\u00e9diath\u00e8que \u00e0 la rentr\u00e9e 2026\u00a0\u00bb. <\/p>\n<p>Pour m\u00e9moire, l\u2019\u00e9crivain franco-alg\u00e9rien est incarc\u00e9r\u00e9 en Alg\u00e9rie depuis le 16 novembre 2024, quelques semaines apr\u00e8s avoir rappel\u00e9, dans un entretien, que l\u2019Alg\u00e9rie avait h\u00e9rit\u00e9, sous la colonisation fran\u00e7aise, de territoires appartenant jusque-l\u00e0 au Maroc.<\/p>\n<p>Pour ces propos, Boualem Sansal, \u00e2g\u00e9 de 80 ans et souffrant d\u2019un cancer, a \u00e9t\u00e9 condamn\u00e9 le 27 mars 2025 \u00e0 cinq ans de prison ferme; <a href=\"https:\/\/www.nicematin.com\/justice\/l-ecrivain-franco-algerien-boualem-sansal-condamne-a-cinq-ans-de-prison-en-appel-992435\" rel=\"nofollow noopener\" target=\"_blank\">une peine qui a \u00e9t\u00e9 confirm\u00e9e en appel le 1er juillet dernier<\/a>, notamment pour les motifs d'\u00a0\u00bbatteinte \u00e0 l&rsquo;unit\u00e9 nationale\u00a0\u00bb et de \u00ab\u00a0menace \u00e0 la s\u00e9curit\u00e9 et la stabilit\u00e9 du pays\u00a0\u00bb.<\/p>\n<p>Une initiative parmi bien d\u2019autres<\/p>\n<p>Dans l\u2019Hexagone, de tr\u00e8s nombreux soutiens \u00e0 l\u2019\u00e9crivain se sont exprim\u00e9s ces derniers mois.<\/p>\n<p>Et fin juin, plusieurs dizaines de communes et de collectivit\u00e9s fran\u00e7aises ont rejoint l\u2019initiative du Comit\u00e9 de soutien international \u00e0 Boualem Sansal et du maire de Cannes, baptis\u00e9e \u00ab\u00a0Je lis Sansal\u00a0\u00bb, destin\u00e9e \u00e0 faire (re)d\u00e9couvrir l\u2019\u0153uvre de l\u2019\u00e9crivain, et plus largement \u00e0 d\u00e9fendre la libert\u00e9 d\u2019expression, au travers de lectures publiques de ses textes et de la mise en avant de ses \u0153uvres dans les m\u00e9diath\u00e8ques.<\/p>\n<p>Dans le m\u00eame esprit, la d\u00e9marche originale engag\u00e9e \u00e0 Ollioules pourrait donc aussi faire \u00e9cole dans les prochaines semaines.\u00a0<\/p>\n","protected":false},"excerpt":{"rendered":"Nul ne sait si la d\u00e9marche aboutira, mais le geste est tr\u00e8s symbolique. Lors du conseil municipal qui&hellip;\n","protected":false},"author":2,"featured_media":275709,"comment_status":"","ping_status":"","sticky":false,"template":"","format":"standard","meta":{"footnotes":""},"categories":[9619],"tags":[1111,11,1777,674,1011,27,12,882,25,2310,3366],"class_list":{"0":"post-275708","1":"post","2":"type-post","3":"status-publish","4":"format-standard","5":"has-post-thumbnail","7":"category-toulon","8":"tag-actu","9":"tag-actualites","10":"tag-eu","11":"tag-europe","12":"tag-fr","13":"tag-france","14":"tag-news","15":"tag-provence-alpes-cote-dazur","16":"tag-republique-francaise","17":"tag-toulon","18":"tag-vie-locale"},"share_on_mastodon":{"url":"https:\/\/pubeurope.com\/@fr\/114920808989264813","error":""},"_links":{"self":[{"href":"https:\/\/www.europesays.com\/fr\/wp-json\/wp\/v2\/posts\/275708","targetHints":{"allow":["GET"]}}],"collection":[{"href":"https:\/\/www.europesays.com\/fr\/wp-json\/wp\/v2\/posts"}],"about":[{"href":"https:\/\/www.europesays.com\/fr\/wp-json\/wp\/v2\/types\/post"}],"author":[{"embeddable":true,"href":"https:\/\/www.europesays.com\/fr\/wp-json\/wp\/v2\/users\/2"}],"replies":[{"embeddable":true,"href":"https:\/\/www.europesays.com\/fr\/wp-json\/wp\/v2\/comments?post=275708"}],"version-history":[{"count":0,"href":"https:\/\/www.europesays.com\/fr\/wp-json\/wp\/v2\/posts\/275708\/revisions"}],"wp:featuredmedia":[{"embeddable":true,"href":"https:\/\/www.europesays.com\/fr\/wp-json\/wp\/v2\/media\/275709"}],"wp:attachment":[{"href":"https:\/\/www.europesays.com\/fr\/wp-json\/wp\/v2\/media?parent=275708"}],"wp:term":[{"taxonomy":"category","embeddable":true,"href":"https:\/\/www.europesays.com\/fr\/wp-json\/wp\/v2\/categories?post=275708"},{"taxonomy":"post_tag","embeddable":true,"href":"https:\/\/www.europesays.com\/fr\/wp-json\/wp\/v2\/tags?post=275708"}],"curies":[{"name":"wp","href":"https:\/\/api.w.org\/{rel}","templated":true}]}}