{"id":275716,"date":"2025-07-26T17:55:11","date_gmt":"2025-07-26T17:55:11","guid":{"rendered":"https:\/\/www.europesays.com\/fr\/275716\/"},"modified":"2025-07-26T17:55:11","modified_gmt":"2025-07-26T17:55:11","slug":"cet-ete-vous-pouvez-deguster-avec-moderation-un-pastis-cree-pres-de-rouen","status":"publish","type":"post","link":"https:\/\/www.europesays.com\/fr\/275716\/","title":{"rendered":"Cet \u00e9t\u00e9, vous pouvez d\u00e9guster (avec mod\u00e9ration) un pastis cr\u00e9\u00e9 pr\u00e8s de Rouen"},"content":{"rendered":"<p>            Par<br \/>\n        <strong><br \/>\n            <a href=\"https:\/\/actu.fr\/auteur\/isabellevilly\" title=\"Consulter tous les articles de Isabelle Villy\" target=\"_blank\" rel=\"noopener\">Isabelle Villy<\/a><br \/>\n        <\/strong><\/p>\n<p>        Publi\u00e9 le<\/p>\n<p>            26 juil. 2025 \u00e0 17h44        <\/p>\n<p>En 2019, Julien Sevestre <a href=\"https:\/\/actu.fr\/normandie\/franqueville-saint-pierre_76475\/des-gins-des-rhums-et-des-whiskies-100-normands-elabores-pres-de-rouen_38186128.html\" target=\"_blank\" rel=\"noopener\">distillait ses premiers litres de gin<\/a> \u00e0 Franqueville-Saint-Pierre, <strong>pr\u00e8s de Rouen<\/strong>. Depuis, avec sa compagne \u00c9lodie, la soci\u00e9t\u00e9 Franc-Tireur compte une vingtaine de r\u00e9f\u00e9rences de gins, rhums, whiskys et liqueurs toutes identifiables gr\u00e2ce \u00e0 leurs \u00e9tiquettes artistiques. Et maintenant, ils proposent \u00e9galement du pastis.<\/p>\n<p>Une belle croissance pour la distillerie<\/p>\n<p class=\" wall-content\">\u00ab Nous sommes pass\u00e9s de moi tout seul, \u00e0 trois temps pleins et deux alternants. Nous avons fait une belle croissance <strong>de 2 000 bouteilles par an \u00e0 15 000<\/strong> l\u2019ann\u00e9e derni\u00e8re, principalement en Normandie et dans le Grand Ouest, et cela, gr\u00e2ce \u00e0 notre r\u00e9seau de cavistes, \u00e9piceries fines et notre site internet \u00bb, constate Julien Sevestre, qui souligne que la soci\u00e9t\u00e9 travaille aussi avec des chefs \u00e9toil\u00e9s comme Olivier Da Silva de L\u2019Odas \u00e0 Rouen et le Vert Bocage \u00e0 Franqueville-Saint-Pierre, ou encore <a href=\"https:\/\/actu.fr\/normandie\/giverny_27285\/david-gallienne-chef-etoile-dans-leure-conserve-son-etoile-au-guide-michelin_60844074.html\" target=\"_blank\" rel=\"noopener\">David Gallienne<\/a> (vainqueur de Top Chef 2020), et Le Jardin des Plumes \u00e0 Giverny.<\/p>\n<p class=\" wall-content\">Avec son superbe alambic fabriqu\u00e9 dans le P\u00e9rigord, le distillateur s\u2019est fait un nom en passant du grain \u00e0 la bouteille. \u00ab Mais, il y a encore du travail. On y va doucement \u00bb, pr\u00e9vient-il.<\/p>\n<p>Recette pour un pastis, avec une signature normande<\/p>\n<p class=\" wall-content\">Et comme le pastis n\u2019est plus une sp\u00e9cialit\u00e9 uniquement de la C\u00f4te d\u2019Azur, preuve en est avec le Pastis du Verger produit pr\u00e8s de Caen et reconnu cette ann\u00e9e <a href=\"https:\/\/actu.fr\/normandie\/colombelles_14167\/le-meilleur-pastis-du-monde-est-produit-pres-de-caen-et-il-a-un-gout-de-pomme_62810656.html\" target=\"_blank\" rel=\"noopener\">comme le meilleur du monde \u00e0 la Word Drink Award<\/a>, ou encore celui de la Distillerie de la Seine au Havre distill\u00e9 avec l\u2019eau de la source du fleuve, Julien Sevestre a d\u00e9cid\u00e9, il y a deux ans, de \u00ab composer une recette pour <strong>un pastis avec une signature normande<\/strong>. Un pastis qui peut plaire aussi aux femmes \u00bb, annonce-t-il.<\/p>\n<p class=\" wall-content\">Il a d\u2019ailleurs fait appel \u00e0 sa compagne et \u00e0 deux de ses amies lors d\u2019un d\u00e9jeuner. \u00ab Nous ne sommes pas adeptes de cette boisson, et Julien nous a demand\u00e9 quels ingr\u00e9dients \u00e0 ajouter pour avoir un pastis plus f\u00e9minin avec des racines normandes. Aussit\u00f4t, nous lui avons propos\u00e9 la f\u00e8ve de tonka, la fleur de sureau et la verveine citronn\u00e9e \u00bb, d\u00e9taille \u00c9lodie. et Julien Sevestre l\u2019a fait : il a ajout\u00e9 les ingr\u00e9dients\u2026 et le breuvage obtenu a \u00e9t\u00e9 baptis\u00e9 La Triplette, en r\u00e9f\u00e9rence \u00e0 l\u2019anecdote qui a pr\u00e9lud\u00e9 \u00e0 sa cr\u00e9ation.<\/p>\n<p>Et du fenouil du potager<\/p>\n<p class=\" wall-content\">Avec un attrait pour les anis espagnols et l\u2019ouzo grec, \u00ab j\u2019ai imagin\u00e9 un pastis sans les marqueurs forts que sont le sucre, la r\u00e9glisse et la cannelle.<strong> Le but n\u2019\u00e9tait pas de faire une copie du Ricard<\/strong>. Bien entendu, il y a de l\u2019anis \u00e9toil\u00e9, de l\u2019anis vert, mais aussi du fenouil de notre potager, de la fleur de sureau, des f\u00e8ves de tonka et de la verveine citronn\u00e9e sans aucun autre produit \u00bb, pr\u00e9vient Julien Sevestre.<\/p>\n<p>Une belle longueur en bouche<\/p>\n<p class=\" wall-content\">Au final, La Triplette est une boisson fra\u00eeche et sans sucre que l\u2019on sert en glace ou avec un l\u00e9ger trait d\u2019eau et non pas avec cinq volumes. \u00ab Il pla\u00eet beaucoup, car il a aussi une belle longueur en bouche \u00bb, ajoute Julien Sevestre.<\/p>\n<p class=\" wall-content\">Disponible dans tout le r\u00e9seau, les amateurs pourront aussi le d\u00e9couvrir lors de la prochaine f\u00eate du ventre, au FENO \u00e0 Rouen ou encore <a href=\"https:\/\/actu.fr\/normandie\/vieux-manoir_76738\/terres-de-jim-2025-la-grande-fete-agricole-promet-un-moment-inoubliable-pres-de-rouen_62188141.html\" target=\"_blank\" rel=\"noopener\">le festival Terres de Jim 2025<\/a>, \u00e0 Vieux-Manoir.<\/p>\n<p>Site : distillerie-franc-tireur.com<\/p>\n<p>L\u2019abus d\u2019alcool est dangereux pour la sant\u00e9, \u00e0 consommer avec mod\u00e9ration.<\/p>\n<p>Suivez l\u2019actualit\u00e9 de Rouen <a href=\"https:\/\/www.whatsapp.com\/channel\/0029VaKfnf99hXF2ddApFB1D\" target=\"_blank\" rel=\"noopener\">sur notre cha\u00eene WhatsApp<\/a> et <a href=\"https:\/\/www.tiktok.com\/@76actu.fr?lang=fr\" target=\"_blank\" rel=\"noopener\">sur notre compte TikTok<\/a><\/p>\n<p class=\" wall-content\">Suivez toute l\u2019actualit\u00e9 de vos villes et m\u00e9dias favoris en vous inscrivant \u00e0 <a href=\"https:\/\/moncompte.actu.fr\" title=\"D\u00e9couvez Mon Actu\" rel=\"nofollow noopener\" data-trk=\"{&quot;cta&quot;:{&quot;action&quot;:&quot;https:\\\/\\\/moncompte.actu.fr&quot;,&quot;category&quot;:&quot;mon compte&quot;,&quot;from&quot;:&quot;article footer&quot;,&quot;name&quot;:&quot;Mon actu&quot;,&quot;type&quot;:&quot;cta&quot;}}\" target=\"_blank\">Mon Actu<\/a>.<\/p>\n<p>                    <script async src=\"\/\/www.tiktok.com\/embed.js\"><\/script><\/p>\n","protected":false},"excerpt":{"rendered":"Par Isabelle Villy Publi\u00e9 le 26 juil. 2025 \u00e0 17h44 En 2019, Julien Sevestre distillait ses premiers litres&hellip;\n","protected":false},"author":2,"featured_media":275717,"comment_status":"","ping_status":"","sticky":false,"template":"","format":"standard","meta":{"footnotes":""},"categories":[9587],"tags":[1111,11,5702,2855,1777,674,1011,27,1757,12,5161,25,9590],"class_list":{"0":"post-275716","1":"post","2":"type-post","3":"status-publish","4":"format-standard","5":"has-post-thumbnail","7":"category-rouen","8":"tag-actu","9":"tag-actualites","10":"tag-alcool","11":"tag-entrepreneuriat","12":"tag-eu","13":"tag-europe","14":"tag-fr","15":"tag-france","16":"tag-insolite","17":"tag-news","18":"tag-normandie","19":"tag-republique-francaise","20":"tag-rouen"},"share_on_mastodon":{"url":"https:\/\/pubeurope.com\/@fr\/114920824910962394","error":""},"_links":{"self":[{"href":"https:\/\/www.europesays.com\/fr\/wp-json\/wp\/v2\/posts\/275716","targetHints":{"allow":["GET"]}}],"collection":[{"href":"https:\/\/www.europesays.com\/fr\/wp-json\/wp\/v2\/posts"}],"about":[{"href":"https:\/\/www.europesays.com\/fr\/wp-json\/wp\/v2\/types\/post"}],"author":[{"embeddable":true,"href":"https:\/\/www.europesays.com\/fr\/wp-json\/wp\/v2\/users\/2"}],"replies":[{"embeddable":true,"href":"https:\/\/www.europesays.com\/fr\/wp-json\/wp\/v2\/comments?post=275716"}],"version-history":[{"count":0,"href":"https:\/\/www.europesays.com\/fr\/wp-json\/wp\/v2\/posts\/275716\/revisions"}],"wp:featuredmedia":[{"embeddable":true,"href":"https:\/\/www.europesays.com\/fr\/wp-json\/wp\/v2\/media\/275717"}],"wp:attachment":[{"href":"https:\/\/www.europesays.com\/fr\/wp-json\/wp\/v2\/media?parent=275716"}],"wp:term":[{"taxonomy":"category","embeddable":true,"href":"https:\/\/www.europesays.com\/fr\/wp-json\/wp\/v2\/categories?post=275716"},{"taxonomy":"post_tag","embeddable":true,"href":"https:\/\/www.europesays.com\/fr\/wp-json\/wp\/v2\/tags?post=275716"}],"curies":[{"name":"wp","href":"https:\/\/api.w.org\/{rel}","templated":true}]}}