{"id":275720,"date":"2025-07-26T17:57:10","date_gmt":"2025-07-26T17:57:10","guid":{"rendered":"https:\/\/www.europesays.com\/fr\/275720\/"},"modified":"2025-07-26T17:57:10","modified_gmt":"2025-07-26T17:57:10","slug":"fontaine-therese-leu-a-celebre-ses-100-ans-a-lehpad-leglantine","status":"publish","type":"post","link":"https:\/\/www.europesays.com\/fr\/275720\/","title":{"rendered":"Fontaine. Th\u00e9r\u00e8se Leu a c\u00e9l\u00e9br\u00e9 ses 100 ans \u00e0 l\u2019Ehpad L\u2019\u00c9glantine"},"content":{"rendered":"<p>Th\u00e9r\u00e8se Leu a c\u00e9l\u00e9br\u00e9 ses 100\u00a0ans \u00e0 l\u2019Ehpad L\u2019\u00c9glantine de Fontaine, le jour de son anniversaire, le mercredi 23\u00a0juillet\u00a02025, en pr\u00e9sence de Sonia Iannello, vice-pr\u00e9sidente du CCAS de Fontaine et conseill\u00e8re municipale d\u00e9l\u00e9gu\u00e9e aux personnes \u00e2g\u00e9es et au maintien \u00e0 domicile, repr\u00e9sentant le maire qui n\u2019a pas pu \u00eatre pr\u00e9sent. Tout s\u2019est d\u00e9roul\u00e9 dans une ambiance de f\u00eate et de gaiet\u00e9 en pr\u00e9sence de son fils et de ses amies.<\/p>\n","protected":false},"excerpt":{"rendered":"Th\u00e9r\u00e8se Leu a c\u00e9l\u00e9br\u00e9 ses 100\u00a0ans \u00e0 l\u2019Ehpad L\u2019\u00c9glantine de Fontaine, le jour de son anniversaire, le mercredi&hellip;\n","protected":false},"author":2,"featured_media":275721,"comment_status":"","ping_status":"","sticky":false,"template":"","format":"standard","meta":{"footnotes":""},"categories":[9566],"tags":[1111,11,2430,112,1777,674,9592,11680,1011,27,2731,108,12,25,104],"class_list":{"0":"post-275720","1":"post","2":"type-post","3":"status-publish","4":"format-standard","5":"has-post-thumbnail","7":"category-grenoble","8":"tag-actu","9":"tag-actualites","10":"tag-auvergne-rhone-alpes","11":"tag-edition-grenoble-agglomeration","12":"tag-eu","13":"tag-europe","14":"tag-fontaine","15":"tag-fontaine-bassin","16":"tag-fr","17":"tag-france","18":"tag-grenoble","19":"tag-isere","20":"tag-news","21":"tag-republique-francaise","22":"tag-societe"},"share_on_mastodon":{"url":"https:\/\/pubeurope.com\/@fr\/114920832923992590","error":""},"_links":{"self":[{"href":"https:\/\/www.europesays.com\/fr\/wp-json\/wp\/v2\/posts\/275720","targetHints":{"allow":["GET"]}}],"collection":[{"href":"https:\/\/www.europesays.com\/fr\/wp-json\/wp\/v2\/posts"}],"about":[{"href":"https:\/\/www.europesays.com\/fr\/wp-json\/wp\/v2\/types\/post"}],"author":[{"embeddable":true,"href":"https:\/\/www.europesays.com\/fr\/wp-json\/wp\/v2\/users\/2"}],"replies":[{"embeddable":true,"href":"https:\/\/www.europesays.com\/fr\/wp-json\/wp\/v2\/comments?post=275720"}],"version-history":[{"count":0,"href":"https:\/\/www.europesays.com\/fr\/wp-json\/wp\/v2\/posts\/275720\/revisions"}],"wp:featuredmedia":[{"embeddable":true,"href":"https:\/\/www.europesays.com\/fr\/wp-json\/wp\/v2\/media\/275721"}],"wp:attachment":[{"href":"https:\/\/www.europesays.com\/fr\/wp-json\/wp\/v2\/media?parent=275720"}],"wp:term":[{"taxonomy":"category","embeddable":true,"href":"https:\/\/www.europesays.com\/fr\/wp-json\/wp\/v2\/categories?post=275720"},{"taxonomy":"post_tag","embeddable":true,"href":"https:\/\/www.europesays.com\/fr\/wp-json\/wp\/v2\/tags?post=275720"}],"curies":[{"name":"wp","href":"https:\/\/api.w.org\/{rel}","templated":true}]}}