{"id":275724,"date":"2025-07-26T17:59:10","date_gmt":"2025-07-26T17:59:10","guid":{"rendered":"https:\/\/www.europesays.com\/fr\/275724\/"},"modified":"2025-07-26T17:59:10","modified_gmt":"2025-07-26T17:59:10","slug":"a-rennes-lavion-pour-nice-doit-laisser-30-passagers-derriere-lui","status":"publish","type":"post","link":"https:\/\/www.europesays.com\/fr\/275724\/","title":{"rendered":"\u00c0 Rennes, l\u2019avion pour Nice doit laisser 30 passagers derri\u00e8re lui"},"content":{"rendered":"<p>L\u2019avion de la compagnie EasyJet effectuant la ligne Nice \u2013 Rennes devait initialement atterrir plus t\u00f4t dans l\u2019apr\u00e8s-midi, et repartir vers Nice vers 16 h. Un probl\u00e8me technique l\u2019a dans un premier temps oblig\u00e9 \u00e0 se poser \u00e0 Nantes pour des v\u00e9rifications. Il a ensuite pu rejoindre Rennes avec deux heures et demie de retard comme le soulignent nos confr\u00e8res d\u2019<a href=\"https:\/\/www.ouest-france.fr\/societe\/faits-divers\/une-partie-des-passagers-dun-vol-rennes-nice-invitee-a-quitter-lavion-pour-permettre-le-decollage-9b00565a-69f3-11f0-b8dc-7402ea9fbf6c\" target=\"_blank\" rel=\"nofollow noopener\">Ouest-France<\/a>. L\u2019un des passagers pas rassur\u00e9 par ces \u00e9v\u00e9nements a alors demand\u00e9 \u00e0 quitter l\u2019appareil. Une op\u00e9ration qui a l\u00e0 encore une nouvelle fois retard\u00e9 le d\u00e9part. L\u2019heure tournant, vers 20 h, c\u2019est l\u2019un des stewards pr\u00e9sents qui a atteint la limite de son temps de travail. R\u00e9sultat, le nombre de personnel \u00e9tant moindre, l\u2019avion avec 180 personnes \u00e0 son bord ne pouvait plus red\u00e9coller avec ce nombre de passagers.<\/p>\n<p>300 \u20ac et frais d\u2019h\u00e9bergement<\/p>\n<p>La solution envisag\u00e9e \u00e9tant de repartir avec 30 personnes en moins, les volontaires n\u2019\u00e9taient pas nombreux \u00e0 r\u00e9pondre \u00e0 l\u2019appel des responsables du vol. La police a, elle, \u00e9t\u00e9 appel\u00e9e pour intervenir sur place alors que les esprits commen\u00e7aient \u00e0 s\u2019\u00e9chauffer dans l\u2019appareil. Finalement, la proposition du versement d\u2019une somme de 300 \u20ac et de la prise en charge des frais d\u2019h\u00e9bergement jusqu\u2019au prochain vol pour Nice a fini par convaincre des candidats. L\u2019avion a pu repartir vers 21 h 50 avec pr\u00e8s de six heures de retard.<\/p>\n","protected":false},"excerpt":{"rendered":"L\u2019avion de la compagnie EasyJet effectuant la ligne Nice \u2013 Rennes devait initialement atterrir plus t\u00f4t dans l\u2019apr\u00e8s-midi,&hellip;\n","protected":false},"author":2,"featured_media":275725,"comment_status":"","ping_status":"","sticky":false,"template":"","format":"standard","meta":{"footnotes":""},"categories":[2821],"tags":[1111,11,829,765,1777,674,1011,27,848,12,584,25],"class_list":{"0":"post-275724","1":"post","2":"type-post","3":"status-publish","4":"format-standard","5":"has-post-thumbnail","7":"category-rennes","8":"tag-actu","9":"tag-actualites","10":"tag-bretagne","11":"tag-en-continu","12":"tag-eu","13":"tag-europe","14":"tag-fr","15":"tag-france","16":"tag-ille-et-vilaine","17":"tag-news","18":"tag-rennes","19":"tag-republique-francaise"},"share_on_mastodon":{"url":"https:\/\/pubeurope.com\/@fr\/114920840435771009","error":""},"_links":{"self":[{"href":"https:\/\/www.europesays.com\/fr\/wp-json\/wp\/v2\/posts\/275724","targetHints":{"allow":["GET"]}}],"collection":[{"href":"https:\/\/www.europesays.com\/fr\/wp-json\/wp\/v2\/posts"}],"about":[{"href":"https:\/\/www.europesays.com\/fr\/wp-json\/wp\/v2\/types\/post"}],"author":[{"embeddable":true,"href":"https:\/\/www.europesays.com\/fr\/wp-json\/wp\/v2\/users\/2"}],"replies":[{"embeddable":true,"href":"https:\/\/www.europesays.com\/fr\/wp-json\/wp\/v2\/comments?post=275724"}],"version-history":[{"count":0,"href":"https:\/\/www.europesays.com\/fr\/wp-json\/wp\/v2\/posts\/275724\/revisions"}],"wp:featuredmedia":[{"embeddable":true,"href":"https:\/\/www.europesays.com\/fr\/wp-json\/wp\/v2\/media\/275725"}],"wp:attachment":[{"href":"https:\/\/www.europesays.com\/fr\/wp-json\/wp\/v2\/media?parent=275724"}],"wp:term":[{"taxonomy":"category","embeddable":true,"href":"https:\/\/www.europesays.com\/fr\/wp-json\/wp\/v2\/categories?post=275724"},{"taxonomy":"post_tag","embeddable":true,"href":"https:\/\/www.europesays.com\/fr\/wp-json\/wp\/v2\/tags?post=275724"}],"curies":[{"name":"wp","href":"https:\/\/api.w.org\/{rel}","templated":true}]}}