{"id":275730,"date":"2025-07-26T18:02:11","date_gmt":"2025-07-26T18:02:11","guid":{"rendered":"https:\/\/www.europesays.com\/fr\/275730\/"},"modified":"2025-07-26T18:02:11","modified_gmt":"2025-07-26T18:02:11","slug":"strasbourg-un-nouveau-festival-de-techno-promet-une-exploration-allant-de-130-a-200-bpm","status":"publish","type":"post","link":"https:\/\/www.europesays.com\/fr\/275730\/","title":{"rendered":"Strasbourg. Un nouveau festival de techno promet une exploration allant de 130 \u00e0 200 BPM"},"content":{"rendered":"<p>Le collectif Bon Vieux Temps (BVT) lance la premi\u00e8re \u00e9dition du Bon Vieux Festival, un \u00ab\u00a0nouvel \u00e9v\u00e9nement d\u00e9di\u00e9 \u00e0 la diversit\u00e9 des musiques \u00e9lectroniques, \u00e0 la f\u00eate et au partage\u00a0\u00bb.<\/p>\n<p>Se d\u00e9roulant les 15 et 16\u00a0ao\u00fbt, le festival prendra place au Club de tir Strasbourg 65, \u00e0 seulement 10 minutes \u00e0 pied de la gare de Strasbourg.<\/p>\n<p>Avec une \u00ab\u00a0programmation 100\u00a0% locale et \u00e9mergente\u00a0\u00bb, l\u2019\u00e9v\u00e9nement mettra en avant la sc\u00e8ne alsacienne \u00e0 travers une large palette de genres\u00a0: <a href=\"https:\/\/www.dna.fr\/economie\/2025\/07\/24\/des-vignerons-organisent-des-raves-pour-rajeunir-leur-clientele\" target=\"_blank\" rel=\"nofollow noopener\">techno<\/a>, hardgroove, acid, trance, hardtechno et hardcore. Le voyage musical promet une exploration allant de 130 \u00e0 200 BPM.<\/p>\n<p>\u00ab\u00a0Tisser des liens entre les acteurs de la sc\u00e8ne locale\u00a0\u00bb<\/p>\n<p>Plus qu\u2019un simple \u00e9v\u00e9nement musical, le Bon Vieux Festival se veut \u00ab\u00a0un lieu d\u2019\u00e9change et de convivialit\u00e9\u00a0\u00bb. Des \u00ab\u00a0stands et ateliers cr\u00e9atifs, un coin chill et un stand de nourriture\u00a0\u00bb seront propos\u00e9s pour permettre aux festivaliers \u00ab\u00a0d\u2019interagir et de profiter pleinement de l\u2019exp\u00e9rience\u00a0\u00bb.<\/p>\n<p>Cet \u00e9v\u00e9nement est le fruit d\u2019une collaboration entre les collectifs locaux Bon Vieux Temps, 31Hertz, RGT Events et Vrij, avec une volont\u00e9 forte de \u00ab\u00a0tisser des liens entre les acteurs de la sc\u00e8ne locale et de m\u00e9langer les publics\u00a0\u00bb.<\/p>\n<p class=\"note\">Informations pratiques\u00a0: les 15 et 16\u00a0ao\u00fbt, 14\u00a0h &#8211; 22\u00a0h\u00a030 chaque jour au Club de tir Strasbourg 65, 25 rue de Koenigshoffen. Tarifs\u00a0: pass 1 jour\u00a0: 8\u00a0\u20ac\/pass 2 jours\u00a0: 14\u00a0\u20ac.<\/p>\n","protected":false},"excerpt":{"rendered":"Le collectif Bon Vieux Temps (BVT) lance la premi\u00e8re \u00e9dition du Bon Vieux Festival, un \u00ab\u00a0nouvel \u00e9v\u00e9nement d\u00e9di\u00e9&hellip;\n","protected":false},"author":2,"featured_media":275731,"comment_status":"","ping_status":"","sticky":false,"template":"","format":"standard","meta":{"footnotes":""},"categories":[2820],"tags":[1111,11,1687,2880,1777,674,107,1011,27,775,873,12,25,640,2879],"class_list":{"0":"post-275730","1":"post","2":"type-post","3":"status-publish","4":"format-standard","5":"has-post-thumbnail","7":"category-strasbourg","8":"tag-actu","9":"tag-actualites","10":"tag-culture-loisirs","11":"tag-edition-strasbourg","12":"tag-eu","13":"tag-europe","14":"tag-fil-info","15":"tag-fr","16":"tag-france","17":"tag-grand-est","18":"tag-musique","19":"tag-news","20":"tag-republique-francaise","21":"tag-strasbourg","22":"tag-strasbourg-ville"},"share_on_mastodon":{"url":"https:\/\/pubeurope.com\/@fr\/114920852247755970","error":""},"_links":{"self":[{"href":"https:\/\/www.europesays.com\/fr\/wp-json\/wp\/v2\/posts\/275730","targetHints":{"allow":["GET"]}}],"collection":[{"href":"https:\/\/www.europesays.com\/fr\/wp-json\/wp\/v2\/posts"}],"about":[{"href":"https:\/\/www.europesays.com\/fr\/wp-json\/wp\/v2\/types\/post"}],"author":[{"embeddable":true,"href":"https:\/\/www.europesays.com\/fr\/wp-json\/wp\/v2\/users\/2"}],"replies":[{"embeddable":true,"href":"https:\/\/www.europesays.com\/fr\/wp-json\/wp\/v2\/comments?post=275730"}],"version-history":[{"count":0,"href":"https:\/\/www.europesays.com\/fr\/wp-json\/wp\/v2\/posts\/275730\/revisions"}],"wp:featuredmedia":[{"embeddable":true,"href":"https:\/\/www.europesays.com\/fr\/wp-json\/wp\/v2\/media\/275731"}],"wp:attachment":[{"href":"https:\/\/www.europesays.com\/fr\/wp-json\/wp\/v2\/media?parent=275730"}],"wp:term":[{"taxonomy":"category","embeddable":true,"href":"https:\/\/www.europesays.com\/fr\/wp-json\/wp\/v2\/categories?post=275730"},{"taxonomy":"post_tag","embeddable":true,"href":"https:\/\/www.europesays.com\/fr\/wp-json\/wp\/v2\/tags?post=275730"}],"curies":[{"name":"wp","href":"https:\/\/api.w.org\/{rel}","templated":true}]}}