{"id":275741,"date":"2025-07-26T18:09:09","date_gmt":"2025-07-26T18:09:09","guid":{"rendered":"https:\/\/www.europesays.com\/fr\/275741\/"},"modified":"2025-07-26T18:09:09","modified_gmt":"2025-07-26T18:09:09","slug":"toulouse-il-setait-fait-connaitre-avec-sa-maison-coloree-ce-collectif-est-de-retour-avec-un-nouveau-projet","status":"publish","type":"post","link":"https:\/\/www.europesays.com\/fr\/275741\/","title":{"rendered":"Toulouse. Il s&rsquo;\u00e9tait fait conna\u00eetre avec sa maison color\u00e9e, ce collectif est de retour avec un nouveau projet"},"content":{"rendered":"<p>            Par<br \/>\n        <strong><br \/>\n            <a href=\"https:\/\/actu.fr\/auteur\/lucie-2\" title=\"Consulter tous les articles de Lucie Fraisse\" target=\"_blank\" rel=\"noopener\">Lucie Fraisse<\/a><br \/>\n        <\/strong><\/p>\n<p>        Publi\u00e9 le<\/p>\n<p>            26 juil. 2025 \u00e0 17h02        <\/p>\n<p>La fameuse <a href=\"https:\/\/actu.fr\/occitanie\/toulouse_31555\/toulouse-vouee-a-etre-detruite-en-juillet-cette-maison-coloree-prolonge-les-festivites_61364020.html\" target=\"_blank\" rel=\"noopener\">maison color\u00e9e<\/a>, situ\u00e9e quartier Saint-Cyprien, \u00e0 <strong>Toulouse<\/strong>, avait \u00e9t\u00e9 l\u2019un des ph\u00e9nom\u00e8nes de l\u2019ann\u00e9e 2024 dans la Ville rose. \u00ab\u00a0Chez Babayaga\u00a0\u00bb, maison d\u2019artistes implant\u00e9e rue de Cugnaux avait fait <strong>l\u2019attraction<\/strong> pendant plusieurs semaines. Une quarantaine d\u2019artistes et de designers avaient transform\u00e9 cette habitation vou\u00e9e \u00e0 la destruction : le projet du collectif <a href=\"https:\/\/saladesupreme.fr\/projets\" target=\"_blank\" rel=\"noopener\">Salade Supr\u00eame<\/a> avait rencontr\u00e9 <strong>un succ\u00e8s fou<\/strong> ! D\u00e8s la fermeture des lieux, l\u2019\u00e9quipe avait annonc\u00e9 avoir <a href=\"https:\/\/actu.fr\/occitanie\/toulouse_31555\/toulouse-bientot-detruite-cette-maison-d-artistes-atypique-connait-un-succes-fou_61552980.html\" target=\"_blank\" rel=\"noopener\">d\u2019autres \u00ab\u00a0projets en pr\u00e9paration\u00a0\u00bb \u00e0 Toulouse<\/a>.\u00a0Et c\u2019est chose faite en cet \u00e9t\u00e9 2025 ! Ce qu\u2019il faut savoir.<\/p>\n<p>Urbanisme transitoire\u00a0<\/p>\n<p class=\" wall-content\">Comme avec la maison de Saint-Cyprien, dont l\u2019existence n\u2019\u00e9tait qu\u2019\u00e9ph\u00e9m\u00e8re, Salade Supr\u00eame investit des lieux atypiques, en partenariat avec l\u2019agence Intercalaire, une coop\u00e9rative toulousaine qui s\u2019est fait une sp\u00e9cialit\u00e9 de l\u2019<strong>occupation temporaire de sites et bureaux inutilis\u00e9s<\/strong>.\u00a0<\/p>\n<p class=\" wall-content\">Cette fois-ci, Salade Supr\u00eame s\u2019est donc install\u00e9 dans <strong>deux lieux d&rsquo;\u00a0\u00bburbanisme de transition\u00a0\u00bb,<\/strong> depuis le dimanche 20 juillet 2025.<\/p>\n<p>Dans un b\u00e2timent vou\u00e9 \u00e0 la destruction\u00a0<br \/>\n    <img   decoding=\"async\" loading=\"lazy\" src=\"https:\/\/www.europesays.com\/fr\/wp-content\/uploads\/2025\/07\/agence-intercalaire-le-timbre-960x640.jpg\" alt=\"L'Agence Intercalaire a fait de ce site qui appartient \u00e0 La Poste un lieu d'urbanisme transitoire, qui accueille de nombreux acteurs associatifs et culturels. \" width=\"960\" height=\"640\"\/><br \/>\n    L\u2019Agence Intercalaire a fait de ce site qui appartient \u00e0 La Poste un lieu d\u2019urbanisme transitoire, qui accueille de nombreux acteurs associatifs et culturels. (\u00a9Agence Intercalaire )<\/p>\n<p class=\" wall-content\">Le premier est situ\u00e9 aux confins des Minimes et de Barri\u00e8re de Paris. <a href=\"https:\/\/actu.fr\/occitanie\/toulouse_31555\/toulouse-dans-cet-immense-batiment-se-cache-un-lieu-bouillonnant-d-activites_62492134.html\" target=\"_blank\" rel=\"noopener\">Le Timbre est un b\u00e2timent de sept \u00e9tages<\/a> qui appartient \u00e0 la Poste Immobilier. Des travaux doivent y d\u00e9buter en 2026, mais en attendant que des logements y voient le jour, des associations et des acteurs culturels s\u2019y sont install\u00e9s depuis plusieurs mois.\u00a0<\/p>\n<p class=\" wall-content\">Le second lieu est dans le <strong>quartier <\/strong>Jolimont. Le bar associatif le Petit Bouillon est situ\u00e9 dans la Bouillonnante, un tiers-lieu de 7500 m\u00b2 qui accueille des structures de l\u2019\u00e9conomie sociale et solidaire, dans les locaux de l\u2019ancienne direction r\u00e9gionale d\u2019Orange.<\/p>\n<p>Ateliers cr\u00e9atifs, performances artistiques\u2026\u00a0<\/p>\n<p class=\" wall-content\"><strong>Tous les dimanches<\/strong> jusqu\u2019\u00e0 la fin du mois d\u2019ao\u00fbt, en alternance dans chacun des deux lieux, le collectif Salade Supr\u00eame propose une programmation vari\u00e9e : ateliers cr\u00e9atifs, performances artistiques, animations participatives, stands associatifs, mais aussi buvette et petite restauration \u00ab\u00a0dans une ambiance festive et bienveillante\u00a0\u00bb.<\/p>\n<blockquote class=\"ac-article-quote wall-content\">\n<p>Les Supr\u00eames Dimanches visent \u00e0 cr\u00e9er du lien entre habitant\u00b7es, artistes, structures culturelles et sociales du quartier.<\/p>\n<p>    <strong>Collectif Salade Supr\u00eame<\/strong>\n            <\/p><\/blockquote>\n<p class=\" wall-content\">L\u2019entr\u00e9e est <strong>libre<\/strong>, les animations sont \u00e0 prix libre.<\/p>\n<p><strong>Infos pratiques :<\/strong><br \/>Le timbre : 169 avenue des Minimes : le 27 juillet, les 10 et 24 ao\u00fbt.<br \/>Le Petit Bouillon :\u00a025 rue du G\u00e9n\u00e9ral Ferri\u00e9, les 3, 17 et 31 ao\u00fbt.\u00a0<\/p>\n<p class=\" wall-content\">Suivez toute l\u2019actualit\u00e9 de vos villes et m\u00e9dias favoris en vous inscrivant \u00e0 <a href=\"https:\/\/moncompte.actu.fr\" title=\"D\u00e9couvez Mon Actu\" rel=\"nofollow noopener\" data-trk=\"{&quot;cta&quot;:{&quot;action&quot;:&quot;https:\\\/\\\/moncompte.actu.fr&quot;,&quot;category&quot;:&quot;mon compte&quot;,&quot;from&quot;:&quot;article footer&quot;,&quot;name&quot;:&quot;Mon actu&quot;,&quot;type&quot;:&quot;cta&quot;}}\" target=\"_blank\">Mon Actu<\/a>.<\/p>\n","protected":false},"excerpt":{"rendered":"Par Lucie Fraisse Publi\u00e9 le 26 juil. 2025 \u00e0 17h02 La fameuse maison color\u00e9e, situ\u00e9e quartier Saint-Cyprien, \u00e0&hellip;\n","protected":false},"author":2,"featured_media":275742,"comment_status":"","ping_status":"","sticky":false,"template":"","format":"standard","meta":{"footnotes":""},"categories":[2816],"tags":[1111,11,1777,674,1011,27,1652,12,2680,25,1341,2312],"class_list":{"0":"post-275741","1":"post","2":"type-post","3":"status-publish","4":"format-standard","5":"has-post-thumbnail","7":"category-toulouse","8":"tag-actu","9":"tag-actualites","10":"tag-eu","11":"tag-europe","12":"tag-fr","13":"tag-france","14":"tag-loisirs-culture","15":"tag-news","16":"tag-occitanie","17":"tag-republique-francaise","18":"tag-sortir-a-toulouse","19":"tag-toulouse"},"share_on_mastodon":{"url":"https:\/\/pubeurope.com\/@fr\/114920879835586009","error":""},"_links":{"self":[{"href":"https:\/\/www.europesays.com\/fr\/wp-json\/wp\/v2\/posts\/275741","targetHints":{"allow":["GET"]}}],"collection":[{"href":"https:\/\/www.europesays.com\/fr\/wp-json\/wp\/v2\/posts"}],"about":[{"href":"https:\/\/www.europesays.com\/fr\/wp-json\/wp\/v2\/types\/post"}],"author":[{"embeddable":true,"href":"https:\/\/www.europesays.com\/fr\/wp-json\/wp\/v2\/users\/2"}],"replies":[{"embeddable":true,"href":"https:\/\/www.europesays.com\/fr\/wp-json\/wp\/v2\/comments?post=275741"}],"version-history":[{"count":0,"href":"https:\/\/www.europesays.com\/fr\/wp-json\/wp\/v2\/posts\/275741\/revisions"}],"wp:featuredmedia":[{"embeddable":true,"href":"https:\/\/www.europesays.com\/fr\/wp-json\/wp\/v2\/media\/275742"}],"wp:attachment":[{"href":"https:\/\/www.europesays.com\/fr\/wp-json\/wp\/v2\/media?parent=275741"}],"wp:term":[{"taxonomy":"category","embeddable":true,"href":"https:\/\/www.europesays.com\/fr\/wp-json\/wp\/v2\/categories?post=275741"},{"taxonomy":"post_tag","embeddable":true,"href":"https:\/\/www.europesays.com\/fr\/wp-json\/wp\/v2\/tags?post=275741"}],"curies":[{"name":"wp","href":"https:\/\/api.w.org\/{rel}","templated":true}]}}