{"id":275743,"date":"2025-07-26T18:10:18","date_gmt":"2025-07-26T18:10:18","guid":{"rendered":"https:\/\/www.europesays.com\/fr\/275743\/"},"modified":"2025-07-26T18:10:18","modified_gmt":"2025-07-26T18:10:18","slug":"lindignite-des-conditions-de-detention-reconnue-par-la-justice","status":"publish","type":"post","link":"https:\/\/www.europesays.com\/fr\/275743\/","title":{"rendered":"\u00ab\u00a0L&rsquo;indignit\u00e9 des conditions de d\u00e9tention\u00a0\u00bb reconnue par la justice"},"content":{"rendered":"<p>            Par<br \/>\n        <strong><br \/>\n            <a href=\"https:\/\/actu.fr\/auteur\/guillaume-laurens\" title=\"Consulter tous les articles de Guillaume Laurens\" target=\"_blank\" rel=\"noopener\">Guillaume Laurens<\/a><br \/>\n        <\/strong><\/p>\n<p>        Publi\u00e9 le<\/p>\n<p>            26 juil. 2025 \u00e0 19h18        <\/p>\n<p>Le juge des r\u00e9f\u00e9r\u00e9s du tribunal administratif de <a href=\"https:\/\/actu.fr\/occitanie\/toulouse_31555\" target=\"_blank\" rel=\"noopener\"><strong>Toulouse<\/strong> <\/a>a reconnu<strong> \u00ab\u00a0l\u2019indignit\u00e9 des conditions de d\u00e9tention\u00a0\u00bb<\/strong> au centre p\u00e9nitentiaire de <strong>Toulouse-Seysses,<\/strong> apr\u00e8s avoir \u00e9t\u00e9 saisi par la branche fran\u00e7aise de l\u2019Observatoire international des prisons (OIP), a indiqu\u00e9 cet organisme samedi 26 juillet 2025. Le point.<\/p>\n<p>12 mesures concr\u00e8tes et imm\u00e9diates\u00a0\u00bb r\u00e9clam\u00e9es<\/p>\n<p class=\" wall-content\">Dans sa d\u00e9cision, rendue vendredi, le juge des r\u00e9f\u00e9r\u00e9s \u00ab\u00a0enjoint l\u2019\u00c9tat de prendre <strong>12 mesures concr\u00e8tes et imm\u00e9diates\u00a0\u00bb,<\/strong> parmi lesquelles \u00ab\u00a0la protection des personnes vuln\u00e9rables, l\u2019am\u00e9lioration de l\u2019hygi\u00e8ne et de la propret\u00e9\u00a0\u00bb, ou encore \u00ab\u00a0la r\u00e9paration des \u00e9quipements essentiels\u00a0\u00bb, pr\u00e9cise l\u2019OIP dans un communiqu\u00e9, avant de se r\u00e9jouit de cette <strong>\u00ab\u00a0victoire juridique\u00a0\u00bb.<\/strong><\/p>\n<blockquote class=\"ac-article-quote wall-content\">\n<p>Cette victoire juridique est un signal fort : face aux atteintes graves et structurelles aux droits fondamentaux, le droit reste un levier de protection.<\/p>\n<p>    <strong>L&rsquo;Observatoire international des prisons<\/strong>\n            <\/p><\/blockquote>\n<p>Surpopulation end\u00e9mique et conditions sanitaires<\/p>\n<p class=\" wall-content\">Un rapport du Contr\u00f4leur g\u00e9n\u00e9ral des lieux de privation de libert\u00e9 (CGLPL), datant du 4 juillet, avait une nouvelle fois alert\u00e9 sur la situation dans cet \u00e9tablissement de l\u2019agglom\u00e9ration de Toulouse, marqu\u00e9e par une <strong>surpopulation end\u00e9mique<\/strong> et des <strong>conditions sanitaires<\/strong> probl\u00e9matiques.<\/p>\n<p>Des conditions \u00ab\u00a0inhumaines et d\u00e9gradantes\u00a0\u00bb<\/p>\n<p class=\" wall-content\">\u00ab\u00a0Alors que cette alerte n\u2019a suscit\u00e9 aucune r\u00e9action de la part du ministre de la Justice, la section fran\u00e7aise de l\u2019Observatoire international des prisons (OIP-SF) et l\u2019A3D (association d\u2019avocats pour la d\u00e9fense des droits des d\u00e9tenus, NDLR) ont <strong>saisi le juge des r\u00e9f\u00e9r\u00e9s<\/strong> du tribunal administratif de Toulouse\u00a0\u00bb, avaient indiqu\u00e9 ces organisations le 16 juillet, d\u00e9non\u00e7ant des \u00ab\u00a0conditions de d\u00e9tention <strong>inhumaines<\/strong> et <strong>d\u00e9gradantes<\/strong>\u00ab\u00a0.<\/p>\n<p>Vid\u00e9os : en ce moment sur Actu1 396 d\u00e9tenus\u2026 pour 743 places<\/p>\n<p class=\" wall-content\">Alors que le centre p\u00e9nitentiaire compte <strong>743 places<\/strong>, les six contr\u00f4leurs qui l\u2019ont visit\u00e9 en avril 2025 ont d\u00e9nombr\u00e9<strong> 1 396 d\u00e9tenus<\/strong>, dont 30 % dorment sur un matelas au sol.<\/p>\n<p class=\" wall-content\"><a href=\"https:\/\/actu.fr\/occitanie\/toulouse_31555\/prison-de-toulouse-seysses-epinglee-des-mesures-d-urgence-pour-repondre-aux-conditions-indignes_45389722.html\" target=\"_blank\" rel=\"noopener\">Lors d\u2019une visite au printemps 2021<\/a>, un nombre important de \u00ab\u00a0dysfonctionnements graves\u00a0\u00bb avaient d\u00e9j\u00e0 \u00e9t\u00e9 list\u00e9s dans ce centre p\u00e9nitentiaire, tout comme lors de la pr\u00e9c\u00e9dente en 2017.<\/p>\n<p class=\" wall-content\">En 2022, la justice administrative avait <strong>ordonn\u00e9 \u00e0 l\u2019\u00c9tat<\/strong> d\u2019y am\u00e9liorer les conditions de d\u00e9tention, jug\u00e9es \u00ab\u00a0indignes\u00a0\u00bb et d\u00e9nonc\u00e9es par des avocats et l\u2019OIP.<\/p>\n<p>Toulouse, champion de France\u2026 de la surpopulation carc\u00e9rale<\/p>\n<p class=\" wall-content\">La direction interr\u00e9gionale des services p\u00e9nitentiaires de Toulouse occupe depuis plusieurs ann\u00e9es le <strong>premier rang<\/strong> m\u00e9tropolitain concernant la <strong>surpopulation<\/strong>. En juin 2025, la densit\u00e9 carc\u00e9rale y \u00e9tait ainsi de <strong>157,1 %,<\/strong> pour une moyenne nationale \u00e0 135 %.<\/p>\n<p>    <a href=\"https:\/\/www.google.com\/maps\/embed?pb=!1m14!1m8!1m3!1d5789.264162504238!2d1.324888!3d43.489148!3m2!1i1024!2i768!4f13.1!3m3!1m2!1s0x12aeb633c39e7e33%3A0x595a51c2d144cc64!2sMaison%20d%27Arr%C3%AAt%20de%20Seysses!5e0!3m2!1sfr!2sfr!4v1753547577812!5m2!1sfr!2sfr\" title=\"Ouvrie le lien\" target=\"_blank\" rel=\"noopener\">Cliquez ici pour visualiser le contenu<\/a><\/p>\n<p class=\" wall-content\">Avec AFP<\/p>\n<p class=\" wall-content\">Suivez toute l\u2019actualit\u00e9 de vos villes et m\u00e9dias favoris en vous inscrivant \u00e0 <a href=\"https:\/\/moncompte.actu.fr\" title=\"D\u00e9couvez Mon Actu\" rel=\"nofollow noopener\" data-trk=\"{&quot;cta&quot;:{&quot;action&quot;:&quot;https:\\\/\\\/moncompte.actu.fr&quot;,&quot;category&quot;:&quot;mon compte&quot;,&quot;from&quot;:&quot;article footer&quot;,&quot;name&quot;:&quot;Mon actu&quot;,&quot;type&quot;:&quot;cta&quot;}}\" target=\"_blank\">Mon Actu<\/a>.<\/p>\n","protected":false},"excerpt":{"rendered":"Par Guillaume Laurens Publi\u00e9 le 26 juil. 2025 \u00e0 19h18 Le juge des r\u00e9f\u00e9r\u00e9s du tribunal administratif de&hellip;\n","protected":false},"author":2,"featured_media":275744,"comment_status":"","ping_status":"","sticky":false,"template":"","format":"standard","meta":{"footnotes":""},"categories":[2816],"tags":[1111,11,1777,674,1011,27,303,12,2680,899,25,104,2312],"class_list":{"0":"post-275743","1":"post","2":"type-post","3":"status-publish","4":"format-standard","5":"has-post-thumbnail","7":"category-toulouse","8":"tag-actu","9":"tag-actualites","10":"tag-eu","11":"tag-europe","12":"tag-fr","13":"tag-france","14":"tag-justice","15":"tag-news","16":"tag-occitanie","17":"tag-prisons","18":"tag-republique-francaise","19":"tag-societe","20":"tag-toulouse"},"share_on_mastodon":{"url":"https:\/\/pubeurope.com\/@fr\/114920883647164673","error":""},"_links":{"self":[{"href":"https:\/\/www.europesays.com\/fr\/wp-json\/wp\/v2\/posts\/275743","targetHints":{"allow":["GET"]}}],"collection":[{"href":"https:\/\/www.europesays.com\/fr\/wp-json\/wp\/v2\/posts"}],"about":[{"href":"https:\/\/www.europesays.com\/fr\/wp-json\/wp\/v2\/types\/post"}],"author":[{"embeddable":true,"href":"https:\/\/www.europesays.com\/fr\/wp-json\/wp\/v2\/users\/2"}],"replies":[{"embeddable":true,"href":"https:\/\/www.europesays.com\/fr\/wp-json\/wp\/v2\/comments?post=275743"}],"version-history":[{"count":0,"href":"https:\/\/www.europesays.com\/fr\/wp-json\/wp\/v2\/posts\/275743\/revisions"}],"wp:featuredmedia":[{"embeddable":true,"href":"https:\/\/www.europesays.com\/fr\/wp-json\/wp\/v2\/media\/275744"}],"wp:attachment":[{"href":"https:\/\/www.europesays.com\/fr\/wp-json\/wp\/v2\/media?parent=275743"}],"wp:term":[{"taxonomy":"category","embeddable":true,"href":"https:\/\/www.europesays.com\/fr\/wp-json\/wp\/v2\/categories?post=275743"},{"taxonomy":"post_tag","embeddable":true,"href":"https:\/\/www.europesays.com\/fr\/wp-json\/wp\/v2\/tags?post=275743"}],"curies":[{"name":"wp","href":"https:\/\/api.w.org\/{rel}","templated":true}]}}