{"id":275747,"date":"2025-07-26T18:13:19","date_gmt":"2025-07-26T18:13:19","guid":{"rendered":"https:\/\/www.europesays.com\/fr\/275747\/"},"modified":"2025-07-26T18:13:19","modified_gmt":"2025-07-26T18:13:19","slug":"marseille-un-randonneur-gravement-blesse-apres-une-chute-vertigineuse-dans-les-calanques","status":"publish","type":"post","link":"https:\/\/www.europesays.com\/fr\/275747\/","title":{"rendered":"Marseille. Un randonneur gravement bless\u00e9 apr\u00e8s une chute vertigineuse dans les Calanques"},"content":{"rendered":"<p>            Par<br \/>\n        <strong><br \/>\n            <a href=\"https:\/\/actu.fr\/auteur\/thibault-nadal-actu-fr\" title=\"Consulter tous les articles de Thibault Nadal\" target=\"_blank\" rel=\"noopener\">Thibault Nadal<\/a><br \/>\n        <\/strong><\/p>\n<p>        Publi\u00e9 le<\/p>\n<p>            24 juil. 2025 \u00e0 16h29        <\/p>\n<p>\u00ab\u2009Les Calanques sont un coin de paradis dangereux\u2009\u00bb, alertent les marins-pompiers. Ce mercredi 23\u00a0juillet 2025, ils sont en effet intervenus dans le <a href=\"https:\/\/actu.fr\/tag\/parc-des-calanques\" target=\"_blank\" rel=\"noopener\">Parc national des Calanques<\/a> vers Sugiton, \u00e0 <a href=\"https:\/\/actu.fr\/marseille\/\" target=\"_blank\" rel=\"noopener\">Marseille<\/a>. Un grave accident venait de se produire.<\/p>\n<p class=\" wall-content\">Un homme de 43\u00a0ans venait de <strong>chuter d\u2019environ 5m<\/strong>. Il a \u00e9t\u00e9 pris en charge dans un \u00e9tat grave, indiquent les secours.<\/p>\n<p>Le randonneur a chut\u00e9 apr\u00e8s avoir march\u00e9 sur des \u00ab\u2009roches glissantes\u2009\u00bb<\/p>\n<p class=\" wall-content\">Les faits ont eu lieu peu avant 10h ce mercredi dans le secteur de <strong>Sugiton<\/strong>. Les marins-pompiers pr\u00e9cisent \u00e0 actu Marseille que l\u2019homme \u00e9tait en train de faire une randonn\u00e9e au moment o\u00f9 il a chut\u00e9.<\/p>\n<p class=\" wall-content\">Il <strong>se trouvait sur un sentier balis\u00e9, mais sur une portion \u00ab\u2009tr\u00e8s escarp\u00e9e\u2009\u00bb<\/strong>. Il est tomb\u00e9 apr\u00e8s avoir march\u00e9 sur des \u00ab\u2009roches glissantes\u2009\u00bb.<\/p>\n<p class=\" wall-content\">\n<p>L\u2019homme souffre d\u2019une fracture du poignet<\/p>\n<p class=\" wall-content\">D\u2019importants moyens,<strong> venus \u00ab\u2009par la terre, la mer et les airs\u2009\u00bb<\/strong> ont \u00e9t\u00e9 d\u00e9ploy\u00e9s pour venir \u00e0 son chevet\u2009: \u00ab\u2009le secours en milieu p\u00e9rilleux et le personnel m\u00e9dical d\u2019une ambulance de r\u00e9animation\u2009\u00bb, \u00ab\u2009la vedette Bonne M\u00e8re de la SNSM\u2009\u00bb et \u00ab\u2009l\u2019h\u00e9licopt\u00e8re Dragon 131 de la S\u00e9curit\u00e9 civile\u2009\u00bb.<\/p>\n<p class=\" wall-content\">Les marins-pompiers indiquent que le quadrag\u00e9naire souffre d\u2019une \u00ab\u2009fracture ouverte du poignet\u2009\u00bb. \u00ab\u2009La victime a \u00e9t\u00e9 m\u00e9dicalis\u00e9e et immobilis\u00e9e pour <strong>pr\u00e9venir tout autre traumatisme<\/strong> (au dos notamment) avant d\u2019\u00eatre \u00e9vacu\u00e9e par voie a\u00e9rienne vers le centre hospitalier le plus proche\u2009\u00bb, poursuivent-ils.<\/p>\n<p>Plusieurs recommandations<\/p>\n<p class=\" wall-content\">Ces accidents sont fr\u00e9quents en milieu forestier. D\u00e9but juin, <a href=\"https:\/\/actu.fr\/provence-alpes-cote-d-azur\/saint-antonin-sur-bayon_13090\/pres-de-marseille-des-randonneurs-entre-la-vie-et-la-mort-apres-une-chute-vertigineuse_62749445.html\" target=\"_blank\" rel=\"noopener\">deux randonneurs avaient chut\u00e9 de dix m\u00e8tres de la montagne Sainte-Victoire<\/a>, \u00e0 Saint-Antonin-sur-Bayon (<a href=\"https:\/\/actu.fr\/provence-alpes-cote-d-azur\/bouches-du-rhone_13\" target=\"_blank\" rel=\"noopener\">Bouches-du-Rh\u00f4ne<\/a>).<\/p>\n<p class=\" wall-content\">Les marins-pompiers recommandent de <strong>\u00ab\u2009pr\u00e9parer vos sorties, que ce soit pour la baignade, la randonn\u00e9e ou le trail\u2009\u00bb<\/strong>, de \u00ab\u2009consulter la m\u00e9t\u00e9o et les r\u00e9glementations d\u2019acc\u00e8s\u2009\u00bb, de \u00ab\u2009s\u2019\u00e9quiper de mani\u00e8re adapt\u00e9e\u2009\u00bb avec des (chaussures ferm\u00e9es) et de \u00ab\u2009prendre de l\u2019eau en quantit\u00e9\u2009\u00bb.<\/p>\n<p class=\" wall-content\">Suivez toute l\u2019actualit\u00e9 de vos villes et m\u00e9dias favoris en vous inscrivant \u00e0 <a href=\"https:\/\/moncompte.actu.fr\" title=\"D\u00e9couvez Mon Actu\" rel=\"nofollow noopener\" data-trk=\"{&quot;cta&quot;:{&quot;action&quot;:&quot;https:\\\/\\\/moncompte.actu.fr&quot;,&quot;category&quot;:&quot;mon compte&quot;,&quot;from&quot;:&quot;article footer&quot;,&quot;name&quot;:&quot;Mon actu&quot;,&quot;type&quot;:&quot;cta&quot;}}\" target=\"_blank\">Mon Actu<\/a>.<\/p>\n","protected":false},"excerpt":{"rendered":"Par Thibault Nadal Publi\u00e9 le 24 juil. 2025 \u00e0 16h29 \u00ab\u2009Les Calanques sont un coin de paradis dangereux\u2009\u00bb,&hellip;\n","protected":false},"author":2,"featured_media":275748,"comment_status":"","ping_status":"","sticky":false,"template":"","format":"standard","meta":{"footnotes":""},"categories":[2814],"tags":[1111,11,1182,1777,674,118,1011,27,17289,884,12,882,25],"class_list":{"0":"post-275747","1":"post","2":"type-post","3":"status-publish","4":"format-standard","5":"has-post-thumbnail","7":"category-marseille","8":"tag-actu","9":"tag-actualites","10":"tag-calanques","11":"tag-eu","12":"tag-europe","13":"tag-faits-divers","14":"tag-fr","15":"tag-france","16":"tag-marin-pompier","17":"tag-marseille","18":"tag-news","19":"tag-provence-alpes-cote-dazur","20":"tag-republique-francaise"},"share_on_mastodon":{"url":"https:\/\/pubeurope.com\/@fr\/114920895484904641","error":""},"_links":{"self":[{"href":"https:\/\/www.europesays.com\/fr\/wp-json\/wp\/v2\/posts\/275747","targetHints":{"allow":["GET"]}}],"collection":[{"href":"https:\/\/www.europesays.com\/fr\/wp-json\/wp\/v2\/posts"}],"about":[{"href":"https:\/\/www.europesays.com\/fr\/wp-json\/wp\/v2\/types\/post"}],"author":[{"embeddable":true,"href":"https:\/\/www.europesays.com\/fr\/wp-json\/wp\/v2\/users\/2"}],"replies":[{"embeddable":true,"href":"https:\/\/www.europesays.com\/fr\/wp-json\/wp\/v2\/comments?post=275747"}],"version-history":[{"count":0,"href":"https:\/\/www.europesays.com\/fr\/wp-json\/wp\/v2\/posts\/275747\/revisions"}],"wp:featuredmedia":[{"embeddable":true,"href":"https:\/\/www.europesays.com\/fr\/wp-json\/wp\/v2\/media\/275748"}],"wp:attachment":[{"href":"https:\/\/www.europesays.com\/fr\/wp-json\/wp\/v2\/media?parent=275747"}],"wp:term":[{"taxonomy":"category","embeddable":true,"href":"https:\/\/www.europesays.com\/fr\/wp-json\/wp\/v2\/categories?post=275747"},{"taxonomy":"post_tag","embeddable":true,"href":"https:\/\/www.europesays.com\/fr\/wp-json\/wp\/v2\/tags?post=275747"}],"curies":[{"name":"wp","href":"https:\/\/api.w.org\/{rel}","templated":true}]}}