{"id":275751,"date":"2025-07-26T18:15:12","date_gmt":"2025-07-26T18:15:12","guid":{"rendered":"https:\/\/www.europesays.com\/fr\/275751\/"},"modified":"2025-07-26T18:15:12","modified_gmt":"2025-07-26T18:15:12","slug":"un-proces-singulier-a-lyon","status":"publish","type":"post","link":"https:\/\/www.europesays.com\/fr\/275751\/","title":{"rendered":"un proc\u00e8s singulier \u00e0 Lyon"},"content":{"rendered":"<p>Savaient-ils seulement qu\u2019ils s\u2019attaquaient \u00e0 un site sensible\u00a0? Trois \u00e9trangers ont \u00e9t\u00e9 condamn\u00e9s, vendredi, en comparution imm\u00e9diate, par le tribunal de Lyon, pour un vol par escalade, commis deux jours plus t\u00f4t, dans la cit\u00e9 des Gaules. Plus pr\u00e9cis\u00e9ment dans les locaux du Sgami, le Secr\u00e9tariat g\u00e9n\u00e9ral pour l\u2019administration du minist\u00e8re de l\u2019Int\u00e9rieur.<\/p>\n<p>Cent vingt euros, un aspirateur, deux cafeti\u00e8res et neuf cartes professionnelles ont \u00e9t\u00e9&#8230;<\/p>\n","protected":false},"excerpt":{"rendered":"Savaient-ils seulement qu\u2019ils s\u2019attaquaient \u00e0 un site sensible\u00a0? Trois \u00e9trangers ont \u00e9t\u00e9 condamn\u00e9s, vendredi, en comparution imm\u00e9diate, par&hellip;\n","protected":false},"author":2,"featured_media":275752,"comment_status":"","ping_status":"","sticky":false,"template":"","format":"standard","meta":{"footnotes":""},"categories":[1889],"tags":[1111,11,2430,271,272,2757,1777,674,274,107,1011,27,2428,2756,12,25,2429],"class_list":{"0":"post-275751","1":"post","2":"type-post","3":"status-publish","4":"format-standard","5":"has-post-thumbnail","7":"category-lyon","8":"tag-actu","9":"tag-actualites","10":"tag-auvergne-rhone-alpes","11":"tag-crime","12":"tag-delit-et-contravention","13":"tag-edition-lyon-villeurbanne","14":"tag-eu","15":"tag-europe","16":"tag-faits-divers-justice","17":"tag-fil-info","18":"tag-fr","19":"tag-france","20":"tag-lyon","21":"tag-lyon-bassin","22":"tag-news","23":"tag-republique-francaise","24":"tag-rhone"},"share_on_mastodon":{"url":"https:\/\/pubeurope.com\/@fr\/114920903361790017","error":""},"_links":{"self":[{"href":"https:\/\/www.europesays.com\/fr\/wp-json\/wp\/v2\/posts\/275751","targetHints":{"allow":["GET"]}}],"collection":[{"href":"https:\/\/www.europesays.com\/fr\/wp-json\/wp\/v2\/posts"}],"about":[{"href":"https:\/\/www.europesays.com\/fr\/wp-json\/wp\/v2\/types\/post"}],"author":[{"embeddable":true,"href":"https:\/\/www.europesays.com\/fr\/wp-json\/wp\/v2\/users\/2"}],"replies":[{"embeddable":true,"href":"https:\/\/www.europesays.com\/fr\/wp-json\/wp\/v2\/comments?post=275751"}],"version-history":[{"count":0,"href":"https:\/\/www.europesays.com\/fr\/wp-json\/wp\/v2\/posts\/275751\/revisions"}],"wp:featuredmedia":[{"embeddable":true,"href":"https:\/\/www.europesays.com\/fr\/wp-json\/wp\/v2\/media\/275752"}],"wp:attachment":[{"href":"https:\/\/www.europesays.com\/fr\/wp-json\/wp\/v2\/media?parent=275751"}],"wp:term":[{"taxonomy":"category","embeddable":true,"href":"https:\/\/www.europesays.com\/fr\/wp-json\/wp\/v2\/categories?post=275751"},{"taxonomy":"post_tag","embeddable":true,"href":"https:\/\/www.europesays.com\/fr\/wp-json\/wp\/v2\/tags?post=275751"}],"curies":[{"name":"wp","href":"https:\/\/api.w.org\/{rel}","templated":true}]}}