{"id":275755,"date":"2025-07-26T18:19:09","date_gmt":"2025-07-26T18:19:09","guid":{"rendered":"https:\/\/www.europesays.com\/fr\/275755\/"},"modified":"2025-07-26T18:19:09","modified_gmt":"2025-07-26T18:19:09","slug":"un-calcul-economique-a-cote-de-la-plaque-la-baisse-du-budget-sport-vivement-critiquee-lors-de-la-celebration-danniversaire-des-jeux","status":"publish","type":"post","link":"https:\/\/www.europesays.com\/fr\/275755\/","title":{"rendered":"\u00abUn calcul \u00e9conomique \u00e0 c\u00f4t\u00e9 de la plaque\u00bb, la baisse du budget sport vivement critiqu\u00e9e lors de la c\u00e9l\u00e9bration d\u2019anniversaire des Jeux"},"content":{"rendered":"<p>La c\u00e9l\u00e9bration du premier anniversaire des Jeux olympiques de Paris 2024 a \u00e9t\u00e9 l\u2019occasion pour le mouvement sportif de critiquer vivement la baisse envisag\u00e9e du budget du sport pour l\u2019ann\u00e9e 2026.<\/p>\n<p class=\"fig-paragraph\">La f\u00eate et la grogne. Le\u00a0<a href=\"http:\/\/www.lefigaro.fr\/sports\/jeux-olympiques\/jo-paris-2024-vasque-olympique-grand-palais-esplanade-des-invalides-retour-sur-le-paris-iconique-20250726\" data-fig-type=\"NewsFlash\" data-gtm-custom-categorie=\"navigation\" data-gtm-custom-action=\"crossclick\" data-gtm-custom-label=\"Contextuel\" data-gtm-event=\"customEventSPE\" data-fig-domain=\"LEFIGARO\" target=\"_blank\" rel=\"noopener\">Grand Palais<\/a>\u00a0accueillait, ce samedi, la c\u00e9l\u00e9bration du premier anniversaire des\u00a0<a href=\"http:\/\/www.lefigaro.fr\/sports\/jeux-olympiques\/jo-paris-2024-marchand-en-poseidon-le-colosse-riner-montmartre-theatre-de-reve-les-temps-forts-de-la-quinzaine-historique-20250726\" data-fig-type=\"NewsFlash\" data-gtm-custom-categorie=\"navigation\" data-gtm-custom-action=\"crossclick\" data-gtm-custom-label=\"Contextuel\" data-gtm-event=\"customEventSPE\" data-fig-domain=\"LEFIGARO\" target=\"_blank\" rel=\"noopener\">Jeux olympiques de Paris 2024<\/a>\u00a0avec certains des grands artisans de la r\u00e9ussite de l\u2019\u00e9v\u00e8nement, \u00e0 savoir le pr\u00e9sident du comit\u00e9 d\u2019organisation\u00a0<a href=\"http:\/\/www.lefigaro.fr\/sports\/jeux-olympiques\/ses-souvenirs-de-paris-2024-les-jo-de-los-angeles-son-avenir-les-confidences-de-tony-estanguet-au-figaro-20250725\" data-fig-type=\"NewsFlash\" data-gtm-custom-categorie=\"navigation\" data-gtm-custom-action=\"crossclick\" data-gtm-custom-label=\"Contextuel\" data-gtm-event=\"customEventSPE\" data-fig-domain=\"LEFIGARO\" target=\"_blank\" rel=\"noopener\">Tony Estanguet<\/a>, l\u2019ancienne ministre des Sports et des Jeux olympiques et paralympiques\u00a0<a href=\"http:\/\/www.lefigaro.fr\/sports\/jeux-olympiques\/amelie-oudea-castera-estime-qu-il-y-a-une-exageration-quant-au-montant-de-la-facture-publique-estimee-pour-les-jo-2024-20250624\" data-fig-type=\"NewsFlash\" data-gtm-custom-categorie=\"navigation\" data-gtm-custom-action=\"crossclick\" data-gtm-custom-label=\"Contextuel\" data-gtm-event=\"customEventSPE\" data-fig-domain=\"LEFIGARO\" target=\"_blank\" rel=\"noopener\">Am\u00e9lie Oud\u00e9a-Cast\u00e9ra<\/a>\u00a0\u2013 entre-temps devenue pr\u00e9sidente du Comit\u00e9 national olympique et sportif fran\u00e7ais (CNOSF) \u2013 et\u00a0<a href=\"http:\/\/www.lefigaro.fr\/sports\/jeux-olympiques\/apres-12-annees-passees-a-la-tete-du-cio-thomas-bach-tourne-la-page-20250621\" data-fig-type=\"NewsFlash\" data-gtm-custom-categorie=\"navigation\" data-gtm-custom-action=\"crossclick\" data-gtm-custom-label=\"Contextuel\" data-gtm-event=\"customEventSPE\" data-fig-domain=\"LEFIGARO\" target=\"_blank\" rel=\"noopener\">Thomas Bach<\/a>, l\u2019ex-pr\u00e9sident du Comit\u00e9 international olympique. \u00c9taient aussi pr\u00e9sents,\u00a0<a href=\"http:\/\/www.lefigaro.fr\/sports\/jeux-olympiques\/kirsty-coventry-ouvre-une-ere-nouvelle-pour-le-comite-international-olympique-20250622\" data-fig-type=\"NewsFlash\" data-gtm-custom-categorie=\"navigation\" data-gtm-custom-action=\"crossclick\" data-gtm-custom-label=\"Contextuel\" data-gtm-event=\"customEventSPE\" data-fig-domain=\"LEFIGARO\" target=\"_blank\" rel=\"noopener\">Kirsty Coventry<\/a>, celle qui a pris la suite de l\u2019Allemand \u00e0 la t\u00eate du CIO, et\u00a0<a href=\"http:\/\/www.lefigaro.fr\/sports\/autres-sports\/je-lui-souhaite-plein-succes-salue-marie-barsacq-apres-l-election-d-amelie-oudea-castera-20250619\" data-fig-type=\"NewsFlash\" data-gtm-custom-categorie=\"navigation\" data-gtm-custom-action=\"crossclick\" data-gtm-custom-label=\"Contextuel\" data-gtm-event=\"customEventSPE\" data-fig-domain=\"LEFIGARO\" target=\"_blank\" rel=\"noopener\">Marie Barsacq<\/a>, la ministre des Sports, de la Jeunesse et de la Vie associative.<\/p>\n<blockquote class=\"fig-quote&#10;    \">\n<p class=\"fig-quote__text\">On ne se remet pas facilement d\u2019un \u00e9t\u00e9 pareil.<\/p>\n<p>            Am\u00e9lie Oud\u00e9a-Cast\u00e9ra, ancienne ministre des Sports et des Jeux olympiques et paralympiques\n    <\/p><\/blockquote>\n<p class=\"fig-paragraph\">Devant un parterre de salari\u00e9s, de volontaires, d\u2019acteurs du monde du sport et de responsables politiques, les anciens et actuels dirigeants se sont succ\u00e9d\u00e9 \u00e0 la tribune install\u00e9e dans le salon d\u2019honneur du monument parisien pour se rem\u00e9morer, non sans nostalgie, les bons moments pass\u00e9s il y a d\u00e9sormais un an. \u00abOn a quand m\u00eame un gros probl\u00e8me, c\u2019est&#8230;qu\u2019il fait beau\u00bb, a commenc\u00e9, sur le ton de l\u2019humour, Tony Estanguet, qui a \u00e9t\u00e9 acclam\u00e9 par la foule au moment de prendre la parole. Une r\u00e9f\u00e9rence, bien \u00e9videmment, \u00e0 la c\u00e9r\u00e9monie d\u2019ouverture qui s\u2019\u00e9tait d\u00e9roul\u00e9e sous la pluie, il y a un an jour pour jour. L\u2019ancien pr\u00e9sident du comit\u00e9 d\u2019organisation a ensuite pris le temps de remercier toutes les personnes concern\u00e9es par la r\u00e9ussite des Jeux de Paris 2024, avant de souligner que \u00able sport a cette vertu de nous faire vivre des moments inoubliables\u00bb.<\/p>\n<p class=\"fig-body-link\">\n            \u00c0 lire aussi<br \/>\n        <a class=\"fig-body-link__link fig-premium-mark\" href=\"http:\/\/www.lefigaro.fr\/sports\/jeux-olympiques\/ses-souvenirs-de-paris-2024-les-jo-de-los-angeles-son-avenir-les-confidences-de-tony-estanguet-au-figaro-20250725\" data-fig-type=\"NewsFlash\" data-gtm-custom-categorie=\"navigation\" data-gtm-custom-action=\"crossclick\" data-gtm-custom-label=\"Contextuel\" data-gtm-event=\"customEventSPE\" data-fig-domain=\"LEFIGARO\" target=\"_blank\" rel=\"noopener\">Ses souvenirs de Paris 2024, les JO de Los Angeles, son avenir\u2026 Les confidences de Tony Estanguet au Figaro<br \/>\n    <\/a>\n<\/p>\n<p>                                    <a class=\"fig-a11y-skip a11y-hidden\" href=\"#fig-a11y-skip-main-inarticle\"><br \/>\n        Passer la publicit\u00e9<br \/>\n    <\/a><\/p>\n<p class=\"fig-paragraph\">En plus des traditionnels \u2013 et l\u00e9gitimes\u00a0! \u2013 remerciements, Am\u00e9lie Oud\u00e9a-Cast\u00e9ra a estim\u00e9 que les Jeux de Paris 2024 avaient \u00e9t\u00e9 \u00abun grand rendez-vous\u00bb et que la France avait \u00abfait nation par le sport\u00bb. La nouvelle patronne du CNOSF s\u2019est aussi montr\u00e9e un peu nostalgique, indiquant \u00abqu\u2019on ne se remet pas facilement d\u2019un \u00e9t\u00e9 pareil\u00bb. Marie Barsacq, quant \u00e0 elle, a soulign\u00e9 que durant l\u2019\u00e9v\u00e8nement, Paris avait \u00e9t\u00e9 \u00abune f\u00eate\u00bb, \u00abun stade\u00bb.<\/p>\n<p>La baisse du budget du sport vivement critiqu\u00e9<\/p>\n<p class=\"fig-paragraph\">Mais ce samedi, la c\u00e9l\u00e9bration du premier anniversaire des JO Paris 2024 a (aussi) pris une tournure tr\u00e8s politique. Tony Estanguet, Am\u00e9lie Oud\u00e9a-Cast\u00e9ra et Marie Barsacq ont tous les trois fustig\u00e9 la\u00a0<a href=\"http:\/\/www.lefigaro.fr\/sports\/autres-sports\/c-est-un-sabotage-du-vivre-ensemble-le-sport-francais-uni-contre-la-baisse-drastique-de-son-budget-20250122\" data-fig-type=\"Article\" data-gtm-custom-categorie=\"navigation\" data-gtm-custom-action=\"crossclick\" data-gtm-custom-label=\"Contextuel\" data-gtm-event=\"customEventSPE\" data-fig-domain=\"LEFIGARO\" target=\"_blank\" rel=\"noopener\">baisse envisag\u00e9e du budget sport<\/a>\u00a0pour l\u2019ann\u00e9e 2026. \u00abC\u2019est incompr\u00e9hensible. C\u2019est tr\u00e8s tr\u00e8s difficile pour nous [le mouvement sportif, ndlr] de voir la mani\u00e8re dont est trait\u00e9 le sport dans ce pays en ce moment, a d\u00e9nonc\u00e9 devant les journalistes celui qui a pr\u00e9sid\u00e9 le comit\u00e9 d\u2019organisation des Jeux de Paris 2024. On se bat depuis longtemps pour montrer \u00e0 quel point le sport est une n\u00e9cessit\u00e9 dans la soci\u00e9t\u00e9. On conna\u00eet les difficult\u00e9s budg\u00e9taires du moment mais il n\u2019y a aucune raison aujourd\u2019hui qui pourrait expliquer que le sport soit si mal trait\u00e9 alors qu\u2019il a d\u00e9montr\u00e9 toute son utilit\u00e9. Une fois de plus, le sport est un peu sacrifi\u00e9. J\u2019appelle tous les d\u00e9cideurs \u00e0 faire le maximum pour reconsid\u00e9rer ces efforts-l\u00e0. J\u2019esp\u00e8re que le sport sera pr\u00e9serv\u00e9.\u00bb<\/p>\n<p class=\"fig-body-link\">\n            \u00c0 lire aussi<br \/>\n        <a class=\"fig-body-link__link\" href=\"http:\/\/www.lefigaro.fr\/sports\/jeux-olympiques\/jo-paris-2024-marchand-en-poseidon-le-colosse-riner-montmartre-theatre-de-reve-les-temps-forts-de-la-quinzaine-historique-20250726\" data-fig-type=\"NewsFlash\" data-gtm-custom-categorie=\"navigation\" data-gtm-custom-action=\"crossclick\" data-gtm-custom-label=\"Contextuel\" data-gtm-event=\"customEventSPE\" data-fig-domain=\"LEFIGARO\" target=\"_blank\" rel=\"noopener\">JO Paris 2024\u00a0: Marchand en Pos\u00e9idon, le colosse Riner, Montmartre th\u00e9\u00e2tre de r\u00eave&#8230;Les temps forts de la quinzaine historique<br \/>\n    <\/a>\n<\/p>\n<p class=\"fig-paragraph\">Pour l\u2019ex-ministre des Sports, l\u2019effort demand\u00e9 est \u00abdisproportionn\u00e9\u00bb. \u00abC\u2019est contre-productif, y compris d\u2019un point de vue des \u00e9quilibres des finances publiques. On est dans un moment compliqu\u00e9 sur le plan budg\u00e9taire, on doit \u00eatre plus que jamais attentif \u00e0 la qualit\u00e9 de la d\u00e9pense publique. Or, on sait que quand on investit un euro dans le sport, on en \u00e9conomise treize parce qu\u2019il y a des impacts positifs sur la sant\u00e9, le bien-\u00eatre, l\u2019\u00e9ducation. C\u2019est un calcul \u00e9conomique qui est compl\u00e8tement \u00e0 c\u00f4t\u00e9 de la plaque qui est en train d\u2019\u00eatre fait\u00bb, a-t-elle critiqu\u00e9.<\/p>\n<blockquote class=\"fig-quote&#10;    \">\n<p class=\"fig-quote__text\">On doit faire un effort comme tous les minist\u00e8res mais le juste effort.<\/p>\n<p>            Marie Barsacq\n    <\/p><\/blockquote>\n<p class=\"fig-paragraph\">M\u00eame son de cloche du c\u00f4t\u00e9 de Marie Barsacq, l\u2019actuelle ministre des Sports\u00a0: \u00abOn doit avoir un budget du sport qui doit \u00eatre une r\u00e9ponse \u00e0 l\u2019envie des Fran\u00e7ais de faire du sport. On est en pleines n\u00e9gociations pour trouver le bon \u00e9quilibre pour le budget du minist\u00e8re des Sports. Ce n\u2019est pas suffisant dans le cadre de sa trajectoire avec l\u2019engouement des Fran\u00e7ais pour le sport, a-t-elle d\u00e9clar\u00e9 en marge de la c\u00e9r\u00e9monie. Nous avons aussi des Jeux olympiques et paralympiques d\u2019hiver en 2030 en France. Il faut permettre de continuer ce momentum et permettre de d\u00e9velopper la place du sport en France. On doit poursuivre sur cette dynamique et \u00e7a n\u00e9cessite un budget \u00e0 une juste hauteur. On doit faire un effort comme tous les minist\u00e8res mais le juste effort.\u00bb Le monde du sport sera-t-il \u00e9cout\u00e9\u00a0? R\u00e9ponse dans plusieurs semaines.<\/p>\n","protected":false},"excerpt":{"rendered":"La c\u00e9l\u00e9bration du premier anniversaire des Jeux olympiques de Paris 2024 a \u00e9t\u00e9 l\u2019occasion pour le mouvement sportif&hellip;\n","protected":false},"author":2,"featured_media":275756,"comment_status":"","ping_status":"","sticky":false,"template":"","format":"standard","meta":{"footnotes":""},"categories":[1888],"tags":[1111,1928,11,1927,33815,1777,674,1011,27,7941,12,1926,626,1925,25,41514,29441],"class_list":{"0":"post-275755","1":"post","2":"type-post","3":"status-publish","4":"format-standard","5":"has-post-thumbnail","7":"category-paris","8":"tag-actu","9":"tag-actu-paris","10":"tag-actualites","11":"tag-actualites-paris","12":"tag-amelie-oudea-castera","13":"tag-eu","14":"tag-europe","15":"tag-fr","16":"tag-france","17":"tag-jo-paris-2024","18":"tag-news","19":"tag-news-paris","20":"tag-paris","21":"tag-paris-news","22":"tag-republique-francaise","23":"tag-thomas-bach","24":"tag-tony-estanguet"},"share_on_mastodon":{"url":"https:\/\/pubeurope.com\/@fr\/114920919462409167","error":""},"_links":{"self":[{"href":"https:\/\/www.europesays.com\/fr\/wp-json\/wp\/v2\/posts\/275755","targetHints":{"allow":["GET"]}}],"collection":[{"href":"https:\/\/www.europesays.com\/fr\/wp-json\/wp\/v2\/posts"}],"about":[{"href":"https:\/\/www.europesays.com\/fr\/wp-json\/wp\/v2\/types\/post"}],"author":[{"embeddable":true,"href":"https:\/\/www.europesays.com\/fr\/wp-json\/wp\/v2\/users\/2"}],"replies":[{"embeddable":true,"href":"https:\/\/www.europesays.com\/fr\/wp-json\/wp\/v2\/comments?post=275755"}],"version-history":[{"count":0,"href":"https:\/\/www.europesays.com\/fr\/wp-json\/wp\/v2\/posts\/275755\/revisions"}],"wp:featuredmedia":[{"embeddable":true,"href":"https:\/\/www.europesays.com\/fr\/wp-json\/wp\/v2\/media\/275756"}],"wp:attachment":[{"href":"https:\/\/www.europesays.com\/fr\/wp-json\/wp\/v2\/media?parent=275755"}],"wp:term":[{"taxonomy":"category","embeddable":true,"href":"https:\/\/www.europesays.com\/fr\/wp-json\/wp\/v2\/categories?post=275755"},{"taxonomy":"post_tag","embeddable":true,"href":"https:\/\/www.europesays.com\/fr\/wp-json\/wp\/v2\/tags?post=275755"}],"curies":[{"name":"wp","href":"https:\/\/api.w.org\/{rel}","templated":true}]}}