{"id":275759,"date":"2025-07-26T18:21:24","date_gmt":"2025-07-26T18:21:24","guid":{"rendered":"https:\/\/www.europesays.com\/fr\/275759\/"},"modified":"2025-07-26T18:21:24","modified_gmt":"2025-07-26T18:21:24","slug":"picon-biere-jeux-a-gratter-saucisse-puree-a-paris-ces-neo-pmu-surjouent-lesprit-bistrot-populaire","status":"publish","type":"post","link":"https:\/\/www.europesays.com\/fr\/275759\/","title":{"rendered":"Picon bi\u00e8re, jeux \u00e0 gratter, saucisse-pur\u00e9e\u2026 \u00c0 Paris, ces n\u00e9o-PMU (sur)jouent l\u2019esprit bistrot populaire"},"content":{"rendered":"<p class=\"paragraph text_align_left lp-f-body-02\">Ici, dans ce bar-restaurant planqu\u00e9 dans une rue parall\u00e8le au boulevard de Belleville (XIe), dont le nom bruisse chez les amateurs de bonne bouffe et d\u2019adresse \u00e0 la mode, on retrouve tous les codes du rade populaire des ann\u00e9es 1970-1980 : comptoir en zinc, meubles en formica, n\u00e9ons filants, semainier, mais aussi tickets \u00e0 gratter sur une borne FDJ. De quoi nous laisser croire que le Cornichon a toujours \u00e9t\u00e9 l\u00e0.<\/p>\n","protected":false},"excerpt":{"rendered":"Ici, dans ce bar-restaurant planqu\u00e9 dans une rue parall\u00e8le au boulevard de Belleville (XIe), dont le nom bruisse&hellip;\n","protected":false},"author":2,"featured_media":275760,"comment_status":"","ping_status":"","sticky":false,"template":"","format":"standard","meta":{"footnotes":""},"categories":[1888],"tags":[11,1777,674,1011,27,1944,12,626,25],"class_list":{"0":"post-275759","1":"post","2":"type-post","3":"status-publish","4":"format-standard","5":"has-post-thumbnail","7":"category-paris","8":"tag-actualites","9":"tag-eu","10":"tag-europe","11":"tag-fr","12":"tag-france","13":"tag-ma-ville","14":"tag-news","15":"tag-paris","16":"tag-republique-francaise"},"share_on_mastodon":{"url":"https:\/\/pubeurope.com\/@fr\/114920930555439924","error":""},"_links":{"self":[{"href":"https:\/\/www.europesays.com\/fr\/wp-json\/wp\/v2\/posts\/275759","targetHints":{"allow":["GET"]}}],"collection":[{"href":"https:\/\/www.europesays.com\/fr\/wp-json\/wp\/v2\/posts"}],"about":[{"href":"https:\/\/www.europesays.com\/fr\/wp-json\/wp\/v2\/types\/post"}],"author":[{"embeddable":true,"href":"https:\/\/www.europesays.com\/fr\/wp-json\/wp\/v2\/users\/2"}],"replies":[{"embeddable":true,"href":"https:\/\/www.europesays.com\/fr\/wp-json\/wp\/v2\/comments?post=275759"}],"version-history":[{"count":0,"href":"https:\/\/www.europesays.com\/fr\/wp-json\/wp\/v2\/posts\/275759\/revisions"}],"wp:featuredmedia":[{"embeddable":true,"href":"https:\/\/www.europesays.com\/fr\/wp-json\/wp\/v2\/media\/275760"}],"wp:attachment":[{"href":"https:\/\/www.europesays.com\/fr\/wp-json\/wp\/v2\/media?parent=275759"}],"wp:term":[{"taxonomy":"category","embeddable":true,"href":"https:\/\/www.europesays.com\/fr\/wp-json\/wp\/v2\/categories?post=275759"},{"taxonomy":"post_tag","embeddable":true,"href":"https:\/\/www.europesays.com\/fr\/wp-json\/wp\/v2\/tags?post=275759"}],"curies":[{"name":"wp","href":"https:\/\/api.w.org\/{rel}","templated":true}]}}