{"id":275765,"date":"2025-07-26T18:24:12","date_gmt":"2025-07-26T18:24:12","guid":{"rendered":"https:\/\/www.europesays.com\/fr\/275765\/"},"modified":"2025-07-26T18:24:12","modified_gmt":"2025-07-26T18:24:12","slug":"pour-que-lukraine-cesse-detre-un-bouclier-humain-europeen-unis-pour-lukraine-56-recherche-un-local","status":"publish","type":"post","link":"https:\/\/www.europesays.com\/fr\/275765\/","title":{"rendered":"Pour que l\u2019Ukraine cesse \u00ab\u00a0d\u2019\u00eatre un bouclier humain europ\u00e9en\u00a0\u00bb, Unis pour l\u2019Ukraine 56 recherche un local"},"content":{"rendered":"<p>Pouvez-vous revenir sur l\u2019association que vous repr\u00e9sentez, Unis pour l\u2019Ukraine 56, son origine, son objet, son action\u00a0?<\/p>\n<p>En f\u00e9vrier 2022, des habitants du pays de Lorient, d\u2019origine ukrainienne, se sont regroup\u00e9s pour venir en aide \u00e0 leur pays. Ils voulaient envoyer de la nourriture, des m\u00e9dicaments\u2026 En parall\u00e8le, une collecte portuaire se lan\u00e7ait. Nous nous sommes donc r\u00e9unis pour nous monter en association. Nous \u00e9tions compl\u00e9mentaires\u00a0: la communaut\u00e9 ukrainienne avait les contacts sur place, connaissait les besoins r\u00e9els\u00a0; nous, c\u00f4t\u00e9 port, nous avions notre r\u00e9seau dans le pays de Lorient. Aujourd\u2019hui, l\u2019association compte une centaine d\u2019adh\u00e9rents. Nous envoyons r\u00e9guli\u00e8rement des convois pour apporter de l\u2019alimentaire, du mat\u00e9riel m\u00e9dical (fauteuils roulants, d\u00e9ambulateurs, b\u00e9quilles\u2026) Mais aussi des r\u00e9frig\u00e9rateurs, des cong\u00e9lateurs. De nombreuses zones ont \u00e9t\u00e9 bombard\u00e9es. Il faut tout reconstruire, tout \u00e9quiper. Notre 23e convoi est parti ce mois-ci. Nous aimerions en faire partir un \u00e0 la rentr\u00e9e. Nous avons aussi envoy\u00e9 deux ambulances, l\u2019une en 2023\u00a0; l\u2019autre, en 2024, afin de d\u00e9placer les bless\u00e9s et les \u00e9vacu\u00e9s.<\/p>\n<p><img decoding=\"async\" src=\"https:\/\/www.europesays.com\/fr\/wp-content\/uploads\/2025\/07\/688517d3af7a1e7bc00a5b01.1.jpeg\" width=\"480\" height=\"300\" class=\"web_golden_m\" loading=\"lazy\" alt=\"L\u2019association s\u2019appr\u00eate \u00e0 lancer une cagnotte Hello Asso pour l\u2019aider \u00e0 acheter, notamment, des garrots tourniquets. Ceux-ci sont tr\u00e8s pr\u00e9cieux pour les soldats, sur le front, quand l\u2019un de leurs membres est profond\u00e9ment touch\u00e9.\"\/>L\u2019association s\u2019appr\u00eate \u00e0 lancer une cagnotte Hello Asso pour l\u2019aider \u00e0 acheter, notamment, des garrots tourniquets. Ceux-ci sont tr\u00e8s pr\u00e9cieux pour les soldats, sur le front, quand l\u2019un de leurs membres est profond\u00e9ment touch\u00e9. (Le T\u00e9l\u00e9gramme\/Isabelle Demangeat)Comment financez-vous l\u2019association et l\u2019envoi de ces convois\u00a0?<\/p>\n<p>Nous sommes b\u00e9n\u00e9ficiaires de quelques subventions. En 2024, nous avons per\u00e7u 10\u00a0000 \u20ac de la r\u00e9gion Bretagne\u00a0; 1\u00a0000 \u20ac de la Ville de Lorient\u00a0; 300 \u20ac de la Ville de Ploemeur. Nous percevons aussi le montant des adh\u00e9sions, les dons et l\u2019argent r\u00e9colt\u00e9 lors de manifestations, comme le festival Galettes du monde ou le march\u00e9 de No\u00ebl de Languidic. Nous nous appr\u00eatons \u00e0 lancer une cagnotte Hello Asso pour nous aider \u00e0 acheter des garrots tourniquets pour les soldats (d\u2019un co\u00fbt unitaire de 23 \u20ac) et des filets de protection anti-drone (150 \u20ac pi\u00e8ce).<\/p>\n<p>Par ailleurs, depuis le printemps 2022, des locaux nous \u00e9taient mis \u00e0 disposition, gracieusement. Le premier \u00e9tait situ\u00e9 derri\u00e8re la grande poissonnerie du port. La Chambre de commerce et d\u2019industrie du Morbihan nous a par la suite pr\u00eat\u00e9 un grand hangar avenue Amiral Melchior, jusqu\u2019\u00e0 fin ao\u00fbt 2024, date \u00e0 laquelle nous avons d\u00e9m\u00e9nag\u00e9 \u00e0 Kerl\u00e9tu, dans un lieu mis \u00e0 disposition par la Ville de Lorient, en attente d\u2019\u00eatre rachet\u00e9. La vente ayant \u00e9t\u00e9 finalis\u00e9e, nous devons rendre les cl\u00e9s le 1er septembre. Le maire, Fabrice Loher, nous a tr\u00e8s r\u00e9cemment fait part qu\u2019il ne nous laisserait pas tomber et qu\u2019il \u00e9tait en train de chercher une solution p\u00e9renne avec son \u00e9quipe. Mais, pour l\u2019instant, nous n\u2019avons pas de solution concr\u00e8te.<\/p>\n<blockquote><p>\u00ab\u00a0Nous devions aller r\u00e9cup\u00e9rer dix lits m\u00e9dicalis\u00e9s, mais sans local o\u00f9 les stocker, impossible\u00a0\u00bb<\/p><\/blockquote>\n<p>Pourquoi avoir un local est une n\u00e9cessit\u00e9 pour vous\u00a0?<\/p>\n<p>Cela nous permet d\u2019entreposer le mat\u00e9riel volumineux, de pr\u00e9parer les palettes avant d\u2019\u00eatre envoy\u00e9es, de v\u00e9rifier, et parfois de r\u00e9parer, par exemple le mat\u00e9riel m\u00e9dical d\u00e9class\u00e9. Nous devions aller r\u00e9cup\u00e9rer dix lits m\u00e9dicalis\u00e9s, mais sans local o\u00f9 les stocker, impossible. Les Ukrainiens ont encore besoin d\u2019aide pour continuer \u00e0 lutter, combattre pour retrouver leur libert\u00e9. Et qu\u2019ils cessent, enfin, d\u2019\u00eatre notre bouclier europ\u00e9en humain.<\/p>\n<p>Pratique<\/p>\n<p class=\"note\">Contact\u00a0: mail\u00a0: unispourlukraine@gmail.com ou t\u00e9l. 06\u00a011\u00a094\u00a095\u00a088.<\/p>\n","protected":false},"excerpt":{"rendered":"Pouvez-vous revenir sur l\u2019association que vous repr\u00e9sentez, Unis pour l\u2019Ukraine 56, son origine, son objet, son action\u00a0? En&hellip;\n","protected":false},"author":2,"featured_media":275766,"comment_status":"","ping_status":"","sticky":false,"template":"","format":"standard","meta":{"footnotes":""},"categories":[1590],"tags":[11,1777,674,131,1781,12,801,3400,11880,220],"class_list":{"0":"post-275765","1":"post","2":"type-post","3":"status-publish","4":"format-standard","5":"has-post-thumbnail","7":"category-ukraine","8":"tag-actualites","9":"tag-eu","10":"tag-europe","11":"tag-guerre-en-ukraine","12":"tag-lorient","13":"tag-news","14":"tag-social","15":"tag-solidarite","16":"tag-solidarite-ukraine","17":"tag-ukraine"},"share_on_mastodon":{"url":"https:\/\/pubeurope.com\/@fr\/114920938905938884","error":""},"_links":{"self":[{"href":"https:\/\/www.europesays.com\/fr\/wp-json\/wp\/v2\/posts\/275765","targetHints":{"allow":["GET"]}}],"collection":[{"href":"https:\/\/www.europesays.com\/fr\/wp-json\/wp\/v2\/posts"}],"about":[{"href":"https:\/\/www.europesays.com\/fr\/wp-json\/wp\/v2\/types\/post"}],"author":[{"embeddable":true,"href":"https:\/\/www.europesays.com\/fr\/wp-json\/wp\/v2\/users\/2"}],"replies":[{"embeddable":true,"href":"https:\/\/www.europesays.com\/fr\/wp-json\/wp\/v2\/comments?post=275765"}],"version-history":[{"count":0,"href":"https:\/\/www.europesays.com\/fr\/wp-json\/wp\/v2\/posts\/275765\/revisions"}],"wp:featuredmedia":[{"embeddable":true,"href":"https:\/\/www.europesays.com\/fr\/wp-json\/wp\/v2\/media\/275766"}],"wp:attachment":[{"href":"https:\/\/www.europesays.com\/fr\/wp-json\/wp\/v2\/media?parent=275765"}],"wp:term":[{"taxonomy":"category","embeddable":true,"href":"https:\/\/www.europesays.com\/fr\/wp-json\/wp\/v2\/categories?post=275765"},{"taxonomy":"post_tag","embeddable":true,"href":"https:\/\/www.europesays.com\/fr\/wp-json\/wp\/v2\/tags?post=275765"}],"curies":[{"name":"wp","href":"https:\/\/api.w.org\/{rel}","templated":true}]}}