{"id":275767,"date":"2025-07-26T18:25:10","date_gmt":"2025-07-26T18:25:10","guid":{"rendered":"https:\/\/www.europesays.com\/fr\/275767\/"},"modified":"2025-07-26T18:25:10","modified_gmt":"2025-07-26T18:25:10","slug":"lecosse-deteste-trump-des-manifestations-organisees-a-edimbourg-contre-le-president-americain-occupe-a-jouer-au-golf","status":"publish","type":"post","link":"https:\/\/www.europesays.com\/fr\/275767\/","title":{"rendered":"\u00ab\u00a0L\u2019\u00c9cosse d\u00e9teste\u00a0Trump\u00a0\u00bb\u00a0: des manifestations organis\u00e9es \u00e0 \u00c9dimbourg contre le pr\u00e9sident am\u00e9ricain, occup\u00e9 \u00e0 jouer au golf"},"content":{"rendered":"<p class=\"paragraph text_align_left lp-f-body-02\">Un accueil frais pour <a href=\"https:\/\/www.leparisien.fr\/international\/etats-unis\/donald-trump\/\" target=\"_blank\" rel=\"nofollow noopener\">Donald Trump<\/a>. Plusieurs centaines de personnes ont manifest\u00e9 ce samedi \u00e0 \u00c9dimbourg et Aberdeen en \u00c9cosse pour protester contre <a href=\"https:\/\/www.leparisien.fr\/international\/etats-unis\/en-pleine-controverse-aux-etats-unis-donald-trump-va-en-ecosse-pour-inaugurer-un-parcours-de-golf-25-07-2025-NU3IEQM7HZBCPBVL4J4GBRTVFQ.php\" target=\"_self\" rel=\"nofollow noopener\">la visite du pr\u00e9sident am\u00e9ricain, occup\u00e9 \u00e0 jouer au golf<\/a> sur son parcours de Turnberry, plac\u00e9 sous haute surveillance polici\u00e8re.<\/p>\n<p class=\"paragraph text_align_left lp-f-body-02\">Sous la pluie et en compagnie de son fils \u00c9ric, le locataire de la Maison Blanche a frapp\u00e9 samedi matin ses premiers coups sur le green du luxueux complexe appartenant \u00e0 l\u2019entreprise familiale, a constat\u00e9 un journaliste de l\u2019AFP.<\/p>\n<p><img decoding=\"async\" class=\"image \" loading=\"lazy\" src=\"https:\/\/www.europesays.com\/fr\/wp-content\/uploads\/2025\/07\/F6UVETBAWREKHMPDIHZMHV3ELY.jpg\" alt=\"Donald Trump a jou\u00e9 au golf ce samedi matin en Ecosse. AFP.\" align=\"\" data-rubrique-principale=\"\" data-article-type=\"\" fetchpriority=\"auto\"\/>Donald Trump a jou\u00e9 au golf ce samedi matin en Ecosse. AFP. <\/p>\n<p class=\"paragraph text_align_left lp-f-body-02\"><a href=\"https:\/\/www.leparisien.fr\/economie\/droits-de-douane-rencontre-determinante-entre-ursula-von-der-leyen-et-donald-trump-dimanche-26-07-2025-Z3Q4IYN4TFDRDFETE6PLXSQDOY.php\" target=\"_self\" rel=\"nofollow noopener\">L\u2019arriv\u00e9e du pr\u00e9sident am\u00e9ricain<\/a> vendredi soir \u00e0 Turnberry a transform\u00e9 cette r\u00e9gion pittoresque et habituellement calme du sud-ouest de l\u2019\u00c9cosse en une v\u00e9ritable forteresse, avec des routes ferm\u00e9es et de nombreux points de contr\u00f4le install\u00e9s par la police.<\/p>\n<p class=\"paragraph text_align_left lp-f-body-02\">Des policiers et des militaires patrouillaient samedi matin sur ce parcours de golf qui a accueilli quatre <a href=\"https:\/\/www.leparisien.fr\/jo-paris-2024\/golf\/golf-a-deux-semaines-des-jeux-matthieu-pavon-termine-sa-saison-des-majeurs-par-le-british-open-18-07-2024-CPKUD5JMINFSBAZB7JNOF3FM4Q.php\" target=\"_self\" rel=\"nofollow noopener\">Opens britanniques masculins<\/a>, ainsi que sur les plages de sable et les dunes herbeuses qui le bordent. Les joueurs ont \u00e9t\u00e9 fouill\u00e9s peu avant que Donald Trump ne fasse son apparition sur le green.<\/p>\n<p>Drapeaux palestiniens et pancarte de Trump grim\u00e9 en diable<\/p>\n<p class=\"paragraph text_align_left lp-f-body-02\">La venue du pr\u00e9sident am\u00e9ricain a d\u00e9clench\u00e9 une op\u00e9ration de s\u00e9curit\u00e9 d\u2019ampleur, pour laquelle la police locale a obtenu le renfort d\u2019autres forces de l\u2019ordre du pays.<\/p>\n<p class=\"paragraph text_align_left lp-f-body-02\">En fin de matin\u00e9e, plusieurs centaines de personnes se sont rassembl\u00e9es devant le consulat am\u00e9ricain \u00e0 \u00c9dimbourg, la capitale \u00e9cossaise, ainsi que dans la ville d\u2019Aberdeen, poumon \u00e9conomique du nord-est, pr\u00e8s de laquelle le dirigeant am\u00e9ricain poss\u00e8de un second complexe de golf dans lequel il doit se rendre durant sa visite.<\/p>\n<p class=\"paragraph text_align_left lp-f-body-02\">Ces manifestations ont \u00e9t\u00e9 organis\u00e9es \u00e0 l\u2019appel du groupe \u00ab Stop Trump Coalition \u00bb. Certains participants brandissaient des pancartes affirmant \u00ab Scotland Hates Trump \u00bb (L\u2019\u00c9cosse d\u00e9teste Trump). D\u2019autres agitaient des drapeaux palestiniens.<\/p>\n<p class=\"paragraph text_align_left lp-f-body-02\">\u00c0 Aberdeen, un homme tenait une pancarte repr\u00e9sentant le visage du pr\u00e9sident am\u00e9ricain rouge avec des cornes de diable, selon des images film\u00e9es par l\u2019AFP.<\/p>\n<p><img decoding=\"async\" class=\"image \" loading=\"lazy\" src=\"https:\/\/www.europesays.com\/fr\/wp-content\/uploads\/2025\/07\/NZ2OIWIOPBDZTJWQD3KL54D74Q.jpg\" alt=\"Une manifestation anti-Trump a \u00e9t\u00e9 organis\u00e9e ce samedi \u00e0 Aberdeen. Reuters. \" align=\"\" data-rubrique-principale=\"\" data-article-type=\"\" fetchpriority=\"auto\"\/>Une manifestation anti-Trump a \u00e9t\u00e9 organis\u00e9e ce samedi \u00e0 Aberdeen. Reuters.<\/p>\n<p class=\"paragraph text_align_left lp-f-body-02\">Donald Trump a clam\u00e9 \u00e0 plusieurs occasions son amour pour l\u2019\u00c9cosse, o\u00f9 sa m\u00e8re est n\u00e9e et a grandi, mais sa politique et les investissements locaux de son groupe familial ont suscit\u00e9 la pol\u00e9mique.<\/p>\n<p>\u00ab C\u2019est un m\u00e9galomane \u00bb<\/p>\n<p class=\"paragraph text_align_left lp-f-body-02\">\u00c0 Turnberry, sa visite de cinq jours divise. \u00ab Beaucoup de personnes ne font pas confiance \u00e0 Trump et je suis comme elles. Je pense que c\u2019est un m\u00e9galomane \u00bb, s\u2019est insurg\u00e9 Graham Hodgson, retrait\u00e9, rencontr\u00e9 vendredi par l\u2019AFP. \u00ab Il fait beaucoup de mal dans le monde avec ses droits de douane \u00bb, ajoute-t-il.<\/p>\n<p class=\"paragraph text_align_left lp-f-body-02\">Le pr\u00e9sident des \u00c9tats-Unis a atterri \u00e0 l\u2019a\u00e9roport de Prestwick vendredi soir au sud-ouest de Glasgow, o\u00f9 des dizaines de partisans du pr\u00e9sident am\u00e9ricain s\u2019\u00e9taient mass\u00e9s pour l\u2019apercevoir.<\/p>\n<p class=\"paragraph text_align_left lp-f-body-02\">\u00ab Ce qu\u2019il y a de mieux avec Trump, c\u2019est qu\u2019il n\u2019est pas un homme politique (\u2026) et je pense qu\u2019il d\u00e9fend avant tout les int\u00e9r\u00eats de son pays \u00bb, affirme Lee McLean, 46 ans, venu de la ville voisine de Kilmarnock.<\/p>\n<p class=\"paragraph text_align_left lp-f-body-02\">Selon lui, c\u2019est ce que devraient faire tous les responsables politiques \u00ab avant de s\u2019int\u00e9resser \u00e0 ce qui se passe \u00e0 l\u2019\u00e9tranger \u00bb.<\/p>\n<p>Une rencontre importante pr\u00e9vue avec von der Leyen<\/p>\n<p class=\"paragraph text_align_left lp-f-body-02\">\u00ab Je suis en \u00c9cosse maintenant. Beaucoup de r\u00e9unions pr\u00e9vues !!! \u00bb, a annonc\u00e9 le pr\u00e9sident am\u00e9ricain peu apr\u00e8s son arriv\u00e9e sur son r\u00e9seau Truth Social.<\/p>\n<p class=\"paragraph text_align_left lp-f-body-02\">Dimanche, <a href=\"https:\/\/www.leparisien.fr\/economie\/droits-de-douane-rencontre-determinante-entre-ursula-von-der-leyen-et-donald-trump-dimanche-26-07-2025-Z3Q4IYN4TFDRDFETE6PLXSQDOY.php\" target=\"_blank\" rel=\"nofollow noopener\">il doit rencontrer la pr\u00e9sidente de la Commission europ\u00e9enne Ursula von der Leyen<\/a> pour des discussions sur l\u2019accord commercial qu\u2019esp\u00e8re conclure l\u2019UE pour \u00e9viter des droits de douane massifs. Il doit aussi s\u2019entretenir lundi avec <a href=\"https:\/\/www.leparisien.fr\/international\/nous-vous-exhortons-a-franchir-ce-pas-un-tiers-des-deputes-britanniques-appellent-keir-starmer-a-reconnaitre-letat-palestinien-25-07-2025-DEYIEZXLXNDJDMEJZFQS57PHUY.php\" target=\"_blank\" rel=\"nofollow noopener\">le Premier ministre britannique Keir Starmer<\/a>.<\/p>\n<p class=\"paragraph text_align_left lp-f-body-02\">\u00c0 sa descente d\u2019avion, le pr\u00e9sident am\u00e9ricain a affirm\u00e9 que l\u2019heure serait \u00e0 la \u00ab c\u00e9l\u00e9bration \u00bb en mati\u00e8re de commerce apr\u00e8s <a href=\"https:\/\/www.leparisien.fr\/international\/etats-unis\/droits-de-douane-ce-que-contient-laccord-signe-entre-les-etats-unis-et-le-royaume-uni-08-05-2025-57R4RJQZPZDO7DBJOAMZGVDIFU.php\" target=\"_self\" rel=\"nofollow noopener\">l\u2019accord conclu en juin avec le Royaume-Uni<\/a> pr\u00e9voyant des droits de douane r\u00e9duits pour des produits britanniques. Le dirigeant britannique esp\u00e8re toutefois toujours obtenir des droits r\u00e9duits durables sur l\u2019acier et l\u2019aluminium.<\/p>\n<p class=\"paragraph text_align_left lp-f-body-02\">\u00c0 son arriv\u00e9e, Donald Trump a \u00e9galement \u00e9voqu\u00e9 l\u2019immigration en Europe, appelant les pays europ\u00e9ens \u00ab \u00e0 se ressaisir \u00bb et \u00e0 \u00ab mettre un terme \u00e0 cette horrible invasion \u00bb.<\/p>\n","protected":false},"excerpt":{"rendered":"Un accueil frais pour Donald Trump. Plusieurs centaines de personnes ont manifest\u00e9 ce samedi \u00e0 \u00c9dimbourg et Aberdeen&hellip;\n","protected":false},"author":2,"featured_media":275768,"comment_status":"","ping_status":"","sticky":false,"template":"","format":"standard","meta":{"footnotes":""},"categories":[1589],"tags":[11,73,1866,14,12,1864,1865,1863,308],"class_list":{"0":"post-275767","1":"post","2":"type-post","3":"status-publish","4":"format-standard","5":"has-post-thumbnail","7":"category-etats-unis","8":"tag-actualites","9":"tag-etats-unis","10":"tag-etats-unis-damerique","11":"tag-international","12":"tag-news","13":"tag-united-states","14":"tag-united-states-of-america","15":"tag-us","16":"tag-usa"},"share_on_mastodon":{"url":"https:\/\/pubeurope.com\/@fr\/114920942770522137","error":""},"_links":{"self":[{"href":"https:\/\/www.europesays.com\/fr\/wp-json\/wp\/v2\/posts\/275767","targetHints":{"allow":["GET"]}}],"collection":[{"href":"https:\/\/www.europesays.com\/fr\/wp-json\/wp\/v2\/posts"}],"about":[{"href":"https:\/\/www.europesays.com\/fr\/wp-json\/wp\/v2\/types\/post"}],"author":[{"embeddable":true,"href":"https:\/\/www.europesays.com\/fr\/wp-json\/wp\/v2\/users\/2"}],"replies":[{"embeddable":true,"href":"https:\/\/www.europesays.com\/fr\/wp-json\/wp\/v2\/comments?post=275767"}],"version-history":[{"count":0,"href":"https:\/\/www.europesays.com\/fr\/wp-json\/wp\/v2\/posts\/275767\/revisions"}],"wp:featuredmedia":[{"embeddable":true,"href":"https:\/\/www.europesays.com\/fr\/wp-json\/wp\/v2\/media\/275768"}],"wp:attachment":[{"href":"https:\/\/www.europesays.com\/fr\/wp-json\/wp\/v2\/media?parent=275767"}],"wp:term":[{"taxonomy":"category","embeddable":true,"href":"https:\/\/www.europesays.com\/fr\/wp-json\/wp\/v2\/categories?post=275767"},{"taxonomy":"post_tag","embeddable":true,"href":"https:\/\/www.europesays.com\/fr\/wp-json\/wp\/v2\/tags?post=275767"}],"curies":[{"name":"wp","href":"https:\/\/api.w.org\/{rel}","templated":true}]}}