{"id":275771,"date":"2025-07-26T18:27:18","date_gmt":"2025-07-26T18:27:18","guid":{"rendered":"https:\/\/www.europesays.com\/fr\/275771\/"},"modified":"2025-07-26T18:27:18","modified_gmt":"2025-07-26T18:27:18","slug":"titre-coupe-dallemagne-entraineur-tout-savoir-sur-larminia-bielefeld","status":"publish","type":"post","link":"https:\/\/www.europesays.com\/fr\/275771\/","title":{"rendered":"Titre, Coupe d\u2019Allemagne, entra\u00eeneur\u2026 Tout savoir sur l\u2019Arminia Bielefeld"},"content":{"rendered":"<p>Alors que les Rouge et Blanc s\u2019appr\u00eatent \u00e0 disputer leur quatri\u00e8me match de pr\u00e9paration face \u00e0 l\u2019Arminia Bielefeld, ce samedi (15h), voici tout ce qu&rsquo;il faut conna\u00eetre de cette \u00e9quipe qui sort d\u2019une saison historique.<\/p>\n<p>Direction l\u2019Allemagne o\u00f9 l\u2019AS <a href=\"https:\/\/onefootball.com\/en\/team\/monaco-259\" rel=\"nofollow noopener\" target=\"_blank\">Monaco<\/a> poursuit sa pr\u00e9paration. Apr\u00e8s avoir effectu\u00e9 <a href=\"https:\/\/www.asmonaco.com\/lintensite-et-la-competition-montent-dun-cran-a-st-georges-park\/\" target=\"_blank\" rel=\"noreferrer nofollow noopener\">un stage intense<\/a> du c\u00f4t\u00e9 de Birmingham et disput\u00e9 deux matchs amicaux <a href=\"https:\/\/www.asmonaco.com\/histoire-barrages-legende-tout-savoir-sur-coventry-city\/\" target=\"_blank\" rel=\"noreferrer nofollow noopener\">contre Coventry (0-5)<\/a> et <a href=\"https:\/\/www.asmonaco.com\/las-monaco-accroche-par-nottingham-malgre-une-nette-domination\/\" target=\"_blank\" rel=\"noreferrer nofollow noopener\">Nottingham (0-0)<\/a>, les Rouge et Blanc <a href=\"https:\/\/www.asmonaco.com\/las-monaco-face-a-coventry-nottingham-et-larminia-bielefeld-en-prepa\/\" target=\"_blank\" rel=\"noreferrer nofollow noopener\">affrontent en effet Bielefeld<\/a>, ce samedi, dans l\u2019enceinte de la Sch\u00fccoArena (15h, <a href=\"https:\/\/www.asmonaco.com\/la-rencontre-face-a-bielefeld-diffusee-en-direct-sur-youtube\/\" target=\"_blank\" rel=\"noreferrer nofollow noopener\">en direct sur YouTube<\/a>). A quelques heures de ce quatri\u00e8me rendez-vous de la pr\u00e9-saison, d\u00e9couvre tout ce qu\u2019il faut conna\u00eetre de cette formation qui sort d\u2019un exercice historique. <strong>Pr\u00e9sentation \ud83d\uddd3<\/strong><\/p>\n<blockquote class=\"ArticleTwitter_tweet__EkEsY twitter-tweet\" data-conversation=\"none\"><p><a class=\"twitter-tweet\" href=\"https:\/\/twitter.com\/AS_Monaco\/status\/1949009290590597291?ref_src=twsrc%5Etfw\" rel=\"nofollow noopener\" target=\"_blank\">4e match de pr\u00e9paration pour nos Mon\u00e9gasques\u26a1<\/p>\n<p>\ud83c\udd9a DSC Arminia Bielefeld<br \/>\n\ud83c\udfdf\ufe0f Sch\u00fccoArena<br \/>\n\ud83d\udd58 15H00<br \/>\n\ud83d\udcf2 #DSCASM <\/p>\n<p>Le match sera diffus\u00e9 en direct sur notre cha\u00eene YouTube \ud83d\udcfa <\/p>\n<p>\ud835\uddd7\ud835\uddee\ud835\uddf4\ud835\uddf5\ud835\uddf2 \ud835\udde0\ud835\ude02\ud835\uddfb\ud835\uddf2\ud835\uddf4\ud835\ude02 \ud83c\uddf2\ud83c\udde8<\/a><\/p>\n<p class=\"text-1\">\u00a0\u2013\u00a0Saturday, 26 July 2025<\/p>\n<\/blockquote>\n<p>Champion de 3e division allemande \ud83d\udc51<\/p>\n<p>Rel\u00e9gu\u00e9 en troisi\u00e8me division allemande en 2022-2023 apr\u00e8s avoir connu une double descente, l\u2019Arminia Bielefeld a mis fin \u00e0 l\u2019h\u00e9morragie la saison derni\u00e8re. Et de quelle mani\u00e8re ! Alors qu\u2019ils n\u2019\u00e9taient que huiti\u00e8mes \u00e0 la 23e journ\u00e9e de championnat, les Noir, Blanc et Bleu ont connu une remont\u00e9e fulgurante gr\u00e2ce \u00e0 12 victoires et deux nuls lors des 15 derniers matchs. 38 points pris sur 45 possibles qui leur ont ainsi permis de terminer <a href=\"https:\/\/www.transfermarkt.fr\/3-liga\/tabelle\/wettbewerb\/L3\/saison_id\/2024\" target=\"_blank\" rel=\"noreferrer nofollow noopener\">champions de la 3. Liga<\/a> pour la deuxi\u00e8me fois apr\u00e8s 2015.<\/p>\n<p>Un parcours historique en Coupe \ud83c\udfc6<\/p>\n<p>Si terminer champions \u00e9tait d\u00e9j\u00e0 remarquable, cela ne suffisait pas aux joueurs du DSC, qui ont dans le m\u00eame temps \u00e9t\u00e9 auteurs d\u2019une \u00e9pop\u00e9e sensationnelle en Coupe. Tombeur tour \u00e0 tour de Hanovre, de l\u2019Union Berlin, de Fribourg et du Werder Br\u00eame, le club de la Rh\u00e9nanie-du-Nord-Westphalie, dans le Nord-Ouest de l\u2019Allemagne, a ensuite terrass\u00e9 le champion d\u2019Allemagne en titre, <a href=\"https:\/\/www.asmonaco.com\/le-soir-ou-kamil-glik-inscrivait-un-but-danthologie-en-c1\/\" target=\"_blank\" rel=\"noreferrer nofollow noopener\">le Bayer Leverkusen<\/a> (2-1) en demi, pour atteindre sa premi\u00e8re finale de l\u2019histoire.<\/p>\n<p>Malheureusement, leur parcours a pris fin lors de la derni\u00e8re marche, non sans d\u00e9m\u00e9riter face \u00e0 Stuttgart, ne s\u2019inclinant que 4-2. Qu\u2019importe l\u2019issue, cet exploit pour un club de 3e division restera longtemps grav\u00e9 dans les m\u00e9moires puisque c\u2019est la premi\u00e8re fois qu\u2019une \u00e9quipe \u00e9limine quatre clubs de Bundesliga.<\/p>\n<p>Un entra\u00eeneur qui monte \ud83d\udcc8<\/p>\n<p>Arriv\u00e9 \u00e0 Bielefeld en juillet 2023, Mich\u00e9l Kniat a donc \u00e9t\u00e9 l\u2019homme \u00e0 la t\u00eate de la remont\u00e9e. Auparavant pass\u00e9 par le Blumenthaler SV et le SC Paderborn II en 5e division puis au SC Verl en 3e division, l\u2019entra\u00eeneur de 39 ans va donc d\u00e9sormais conna\u00eetre le deuxi\u00e8me \u00e9chelon du football allemand. Une progression constante pour lui qui veut voir son \u00e9quipe pratiquer un jeu offensif, intense avec du pressing \u00e0 la perte du ballon et ses joueurs courir beaucoup.<\/p>\n<p><img alt=\"Article image:Titre, Coupe d\u2019Allemagne, entra\u00eeneur\u2026 Tout savoir sur l\u2019Arminia Bielefeld\" decoding=\"async\" height=\"157.62962962962962\" loading=\"lazy\" src=\"https:\/\/www.europesays.com\/fr\/wp-content\/uploads\/2025\/07\/transform\" width=\"280\" class=\"ImageWithSets_of-image__img__pezo7 ImageWrapper_media-container__image__Rd2_F\" importance=\"low\"\/><\/p>\n<p>Cr\u00e9dit Photo : Icon Sport<\/p>\n<p>Une pr\u00e9paration charg\u00e9e \ud83c\udfcb\ufe0f<\/p>\n<p>Avec le championnat qui reprend le 2 ao\u00fbt, l\u2019Arminia est forc\u00e9ment en avance sur sa pr\u00e9paration par rapport \u00e0 l\u2019AS <a href=\"https:\/\/onefootball.com\/en\/team\/monaco-259\" rel=\"nofollow noopener\" target=\"_blank\">Monaco<\/a>, dont la reprise est pr\u00e9vue pour <a href=\"https:\/\/www.asmonaco.com\/decouvre-le-calendrier-de-las-monaco-pour-la-saison-2025-2026-de-ligue-1\/\" target=\"_blank\" rel=\"noreferrer nofollow noopener\">le week-end du 15 ao\u00fbt face au Havre<\/a>. La r\u00e9ception des Rouge et Blanc dans son enceinte de la Sch\u00fccoArena d\u2019une capacit\u00e9 de plus de 26 000 places sera en effet leur sixi\u00e8me et derni\u00e8re rencontre amicale de la pr\u00e9-saison. Et pour l\u2019heure, le bilan comptable est plus que positif avec quatre succ\u00e8s acquis et un nul.<\/p>\n<p>Des anciens joueurs du DSC pass\u00e9s par la Ligue 1 \ud83d\udd19<\/p>\n<p>Avant d\u2019\u00e9voquer les principales menaces du DSC, faisons un petit bond en arri\u00e8re et \u00e9voquons les visages connus pass\u00e9s par le club allemand. Si aucun joueur n\u2019a \u00e9volu\u00e9 \u00e0 l\u2019AS <a href=\"https:\/\/onefootball.com\/en\/team\/monaco-259\" rel=\"nofollow noopener\" target=\"_blank\">Monaco<\/a>, ils sont trois \u00e0 avoir jou\u00e9 en Ligue 1 : Pavel Fort, pass\u00e9 par Toulouse en 2007, Edi Fernandes, pr\u00eat\u00e9 \u00e0 Brest la saison derni\u00e8re, et Jonathan Clauss, aujourd\u2019hui \u00e0 Nice et auparavant \u00e0 Marseille et Lens.<\/p>\n<p><img alt=\"Article image:Titre, Coupe d\u2019Allemagne, entra\u00eeneur\u2026 Tout savoir sur l\u2019Arminia Bielefeld\" decoding=\"async\" height=\"157.62962962962962\" loading=\"lazy\" src=\"https:\/\/www.europesays.com\/fr\/wp-content\/uploads\/2025\/07\/1753554437_937_transform\" width=\"280\" class=\"ImageWithSets_of-image__img__pezo7 ImageWrapper_media-container__image__Rd2_F\" importance=\"low\"\/><\/p>\n<p>Les joueurs \u00e0 suivre<\/p>\n<p>Il fait partie des recrues estivales de l\u2019Arminia. D\u00e9barqu\u00e9 en pr\u00eat du RB Leipzig, Jonathan Norbye n\u2019a que 18 ans mais compte d\u00e9j\u00e0 un match de Bundesliga face \u00e0 Francfort lors de la derni\u00e8re journ\u00e9e. Pass\u00e9 dans toutes les cat\u00e9gories de jeunes avec la Norv\u00e8ge, le longiligne d\u00e9fenseur central d\u20191m94 vient de participer \u00e0 l\u2019Euro U19, affrontant notamment <a href=\"https:\/\/www.asmonaco.com\/paris-brunner-appele-en-equipe-dallemagne-pour-leuro-u19\/\" target=\"_blank\" rel=\"noreferrer nofollow noopener\">l\u2019Allemagne de Paris Brunner,<\/a> et sera \u00e0 Bielefeld pour continuer sa progression.<\/p>\n<blockquote class=\"ArticleBlockquote_blockquote__textContainer__mLLnU\">\n<p class=\"ArticleBlockquote_blockquote__text__nQkvW\">Velkommen til Bielefeld, Jonathan! \ud83d\udc4b<br \/>\n#immerdabei<br \/>\n[image or embed]<br \/>\n\u2014 DSC Arminia Bielefeld (@arminia.de) 23 juin 2025 \u00e0 11:02<\/p>\n<\/blockquote>\n<p>Il est entr\u00e9 dans l\u2019histoire durant la saison pass\u00e9e. Gr\u00e2ce \u00e0 son entr\u00e9e en jeu contre la r\u00e9serve de Stuttgart en mars dernier, Daniel Richter est devenu le plus jeune joueur \u00e0 porter les couleurs de l\u2019Arminia Bielefeld \u00e0 l\u2019\u00e2ge de 16 ans, 10 mois et 2 jours. Au club depuis les U10 et champion d\u2019Allemagne U17 en 2022-2023, l\u2019attaquant allemand compte quatre matchs avec les professionnels et effectue actuellement la pr\u00e9paration estivale, marquant deux fois.<\/p>\n<p>Il a \u00e9t\u00e9 l\u2019un des grands artisans de l\u2019exceptionnelle saison r\u00e9alis\u00e9e par les Noir, Blanc et Bleu. Auteur de 16 buts, dont 14 en championnat, Julian Kania figurait ainsi dans le top 10 des meilleurs buteurs de la troisi\u00e8me division allemande. \u00c9galement buteur en finale de Coupe, l\u2019attaquant de 23 ans est rest\u00e9 sur sa lanc\u00e9e durant la pr\u00e9paration puisqu\u2019il a trouv\u00e9 la faille \u00e0 quatre reprises et sera une grande menace pour la d\u00e9fense mon\u00e9gasque.<\/p>\n<p><a class=\"PublisherImprintLink_container__RL6Zd title-7-medium\" href=\"https:\/\/www.asmonaco.com\/mentions-legales\/\" rel=\"noreferrer nofollow noopener\" target=\"_blank\"><img alt=\"\" decoding=\"async\" loading=\"lazy\" width=\"24\" height=\"24\" data-nimg=\"1\" style=\"color:transparent\"  src=\"https:\/\/image-service.onefootball.com\/transform?w=48&amp;dpr=2&amp;image=https:\/\/images.onefootball.com\/cw\/icons\/info-light.svg\"\/>View publisher imprint<\/a>Share this article<img alt=\"string\" decoding=\"async\" loading=\"lazy\" width=\"24\" height=\"24\" data-nimg=\"1\" class=\"Snackbar_iconImage__XXOz2\" style=\"color:transparent\"  src=\"https:\/\/image-service.onefootball.com\/transform?w=48&amp;dpr=2&amp;image=https:\/\/images.onefootball.com\/cw\/icons\/close-light.svg\"\/><script async src=\"https:\/\/platform.twitter.com\/widgets.js\" charset=\"utf-8\"><\/script><\/p>\n","protected":false},"excerpt":{"rendered":"Alors que les Rouge et Blanc s\u2019appr\u00eatent \u00e0 disputer leur quatri\u00e8me match de pr\u00e9paration face \u00e0 l\u2019Arminia Bielefeld,&hellip;\n","protected":false},"author":2,"featured_media":275772,"comment_status":"","ping_status":"","sticky":false,"template":"","format":"standard","meta":{"footnotes":""},"categories":[1587],"tags":[11,672,1804,1805,1803,1777,674,1801,12,1802],"class_list":{"0":"post-275771","1":"post","2":"type-post","3":"status-publish","4":"format-standard","5":"has-post-thumbnail","7":"category-allemagne","8":"tag-actualites","9":"tag-allemagne","10":"tag-bundesrepublik-deutschland","11":"tag-de","12":"tag-deutschland","13":"tag-eu","14":"tag-europe","15":"tag-germany","16":"tag-news","17":"tag-republique-federale-dallemagne"},"share_on_mastodon":{"url":"https:\/\/pubeurope.com\/@fr\/114920950631723491","error":""},"_links":{"self":[{"href":"https:\/\/www.europesays.com\/fr\/wp-json\/wp\/v2\/posts\/275771","targetHints":{"allow":["GET"]}}],"collection":[{"href":"https:\/\/www.europesays.com\/fr\/wp-json\/wp\/v2\/posts"}],"about":[{"href":"https:\/\/www.europesays.com\/fr\/wp-json\/wp\/v2\/types\/post"}],"author":[{"embeddable":true,"href":"https:\/\/www.europesays.com\/fr\/wp-json\/wp\/v2\/users\/2"}],"replies":[{"embeddable":true,"href":"https:\/\/www.europesays.com\/fr\/wp-json\/wp\/v2\/comments?post=275771"}],"version-history":[{"count":0,"href":"https:\/\/www.europesays.com\/fr\/wp-json\/wp\/v2\/posts\/275771\/revisions"}],"wp:featuredmedia":[{"embeddable":true,"href":"https:\/\/www.europesays.com\/fr\/wp-json\/wp\/v2\/media\/275772"}],"wp:attachment":[{"href":"https:\/\/www.europesays.com\/fr\/wp-json\/wp\/v2\/media?parent=275771"}],"wp:term":[{"taxonomy":"category","embeddable":true,"href":"https:\/\/www.europesays.com\/fr\/wp-json\/wp\/v2\/categories?post=275771"},{"taxonomy":"post_tag","embeddable":true,"href":"https:\/\/www.europesays.com\/fr\/wp-json\/wp\/v2\/tags?post=275771"}],"curies":[{"name":"wp","href":"https:\/\/api.w.org\/{rel}","templated":true}]}}