{"id":275786,"date":"2025-07-26T18:37:07","date_gmt":"2025-07-26T18:37:07","guid":{"rendered":"https:\/\/www.europesays.com\/fr\/275786\/"},"modified":"2025-07-26T18:37:07","modified_gmt":"2025-07-26T18:37:07","slug":"les-poules-de-nationale-1-masculine-pour-la-saison-2025-26-basketeurope-com","status":"publish","type":"post","link":"https:\/\/www.europesays.com\/fr\/275786\/","title":{"rendered":"Les poules de Nationale 1 Masculine pour la saison 2025-26 &#8211; BasketEurope.com"},"content":{"rendered":"<ol>\n<li><a href=\"https:\/\/news.google.com\/rss\/articles\/CBMikgFBVV95cUxObnBPRXNWUjFSNWlnclBsZWhGWUN3RnN2dE1ra0lOeWdEQU1SOWhZU2xLbUhhazY5cXZtbWExS1c4VEFnUFItdF9mSlBmekxCMVFhNEMzLXlJMTZtZW5udjZyQzVod2xTeE1UVHA2Z3NEYThCQW80Uk9ZZlQzOUF5cEtVOXVFNjlyZUxRTWFWSnZWUQ?oc=5\" target=\"_blank\" rel=\"nofollow noopener\">Les poules de Nationale 1 Masculine pour la saison 2025-26<\/a>&nbsp;&nbsp;BasketEurope.com<\/li>\n<li><a href=\"https:\/\/news.google.com\/rss\/articles\/CBMirwFBVV95cUxOblF0UktsRjB4bFE2bU5XV2tKaW5EMjBzdkhnUEZMeHJCRk5OcEhkcUVfcjhFU0dtbG9tQ2dTZUY3eW5RNWJ5LTRLYk9tU2trdW5vRnprQ1hZeVZYZllvRnF2NWNsWWt2YXkyN2tCVmNScERUb0EzeTh6ZE1uam1icEVibFBxbll2RVVRNF8zU0d4RWNELUY1SVBXOWg0Vjl6dHdtMFZYbktoMEtSaXJj?oc=5\" target=\"_blank\" rel=\"nofollow noopener\">Basket &#8211; Nationale Masculine 1. Saint-Vallier Basket Dr\u00f4me conna\u00eet ses adversaires dans la poule B<\/a>&nbsp;&nbsp;Le Dauphin\u00e9 Lib\u00e9r\u00e9<\/li>\n<li><a href=\"https:\/\/news.google.com\/rss\/articles\/CBMi1wFBVV95cUxPeVRfUmtIN2tEVWVIc1MwZnFOZU01aEtuczJTRnJKZ1Znei1rMUFJWDJhbDFJYVJVMzhjSl9wMU9HNTdGSVg3UndwVzVxbDRNVm11cDFjRmNrblVZUGo3LW9KZ0V2S1JQSUZEb3BPanJ1YVdlRW5GblkybVZIRXE0OUM4Sms3NF9iRnNQS1Z2VmxNckc0NWFwS0I0R3ozdV9NRDR6QzRidnR1SUxUd05hNTBCSXdRRGd1OFRldFZDMEhEZm5wNXZDa0d1NFlwSllfLXNTcnZITQ?oc=5\" target=\"_blank\" rel=\"nofollow noopener\">Basket\/NM1 : le C&rsquo;Chartres MB conna\u00eet ses adversaires pour la saison 2025-2026<\/a>&nbsp;&nbsp;L\u2019\u00c9cho R\u00e9publicain<\/li>\n<li><a href=\"https:\/\/news.google.com\/rss\/articles\/CBMijgFBVV95cUxQSkUxMkdWRXlYYTRMdTJiRWVJZjVuZFBIMGFyZlJxZEkyUDFIWHItbHVVQm01RjFuMlNKaFpUSUJPbnQtUG9fODM1U2s3VUpDc2FzV21EcHJYclNGN05wOURFN3hEWUZMdXpjVDVwU3lrVFFtOVNQV25xdWxfY0VMRW5DNlM2YWgxUWxLQVlB?oc=5\" target=\"_blank\" rel=\"nofollow noopener\">Basket-ball &#8211; Nationale 1. Besan\u00e7on en terrain connu en 2025-2026<\/a>&nbsp;&nbsp;L&rsquo;Est R\u00e9publicain<\/li>\n<li><a href=\"https:\/\/news.google.com\/rss\/articles\/CBMiyAFBVV95cUxQcWM5bVlUbzRRMjRIay1yV3ZSbnpfQlFwRzJ5aHU5OHBBQ2NidS1JY3JSem94N3FHbnA3N0ZWYXl3ei1ZQmVmdzU5Nk8xbmIyYzhWSnc0ZXN2VGZCczZBb3ktNkh1eDlNQXJlUlRaWlJDMHowZVlRdlRVYlAwbGhBLUJMMVFFbGdlNEFWRkVwUmhCY0NRZkNKdG85U0dzbTEzd0VQc09YSGt0c29PVUFvSXJLOTZtaTNFNy1SZjJPYTFsSFNvbmpyag?oc=5\" target=\"_blank\" rel=\"nofollow noopener\">NM1 : le Cep Lorient conna\u00eet d\u00e9sormais ses adversaires de la saison prochaine<\/a>&nbsp;&nbsp;Le T\u00e9l\u00e9gramme<\/li>\n<\/ol>\n","protected":false},"excerpt":{"rendered":"Les poules de Nationale 1 Masculine pour la saison 2025-26&nbsp;&nbsp;BasketEurope.com Basket &#8211; Nationale Masculine 1. Saint-Vallier Basket Dr\u00f4me&hellip;\n","protected":false},"author":2,"featured_media":275787,"comment_status":"","ping_status":"","sticky":false,"template":"","format":"standard","meta":{"footnotes":""},"categories":[1414],"tags":[1465,1464,1011,27,60],"class_list":{"0":"post-275786","1":"post","2":"type-post","3":"status-publish","4":"format-standard","5":"has-post-thumbnail","7":"category-basket","8":"tag-basket","9":"tag-basketball","10":"tag-fr","11":"tag-france","12":"tag-sports"},"share_on_mastodon":{"url":"https:\/\/pubeurope.com\/@fr\/114920990005182867","error":""},"_links":{"self":[{"href":"https:\/\/www.europesays.com\/fr\/wp-json\/wp\/v2\/posts\/275786","targetHints":{"allow":["GET"]}}],"collection":[{"href":"https:\/\/www.europesays.com\/fr\/wp-json\/wp\/v2\/posts"}],"about":[{"href":"https:\/\/www.europesays.com\/fr\/wp-json\/wp\/v2\/types\/post"}],"author":[{"embeddable":true,"href":"https:\/\/www.europesays.com\/fr\/wp-json\/wp\/v2\/users\/2"}],"replies":[{"embeddable":true,"href":"https:\/\/www.europesays.com\/fr\/wp-json\/wp\/v2\/comments?post=275786"}],"version-history":[{"count":0,"href":"https:\/\/www.europesays.com\/fr\/wp-json\/wp\/v2\/posts\/275786\/revisions"}],"wp:featuredmedia":[{"embeddable":true,"href":"https:\/\/www.europesays.com\/fr\/wp-json\/wp\/v2\/media\/275787"}],"wp:attachment":[{"href":"https:\/\/www.europesays.com\/fr\/wp-json\/wp\/v2\/media?parent=275786"}],"wp:term":[{"taxonomy":"category","embeddable":true,"href":"https:\/\/www.europesays.com\/fr\/wp-json\/wp\/v2\/categories?post=275786"},{"taxonomy":"post_tag","embeddable":true,"href":"https:\/\/www.europesays.com\/fr\/wp-json\/wp\/v2\/tags?post=275786"}],"curies":[{"name":"wp","href":"https:\/\/api.w.org\/{rel}","templated":true}]}}