{"id":275788,"date":"2025-07-26T18:38:12","date_gmt":"2025-07-26T18:38:12","guid":{"rendered":"https:\/\/www.europesays.com\/fr\/275788\/"},"modified":"2025-07-26T18:38:12","modified_gmt":"2025-07-26T18:38:12","slug":"motogp-brno-j3-augusto-fernandez-yamaha-18-satisfait-mon-meilleur-tour-etait-a-05-de-celui-de-fabio","status":"publish","type":"post","link":"https:\/\/www.europesays.com\/fr\/275788\/","title":{"rendered":"MotoGP, Brno J3, Augusto Fern\u00e1ndez (Yamaha\/18) satisfait : \u00ab\u00a0Mon meilleur tour \u00e9tait \u00e0 0&Prime;5 de celui de Fabio\u00a0\u00bb"},"content":{"rendered":"<p><strong>S\u2019il a \u00e9volu\u00e9 loin au classement, Augusto Fern\u00e1ndez<br \/>\ns\u2019est montr\u00e9 satisfait de son GP de wild-card, qui l\u2019a vu se<br \/>\nrapprocher du rythme des autres pilotes Yamaha.<\/strong><\/p>\n<p>Pilote d\u2019essai pour Yamaha, <strong>Augusto Fern\u00e1ndez<\/strong> a<br \/>\npris part au Grand Prix de R\u00e9publique Tch\u00e8que le week-end dernier<br \/>\nen tant que wild-card. Ce n\u2019\u00e9tait pas son premier GP de la saison,<br \/>\npuisqu\u2019il avait remplac\u00e9 Miguel Oliveira, bless\u00e9, chez Pramac \u00e0<br \/>\nAustin, \u00e0 Losail et \u00e0 Jerez, et avait \u00e9galement r\u00e9alis\u00e9 une<br \/>\nwild-card en Aragon.<\/p>\n<p>Pr\u00e9sent pour mener des essais pour Yamaha tout en cherchant \u00e0<br \/>\n\u00eatre performant, l\u2019Espagnol a \u00e9t\u00e9 bien occup\u00e9 tout au long du<br \/>\nweek-end, qu\u2019il a pass\u00e9 dans le fond du classement. S\u2019il \u00e9tait<br \/>\nparvenu \u00e0 marquer quelques points \u00e0 deux reprises cette saison,<br \/>\ncette fois \u00e7a n\u2019a pas \u00e9t\u00e9 le cas. Qualifi\u00e9 en 21e et derni\u00e8re<br \/>\nposition, il a commis une erreur dans le deuxi\u00e8me tour de la course<br \/>\nsprint et a percut\u00e9 Takaaki Nakagami.<\/p>\n<p>Le Japonais s\u2019est d\u00e9chir\u00e9 le ligament du genou droit dans<br \/>\nl\u2019action et a d\u00fb d\u00e9clarer forfait alors qu\u2019il \u00e9tait pr\u00e9sent pour<br \/>\nremplacer Somkiat Chantra, bless\u00e9. <strong>Fern\u00e1ndez<\/strong> a<br \/>\npour sa part \u00e9cop\u00e9 d\u2019une p\u00e9nalit\u00e9 de long lap, qu\u2019il a effectu\u00e9 en<br \/>\ntout d\u00e9but de course dimanche. Une course en solitaire, qui l\u2019a vu<br \/>\nrester dernier du premier au dernier tour, mais avec une remont\u00e9e<br \/>\nsur le groupe devant lui.<\/p>\n<p><img loading=\"lazy\" decoding=\"async\" class=\"aligncenter size-full wp-image-1314434\" src=\"https:\/\/www.europesays.com\/fr\/wp-content\/uploads\/2025\/07\/Yamaha_Test_Team_Brno_Saturday_05.jpg\" alt=\"Augusto Fernandez Brno\" width=\"800\" height=\"533\"  \/><\/p>\n<p>Le num\u00e9ro #7 a ainsi conclu <a href=\"https:\/\/www.paddock-gp.com\/motogp-brno-j3-miguel-oliveira-yamaha-17-quelque-chose-detrange-sest-produit-puis-aldeguer-a-ruine-ma-course\/\" target=\"_blank\" rel=\"noopener nofollow\">\u00e0 sept dixi\u00e8mes de Miguel<br \/>\nOliveira<\/a>, autre pilote Yamaha, et s\u2019est montr\u00e9 satisfait de son<br \/>\nrythme, m\u00eame s\u2019il a termin\u00e9 en dehors des points. \u00ab\u00a0Je me<br \/>\nsuis retrouv\u00e9 seul assez t\u00f4t et j\u2019ai bien roul\u00e9. J\u2019\u00e9tais content de<br \/>\nma vitesse et je suis content d\u2019avoir pu rattraper le groupe devant<br \/>\nmoi\u00a0\u00bb, a-t-il d\u00e9clar\u00e9.<\/p>\n<p>\u00ab\u00a0Au d\u00e9but du week-end, j\u2019avais du mal \u00e0 \u00eatre dans le<br \/>\nrythme, donc je suis content d\u2019avoir \u00e9t\u00e9 plus ou moins au m\u00eame<br \/>\nniveau que les autres aujourd\u2019hui. Je suis \u00e9galement satisfait de<br \/>\nmon meilleur tour en course. Le meilleur tour de Fabio [Quartararo]<br \/>\n\u00e9tait encore environ 0\u20335 seconde plus rapide que le mien, mais je<br \/>\nsuis l\u00e0. Cette course nous a donn\u00e9 de bonnes informations apr\u00e8s mon<br \/>\nerreur d\u2019hier, c\u2019est donc important. Nous allons continuer \u00e0<br \/>\ntravailler et j\u2019appr\u00e9cie le processus.\u00a0\u00bb<\/p>\n<p><strong>R\u00e9sultats du Grand Prix de R\u00e9publique Tch\u00e8que<br \/>\n:<\/strong><\/p>\n<p><img loading=\"lazy\" decoding=\"async\" class=\"aligncenter size-full wp-image-1312898\" src=\"https:\/\/www.europesays.com\/fr\/wp-content\/uploads\/2025\/07\/Capture-decran-2025-07-20-161834.png\" alt=\"GP Brno\" width=\"796\" height=\"504\"  \/><\/p>\n<p>Cr\u00e9dit classement : <a href=\"https:\/\/www.motogp.com\/fr\" rel=\"nofollow noopener\" target=\"_blank\">MotoGP.com<\/a><\/p>\n","protected":false},"excerpt":{"rendered":"S\u2019il a \u00e9volu\u00e9 loin au classement, Augusto Fern\u00e1ndez s\u2019est montr\u00e9 satisfait de son GP de wild-card, qui l\u2019a&hellip;\n","protected":false},"author":2,"featured_media":275789,"comment_status":"","ping_status":"","sticky":false,"template":"","format":"standard","meta":{"footnotes":""},"categories":[1413],"tags":[1011,27,1457,1456,60],"class_list":{"0":"post-275788","1":"post","2":"type-post","3":"status-publish","4":"format-standard","5":"has-post-thumbnail","7":"category-moto","8":"tag-fr","9":"tag-france","10":"tag-moto","11":"tag-motocycle","12":"tag-sports"},"share_on_mastodon":{"url":"https:\/\/pubeurope.com\/@fr\/114920993861717038","error":""},"_links":{"self":[{"href":"https:\/\/www.europesays.com\/fr\/wp-json\/wp\/v2\/posts\/275788","targetHints":{"allow":["GET"]}}],"collection":[{"href":"https:\/\/www.europesays.com\/fr\/wp-json\/wp\/v2\/posts"}],"about":[{"href":"https:\/\/www.europesays.com\/fr\/wp-json\/wp\/v2\/types\/post"}],"author":[{"embeddable":true,"href":"https:\/\/www.europesays.com\/fr\/wp-json\/wp\/v2\/users\/2"}],"replies":[{"embeddable":true,"href":"https:\/\/www.europesays.com\/fr\/wp-json\/wp\/v2\/comments?post=275788"}],"version-history":[{"count":0,"href":"https:\/\/www.europesays.com\/fr\/wp-json\/wp\/v2\/posts\/275788\/revisions"}],"wp:featuredmedia":[{"embeddable":true,"href":"https:\/\/www.europesays.com\/fr\/wp-json\/wp\/v2\/media\/275789"}],"wp:attachment":[{"href":"https:\/\/www.europesays.com\/fr\/wp-json\/wp\/v2\/media?parent=275788"}],"wp:term":[{"taxonomy":"category","embeddable":true,"href":"https:\/\/www.europesays.com\/fr\/wp-json\/wp\/v2\/categories?post=275788"},{"taxonomy":"post_tag","embeddable":true,"href":"https:\/\/www.europesays.com\/fr\/wp-json\/wp\/v2\/tags?post=275788"}],"curies":[{"name":"wp","href":"https:\/\/api.w.org\/{rel}","templated":true}]}}