{"id":275790,"date":"2025-07-26T18:39:10","date_gmt":"2025-07-26T18:39:10","guid":{"rendered":"https:\/\/www.europesays.com\/fr\/275790\/"},"modified":"2025-07-26T18:39:10","modified_gmt":"2025-07-26T18:39:10","slug":"la-grille-de-depart-hamilton-elimine-en-q1-leclerc-dans-le-top-3","status":"publish","type":"post","link":"https:\/\/www.europesays.com\/fr\/275790\/","title":{"rendered":"la grille de d\u00e9part, Hamilton \u00e9limin\u00e9 en Q1, Leclerc dans le top 3 !"},"content":{"rendered":"<p class=\"text-align-justify\">Les qualifications du GP de Belgique viennent de s&rsquo;achever \u00e0 Spa. D\u00e9couvrez la grille de d\u00e9part de la treizi\u00e8me manche de la saison ci-dessous.\u00a0<\/p>\n<p class=\"text-align-justify\">Apr\u00e8s un sprint qu&rsquo;il a jug\u00e9 d\u00e9cevant malgr\u00e9 sa 3e place, cet apr\u00e8s-midi en qualifications, Lando Norris s&rsquo;est rattrap\u00e9 en signant la pole position du GP de Belgique. Demain, le Britannique prendra donc le d\u00e9part de la course devant son co\u00e9quipier, Oscar Piastri, et Charles Leclerc. Suivront ensuite Max Verstappen, Albon Alex et George Russell.\u00a0<\/p>\n<p class=\"text-align-justify\">Le week-end continue de tourner au cauchemar pour Lewis Hamilton, qui, apr\u00e8s s&rsquo;\u00eatre qualifi\u00e9 \u00e0 la 18e place sur la grille de d\u00e9part du sprint et avoir termin\u00e9 l&rsquo;\u00e9preuve \u00e0 la 15e place, le septuple champion du monde s&rsquo;est fait \u00e9liminer des qualifications d\u00e8s la Q1. Alors qu&rsquo;il \u00e9tait justement parvenu \u00e0 s&rsquo;en extirper, son chrono a \u00e9t\u00e9 annul\u00e9 pour un d\u00e9passement des limites de piste dans le Raidillon, le relayant ainsi \u00e0 la 16e place sur la grille de d\u00e9part de la course.\u00a0<\/p>\n<p>La grille de d\u00e9part du GP de Belgique de F1<\/p>\n<ol>\n<li>Lando Norris &#8211; McLaren<\/li>\n<li>Oscar Piastri &#8211; McLaren<\/li>\n<li>Charles Leclerc &#8211; Scuderia Ferrari<\/li>\n<li>Max Verstappen &#8211; Red Bull<\/li>\n<li>Alex Albon &#8211; Williams<\/li>\n<li>George Russell &#8211; Mercedes<\/li>\n<li>Yuki Tsunoda &#8211; Red Bull<\/li>\n<li>Isack Hadjar &#8211; Racing Bulls<\/li>\n<li>Liam Lawson &#8211; Racing Bulls<\/li>\n<li>Gabriel Bortoleto &#8211; Sauber<\/li>\n<li>Esteban Ocon &#8211; Haas<\/li>\n<li>Oliver Bearman &#8211; Haas<\/li>\n<li>Pierre Gasly &#8211; Alpine<\/li>\n<li>Nico Hulkenberg &#8211; Sauber<\/li>\n<li>Carlos Sainz &#8211; Williams<\/li>\n<li>Lewis Hamilton &#8211; Scuderia Ferrari<\/li>\n<li>Kimi Antonelli &#8211; Mercedes<\/li>\n<li>Fernando Alonso &#8211; Aston Martin<\/li>\n<li>Lance Stroll &#8211; Aston Martin<\/li>\n<li>Franco Colapinto &#8211; Alpine<\/li>\n<\/ol>\n<p>Les r\u00e9actions des pilotes apr\u00e8s les qualifications\u00a0<br \/>\nLando Norris &#8211; McLaren &#8211; Pole position<\/p>\n<blockquote>\n<p class=\"text-align-justify\">\u00ab\u00a0C&rsquo;est un tour correct. Je suis heureux. J&rsquo;\u00e9tais un peu inquiet apr\u00e8s ce qu&rsquo;il s&rsquo;est pass\u00e9. On avait quelques petits soucis. Mais j&rsquo;\u00e9tais confiant, apr\u00e8s hier, de pouvoir remonter aujourd&rsquo;hui, et je suis content d&rsquo;\u00eatre revenu au sommet.\u00a0\u00bb<\/p>\n<p class=\"text-align-justify\">\u00ab\u00a0Je n&rsquo;\u00e9tais pas le premier \u00e0 la sortie des stands, pas d&rsquo;air sale, on a am\u00e9lior\u00e9 les choses globalement, puis je me sentais bien avec la voiture. La voiture volait un peu tout le week-end. Oscar aussi fait du tr\u00e8s bon travail tout le week-end. On se pousse l&rsquo;un et l&rsquo;autre. C&rsquo;est difficile, parce que vous voyez plus facilement o\u00f9 sont vos points forts et vos points faibles. C&rsquo;est une belle bataille que nous vivons \u00e0 l&rsquo;heure actuelle.\u00a0\u00bb<\/p>\n<p class=\"text-align-justify\">\u00ab\u00a0Honn\u00eatement, je pr\u00e9f\u00e9rerais que ce soit sec, mais pour les fans&#8230; Il a tellement plu ces derni\u00e8res ann\u00e9es ! Ce serait bien qu&rsquo;on ait un dimanche sec, mais peu importe, qu&rsquo;il pleuve ou non, c&rsquo;est quelque chose \u00e0 laquelle on est habitu\u00e9 ici, la pluie.\u00a0\u00bb\u00a0<\/p>\n<\/blockquote>\n<p>                    Cha\u00eene TV et horaires du GP de Belgique de F1<\/p>\n<tr>\nSESSION<br \/>\nCHA\u00ceNE TV<br \/>\nDATE<br \/>\nHORAIRE<br \/>\n<\/tr>\n<tr>\n<td style=\"background-color:hsl(0, 0%, 100%);border:1px solid hsl(0, 0%, 90%);text-align:center;\">Course<\/td>\n<td style=\"background-color:hsl(0, 0%, 100%);border:1px solid hsl(0, 0%, 90%);text-align:center;\">Canal+<\/td>\n<td style=\"background-color:hsl(0, 0%, 100%);border:1px solid hsl(0, 0%, 90%);text-align:center;\">Dimanche 27 juillet<\/td>\n<td style=\"background-color:hsl(0, 0%, 100%);text-align:center;\">\u00c0 partir de 15h<\/td>\n<\/tr>\n<p>Cr\u00e9dit photo : Getty Images \/ Red Bull Pool Content.<\/p>\n","protected":false},"excerpt":{"rendered":"Les qualifications du GP de Belgique viennent de s&rsquo;achever \u00e0 Spa. D\u00e9couvrez la grille de d\u00e9part de la&hellip;\n","protected":false},"author":2,"featured_media":275791,"comment_status":"","ping_status":"","sticky":false,"template":"","format":"standard","meta":{"footnotes":""},"categories":[1412],"tags":[1451,1452,1453,1454,1455,1011,27,60],"class_list":{"0":"post-275790","1":"post","2":"type-post","3":"status-publish","4":"format-standard","5":"has-post-thumbnail","7":"category-f1","8":"tag-f1","9":"tag-formula-1","10":"tag-formula1","11":"tag-formule-1","12":"tag-formule1","13":"tag-fr","14":"tag-france","15":"tag-sports"},"share_on_mastodon":{"url":"https:\/\/pubeurope.com\/@fr\/114920997805661412","error":""},"_links":{"self":[{"href":"https:\/\/www.europesays.com\/fr\/wp-json\/wp\/v2\/posts\/275790","targetHints":{"allow":["GET"]}}],"collection":[{"href":"https:\/\/www.europesays.com\/fr\/wp-json\/wp\/v2\/posts"}],"about":[{"href":"https:\/\/www.europesays.com\/fr\/wp-json\/wp\/v2\/types\/post"}],"author":[{"embeddable":true,"href":"https:\/\/www.europesays.com\/fr\/wp-json\/wp\/v2\/users\/2"}],"replies":[{"embeddable":true,"href":"https:\/\/www.europesays.com\/fr\/wp-json\/wp\/v2\/comments?post=275790"}],"version-history":[{"count":0,"href":"https:\/\/www.europesays.com\/fr\/wp-json\/wp\/v2\/posts\/275790\/revisions"}],"wp:featuredmedia":[{"embeddable":true,"href":"https:\/\/www.europesays.com\/fr\/wp-json\/wp\/v2\/media\/275791"}],"wp:attachment":[{"href":"https:\/\/www.europesays.com\/fr\/wp-json\/wp\/v2\/media?parent=275790"}],"wp:term":[{"taxonomy":"category","embeddable":true,"href":"https:\/\/www.europesays.com\/fr\/wp-json\/wp\/v2\/categories?post=275790"},{"taxonomy":"post_tag","embeddable":true,"href":"https:\/\/www.europesays.com\/fr\/wp-json\/wp\/v2\/tags?post=275790"}],"curies":[{"name":"wp","href":"https:\/\/api.w.org\/{rel}","templated":true}]}}