{"id":275794,"date":"2025-07-26T18:41:11","date_gmt":"2025-07-26T18:41:11","guid":{"rendered":"https:\/\/www.europesays.com\/fr\/275794\/"},"modified":"2025-07-26T18:41:11","modified_gmt":"2025-07-26T18:41:11","slug":"lol-a-fixe-ses-conditions-a-everton-pour-fofana","status":"publish","type":"post","link":"https:\/\/www.europesays.com\/fr\/275794\/","title":{"rendered":"l\u2019OL a fix\u00e9 ses conditions \u00e0 Everton pour Fofana"},"content":{"rendered":"<p>                            <img width=\"770\" height=\"433\" src=\"https:\/\/www.europesays.com\/fr\/wp-content\/uploads\/2025\/07\/AFP__20250104__36T28JV__v1__HighRes__FblFraLigue1LyonMontpellier-770x433.jpg\" class=\"attachment-article size-article wp-post-image\" alt=\"Malick Fofana lors d'OL - Montpellier\" decoding=\"async\" fetchpriority=\"high\"  \/><\/p>\n<p>Malick Fofana lors d\u2019OL \u2013 Montpellier (Photo by OLIVIER CHASSIGNOLE \/ AFP)<\/p>\n<p>Dans le viseur d\u2019Everton, Malick Fofana devrait \u00eatre le prochain joueur de l\u2019OL \u00e0 faire ses valises. N\u00e9anmoins, le club lyonnais r\u00e9clame a minima 40 millions d\u2019euros sans bonus. Une somme que n\u2019ont pas atteint les Toffees sur leur premi\u00e8re offre.<\/p>\n<p>En se mettant en \u00e9vidence contre\u00a0<strong>Hambourg<\/strong>, Malick\u00a0<strong>Fofana<\/strong>\u00a0a-t-il soign\u00e9 ses adieux \u00e0 l\u2019OL ? Il est encore trop t\u00f4t pour dire que ce match amical \u00e9tait le dernier du Belge avec le club lyonnais. Toutefois, un d\u00e9part est plus que jamais d\u2019actualit\u00e9. Apr\u00e8s les 42 millions d\u2019euros de Rayan\u00a0<strong>Cherki<\/strong>, la grosse quinzaine pour Lucas\u00a0<strong>Perri<\/strong>, l\u2019<strong>OL<\/strong>\u00a0devrait bient\u00f4t recevoir une nouvelle somme importante sur son compte bancaire. Cela va logiquement affaiblir encore un peu plus le secteur offensif lyonnais, mais difficile pour le club de faire l\u2019impasse sur la valeur marchande de Malick\u00a0<strong>Fofana<\/strong>\u00a0\u00e0 la vue des finances et du dossier pr\u00e9sent\u00e9 \u00e0 la DNCG.<\/p>\n<p>Everton veut boucler vite<\/p>\n<p>Apr\u00e8s un an et demi, le Diable Rouge devrait donc mettre les voiles. Mais pour aller o\u00f9 ?\u00a0<strong>Everton<\/strong>\u00a0a fait une\u00a0<a href=\"https:\/\/www.olympique-et-lyonnais.com\/ol-mercato-everton-pret-a-saisir-laffaire-fofana,372950.html\" rel=\"nofollow noopener\" target=\"_blank\">premi\u00e8re offre<\/a>\u00a0comme r\u00e9v\u00e9l\u00e9 par Fabrizio\u00a0<strong>Romano<\/strong>\u00a0et confirm\u00e9 par\u00a0L\u2019Equipe. Seulement, elle est loin de r\u00e9pondre aux exigences rhodaniennes. Si un club veut s\u2019offrir Malick\u00a0<strong>Fofana<\/strong>, il devra mettre a minima 40 millions d\u2019euros sur la table. Le tout sans bonus ou int\u00e9ressement. Pour le moment, les Toffees n\u2019offriraient que 36 millions d\u2019euros, bonus compris. Pas suffisant donc, mais les discussions se poursuivent entre toutes les parties pour une issue favorable rapidement.<\/p>\n<p>\t\t\t\t\t<a href=\"https:\/\/www.olympique-et-lyonnais.com\/mercato-lol-vend-perri-a-leeds-pour-seize-millions-deuros,372961.html\" title=\"Mercato : l&#039;OL vend Perri \u00e0 Leeds pour seize millions d&#039;euros\" rel=\"nofollow noopener\" target=\"_blank\"><img loading=\"lazy\" width=\"580\" height=\"326\" src=\"https:\/\/www.europesays.com\/fr\/wp-content\/uploads\/2025\/07\/AFP__20240830__36F67TD__v1__HighRes__FblFraLigue1LyonStrasbourg-580x326.jpg\" class=\"attachment-actularge size-actularge wp-post-image\" alt=\"Lucas Perri, gardien de l'OL\" decoding=\"async\"  \/>\t\t\t\t\t<\/a><\/p>\n","protected":false},"excerpt":{"rendered":"Malick Fofana lors d\u2019OL \u2013 Montpellier (Photo by OLIVIER CHASSIGNOLE \/ AFP) Dans le viseur d\u2019Everton, Malick Fofana&hellip;\n","protected":false},"author":2,"featured_media":275795,"comment_status":"","ping_status":"","sticky":false,"template":"","format":"standard","meta":{"footnotes":""},"categories":[1410],"tags":[63,1011,27,1434,241,978,60],"class_list":{"0":"post-275794","1":"post","2":"type-post","3":"status-publish","4":"format-standard","5":"has-post-thumbnail","7":"category-football","8":"tag-football","9":"tag-fr","10":"tag-france","11":"tag-mercato","12":"tag-ol","13":"tag-olympique-lyonnais","14":"tag-sports"},"share_on_mastodon":{"url":"https:\/\/pubeurope.com\/@fr\/114921005814521483","error":""},"_links":{"self":[{"href":"https:\/\/www.europesays.com\/fr\/wp-json\/wp\/v2\/posts\/275794","targetHints":{"allow":["GET"]}}],"collection":[{"href":"https:\/\/www.europesays.com\/fr\/wp-json\/wp\/v2\/posts"}],"about":[{"href":"https:\/\/www.europesays.com\/fr\/wp-json\/wp\/v2\/types\/post"}],"author":[{"embeddable":true,"href":"https:\/\/www.europesays.com\/fr\/wp-json\/wp\/v2\/users\/2"}],"replies":[{"embeddable":true,"href":"https:\/\/www.europesays.com\/fr\/wp-json\/wp\/v2\/comments?post=275794"}],"version-history":[{"count":0,"href":"https:\/\/www.europesays.com\/fr\/wp-json\/wp\/v2\/posts\/275794\/revisions"}],"wp:featuredmedia":[{"embeddable":true,"href":"https:\/\/www.europesays.com\/fr\/wp-json\/wp\/v2\/media\/275795"}],"wp:attachment":[{"href":"https:\/\/www.europesays.com\/fr\/wp-json\/wp\/v2\/media?parent=275794"}],"wp:term":[{"taxonomy":"category","embeddable":true,"href":"https:\/\/www.europesays.com\/fr\/wp-json\/wp\/v2\/categories?post=275794"},{"taxonomy":"post_tag","embeddable":true,"href":"https:\/\/www.europesays.com\/fr\/wp-json\/wp\/v2\/tags?post=275794"}],"curies":[{"name":"wp","href":"https:\/\/api.w.org\/{rel}","templated":true}]}}