{"id":275808,"date":"2025-07-26T18:51:10","date_gmt":"2025-07-26T18:51:10","guid":{"rendered":"https:\/\/www.europesays.com\/fr\/275808\/"},"modified":"2025-07-26T18:51:10","modified_gmt":"2025-07-26T18:51:10","slug":"votre-cerveau-utilise-t-il-la-physique-quantique-des-chercheurs-relancent-lhypothese-folle","status":"publish","type":"post","link":"https:\/\/www.europesays.com\/fr\/275808\/","title":{"rendered":"Votre cerveau utilise-t-il la physique quantique ? Des chercheurs relancent l\u2019hypoth\u00e8se folle"},"content":{"rendered":"<p data-start=\"292\" data-end=\"796\">Depuis des d\u00e9cennies, on compare<br \/>\nvolontiers le cerveau humain \u00e0 un ordinateur. Mais cette m\u00e9taphore,<br \/>\naussi pratique soit-elle, risque de sous-estimer ce que notre<br \/>\norgane pensant accomplit r\u00e9ellement. Ultra-efficace, flexible,<br \/>\ncapable d\u2019apprendre, d\u2019imaginer ou de cr\u00e9er, le cerveau est bien<br \/>\nplus qu\u2019un r\u00e9seau de neurones m\u00e9caniques. Et si, plut\u00f4t que de<br \/>\ns\u2019inspirer de la technologie informatique classique, il fallait se<br \/>\ntourner vers un autre domaine, plus myst\u00e9rieux encore : la <a href=\"https:\/\/sciencepost.fr\/la-physique-quantique-vient-de-prendre-un-coup-de-chaud-et-cest-une-revolution\/\" target=\"_blank\" rel=\"noopener nofollow\">physique quantique<\/a> ?<\/p>\n<p data-start=\"798\" data-end=\"985\">C\u2019est l\u2019id\u00e9e audacieuse qu\u2019une<br \/>\nnouvelle \u00e9tude venue de l\u2019Universit\u00e9 de Shanghai remet au go\u00fbt du<br \/>\njour, en s\u2019appuyant sur un ph\u00e9nom\u00e8ne au nom presque magique :<br \/>\nl\u2019intrication quantique.<\/p>\n<p>Un cerveau quantique ? Une<br \/>\nvieille id\u00e9e toujours controvers\u00e9e<\/p>\n<p data-start=\"1054\" data-end=\"1615\">Dans les ann\u00e9es 1990, le<br \/>\nphysicien Roger Penrose et l\u2019anesth\u00e9siste Stuart Hameroff avaient<br \/>\nd\u00e9j\u00e0 formul\u00e9 une hypoth\u00e8se iconoclaste : la conscience humaine<br \/>\nserait le produit de ph\u00e9nom\u00e8nes quantiques \u00e0 l\u2019int\u00e9rieur m\u00eame des<br \/>\nneurones. Leur mod\u00e8le, baptis\u00e9 Orch-OR (r\u00e9duction objective<br \/>\norchestr\u00e9e), s\u2019est attir\u00e9 les foudres d\u2019une grande partie de la<br \/>\ncommunaut\u00e9 scientifique, faute de preuves concr\u00e8tes. Mais il a<br \/>\naussi ouvert une br\u00e8che dans notre compr\u00e9hension du cerveau : et si<br \/>\ncertains processus mentaux \u00e9chappaient aux simples lois de la<br \/>\nphysique classique ?<\/p>\n<p data-start=\"1617\" data-end=\"1901\">Car malgr\u00e9 des d\u00e9cennies de<br \/>\nrecherche en neurosciences, un myst\u00e8re demeure : comment le cerveau<br \/>\nparvient-il \u00e0 synchroniser des millions de neurones pour produire<br \/>\nune conscience unifi\u00e9e ? Cette orchestration reste difficile \u00e0<br \/>\nexpliquer par les seuls m\u00e9canismes \u00e9lectrochimiques connus.<\/p>\n<p>L\u2019intrication, ou la \u00ab magie<br \/>\n\u00bb de la physique quantique<\/p>\n<p data-start=\"1964\" data-end=\"2451\">L\u2019intrication quantique<br \/>\nd\u00e9signe un ph\u00e9nom\u00e8ne \u00e9trange, mais bien r\u00e9el, dans lequel deux<br \/>\nparticules (comme des photons) deviennent li\u00e9es de fa\u00e7on telle que<br \/>\nl\u2019\u00e9tat de l\u2019une d\u00e9pend instantan\u00e9ment de l\u2019autre, m\u00eame \u00e0 des<br \/>\nkilom\u00e8tres de distance. Albert Einstein lui-m\u00eame trouvait cela \u00ab<br \/>\ntrop bizarre \u00bb pour \u00eatre vrai, qualifiant ce lien invisible d\u2019\u00ab<br \/>\naction \u00e9trange \u00e0 distance \u00bb. Pourtant, l\u2019intrication est<br \/>\naujourd\u2019hui d\u00e9montr\u00e9e et utilis\u00e9e dans certains protocoles de<br \/>\ncommunication s\u00e9curis\u00e9e.<\/p>\n<p data-start=\"2453\" data-end=\"2922\">L\u2019\u00e9tude chinoise, publi\u00e9e dans<br \/>\n<a href=\"https:\/\/journals.aps.org\/pre\/abstract\/10.1103\/PhysRevE.110.024402\" target=\"_blank\" rel=\"noopener nofollow\">Physical Review E<\/a>, sugg\u00e8re que le cerveau humain<br \/>\npourrait exploiter ce ph\u00e9nom\u00e8ne. Les chercheurs ont mod\u00e9lis\u00e9<br \/>\nl\u2019effet de certaines vibrations infrarouges dans la my\u00e9line \u2014 cette<br \/>\ngaine grasse qui enveloppe les axones des neurones. Selon leurs<br \/>\ncalculs, cette structure cylindrique pourrait constituer un<br \/>\nenvironnement id\u00e9al pour g\u00e9n\u00e9rer des paires de photons intriqu\u00e9s,<br \/>\ncapables de se d\u00e9placer dans diff\u00e9rentes r\u00e9gions du cerveau.<\/p>\n<p>Une nouvelle forme de<br \/>\ncommunication neuronale ?<\/p>\n<p data-start=\"2977\" data-end=\"3308\">Pour les auteurs, cette<br \/>\nhypoth\u00e8se pourrait \u00e9clairer le myst\u00e8re de la synchronisation<br \/>\nneuronale. Si l\u2019intrication permet une forme de communication quasi<br \/>\ninstantan\u00e9e entre r\u00e9gions c\u00e9r\u00e9brales \u00e9loign\u00e9es, alors le cerveau<br \/>\ndisposerait d\u2019un v\u00e9ritable r\u00e9seau quantique naturel, bien plus<br \/>\nrapide que les signaux \u00e9lectriques classiques.<\/p>\n<p data-start=\"3310\" data-end=\"3642\">Ils \u00e9voquent m\u00eame l\u2019id\u00e9e que<br \/>\nces photons intriqu\u00e9s pourraient constituer une \u00ab ressource de<br \/>\ncommunication quantique \u00bb au sein du syst\u00e8me nerveux. Autrement dit<br \/>\n: le cerveau pourrait utiliser certaines lois du monde subatomique<br \/>\npour optimiser sa transmission d\u2019information, voire g\u00e9n\u00e9rer des<br \/>\nph\u00e9nom\u00e8nes complexes comme la conscience.<\/p>\n<p><img loading=\"lazy\" data-lazyloaded=\"1\" decoding=\"async\" class=\"size-full wp-image-313191\" src=\"https:\/\/sciencepost.fr\/wp-content\/uploads\/2025\/07\/x1-66ba40febca86.avif\" alt=\"cerveau quantique intrication\" width=\"980\" height=\"551\"  data-\/><br \/>\nUn examen plus approfondi des cylindres de my\u00e9line et de leur<br \/>\nemplacement le long de l\u2019axone du neurone. Cr\u00e9dits : Liu et al.,<br \/>\nPhysical Review E, 2024Science ou science-fiction<br \/>\n?<\/p>\n<p data-start=\"3678\" data-end=\"4030\">Soyons clairs : ces r\u00e9sultats<br \/>\nrestent purement th\u00e9oriques. Aucune preuve exp\u00e9rimentale directe de<br \/>\nce m\u00e9canisme n\u2019a \u00e9t\u00e9 observ\u00e9e dans un cerveau vivant. Le d\u00e9fi est<br \/>\n\u00e9norme : il s\u2019agirait de d\u00e9tecter des photons intriqu\u00e9s dans un<br \/>\nenvironnement biologique chaud, humide et chaotique. Autrement dit,<br \/>\nexactement ce que les syst\u00e8mes quantiques d\u00e9testent.<\/p>\n<p data-start=\"4032\" data-end=\"4290\">Mais cela n\u2019emp\u00eache pas les<br \/>\nchercheurs d\u2019y croire. Comme le souligne l\u2019un des co-auteurs,<br \/>\nYong-Cong Chen, si l\u2019\u00e9volution cherchait un moyen d\u2019\u00e9tablir une<br \/>\ncoordination rapide et pr\u00e9cise entre neurones, l\u2019intrication<br \/>\nquantique serait un candidat fascinant.<\/p>\n<p>Une fronti\u00e8re entre deux<br \/>\nmondes<\/p>\n<p data-start=\"4329\" data-end=\"4655\">M\u00eame si cette hypoth\u00e8se reste<br \/>\nsp\u00e9culative, elle alimente un d\u00e9bat essentiel : jusqu\u2019o\u00f9 la<br \/>\nbiologie peut-elle rencontrer la physique quantique ? D\u2019autres<br \/>\ndomaines \u2014 comme la photosynth\u00e8se ou la navigation chez certains<br \/>\noiseaux \u2014 ont d\u00e9j\u00e0 montr\u00e9 que des m\u00e9canismes quantiques pouvaient<br \/>\nintervenir dans des processus biologiques.<\/p>\n<p data-start=\"4657\" data-end=\"4990\">Alors, pourquoi pas le cerveau<br \/>\n? Peut-\u00eatre d\u00e9couvrira-t-on un jour que ce que nous appelons<br \/>\naujourd\u2019hui \u00ab conscience \u00bb est le fruit d\u2019un enchev\u00eatrement subtil<br \/>\nentre chimie, \u00e9lectricit\u00e9, et ph\u00e9nom\u00e8nes quantiques insoup\u00e7onn\u00e9s.<br \/>\nEn attendant, la science continue de tester les limites de<br \/>\nl\u2019imaginable \u2014 et c\u2019est bien l\u00e0 tout son pouvoir.<\/p>\n","protected":false},"excerpt":{"rendered":"Depuis des d\u00e9cennies, on compare volontiers le cerveau humain \u00e0 un ordinateur. Mais cette m\u00e9taphore, aussi pratique soit-elle,&hellip;\n","protected":false},"author":2,"featured_media":275809,"comment_status":"","ping_status":"","sticky":false,"template":"","format":"standard","meta":{"footnotes":""},"categories":[7],"tags":[1011,27,43,40,41,39,42,44],"class_list":{"0":"post-275808","1":"post","2":"type-post","3":"status-publish","4":"format-standard","5":"has-post-thumbnail","7":"category-sciences-et-technologies","8":"tag-fr","9":"tag-france","10":"tag-science","11":"tag-science-and-technology","12":"tag-sciences","13":"tag-sciences-et-technologies","14":"tag-technologies","15":"tag-technology"},"share_on_mastodon":{"url":"https:\/\/pubeurope.com\/@fr\/114921044940117143","error":""},"_links":{"self":[{"href":"https:\/\/www.europesays.com\/fr\/wp-json\/wp\/v2\/posts\/275808","targetHints":{"allow":["GET"]}}],"collection":[{"href":"https:\/\/www.europesays.com\/fr\/wp-json\/wp\/v2\/posts"}],"about":[{"href":"https:\/\/www.europesays.com\/fr\/wp-json\/wp\/v2\/types\/post"}],"author":[{"embeddable":true,"href":"https:\/\/www.europesays.com\/fr\/wp-json\/wp\/v2\/users\/2"}],"replies":[{"embeddable":true,"href":"https:\/\/www.europesays.com\/fr\/wp-json\/wp\/v2\/comments?post=275808"}],"version-history":[{"count":0,"href":"https:\/\/www.europesays.com\/fr\/wp-json\/wp\/v2\/posts\/275808\/revisions"}],"wp:featuredmedia":[{"embeddable":true,"href":"https:\/\/www.europesays.com\/fr\/wp-json\/wp\/v2\/media\/275809"}],"wp:attachment":[{"href":"https:\/\/www.europesays.com\/fr\/wp-json\/wp\/v2\/media?parent=275808"}],"wp:term":[{"taxonomy":"category","embeddable":true,"href":"https:\/\/www.europesays.com\/fr\/wp-json\/wp\/v2\/categories?post=275808"},{"taxonomy":"post_tag","embeddable":true,"href":"https:\/\/www.europesays.com\/fr\/wp-json\/wp\/v2\/tags?post=275808"}],"curies":[{"name":"wp","href":"https:\/\/api.w.org\/{rel}","templated":true}]}}