{"id":275824,"date":"2025-07-26T18:59:20","date_gmt":"2025-07-26T18:59:20","guid":{"rendered":"https:\/\/www.europesays.com\/fr\/275824\/"},"modified":"2025-07-26T18:59:20","modified_gmt":"2025-07-26T18:59:20","slug":"match-de-preparation-las-nancy-lorraine-fait-respecter-la-logique-en-simposant-face-au-sas-epinal-2-3","status":"publish","type":"post","link":"https:\/\/www.europesays.com\/fr\/275824\/","title":{"rendered":"match de pr\u00e9paration. L&rsquo;AS Nancy-Lorraine fait respecter la logique en s&rsquo;imposant face au SAS Epinal (2-3)"},"content":{"rendered":"<p>Apr\u00e8s deux rencontres sans victoire dans son entame de pr\u00e9paration, le SA Spinalien retrouve, ce samedi \u00e0 Vittel, une AS Nancy-Lorraine qui a su tenir t\u00eate \u00e0 deux grosses cylindr\u00e9es de Ligue 1, l&rsquo;OGC Nice et le RC Strasbourg il y a quelques jours. Pour les Spinaliens, il s&rsquo;agira de renforcer les automatismes et de gommer le n\u00e9gatif. Les Nanc\u00e9iens chercheront eux \u00e0 confirmer les bonnes prouesses affich\u00e9es jusqu&rsquo;ici. Apr\u00e8s 45 premi\u00e8res minutes o\u00f9 ils ont totalement domin\u00e9, les hommes de Pablo Correa rentrent aux vestiaires avec une avance de deux buts. Au cours d&rsquo;une seconde mi-temps o\u00f9 ils ont tent\u00e9 de r\u00e9agir, les Vosgiens sont revenus mais ont finalement d\u00fb baisser les armes. Revivez la rencontre avec nous.<\/p>\n<p>&#13;<br \/>\n              Luc St\u00e9venot &#8211; &#13;<br \/>\n        &#13;<br \/>\n          Aujourd&rsquo;hui \u00e0 16:45&#13;<br \/>\n    &#13;<br \/>\n                  | mis \u00e0 jour aujourd&rsquo;hui \u00e0 20:37&#13;<br \/>\n              &#8211; Temps de lecture : &#13;<br \/>\n  &#13;\n<\/p>\n<p>                        &#13;<br \/>\n    &#13;<br \/>\n    &#13;<br \/>\n    <a href=\"https:\/\/cdn-s-www.vosgesmatin.fr\/images\/23874C0B-74CE-4D28-9BE4-D7664B035E86\/NW_raw\/darell-tokpa-et-les-spinaliens-defient-les-nanceiens-a-vittel-ce-samedi-photo-lea-didier-1753438661.jpg\" title=\"Darell Tokpa et les Spinaliens d\u00e9fient les Nanc\u00e9iens \u00e0 Vittel ce samedi.\u00a0Photo L\u00e9a Didier\" class=\"chocolat-image GA-tracking\" data-ga_type=\"click\" data-ga_category=\"D\u00e9tail\" data-ga_action=\"zoomer\" data-ga_label=\"aggrandir image\" target=\"_blank\" rel=\"noopener\">&#13;<br \/>\n        <img src=\"https:\/\/www.europesays.com\/fr\/wp-content\/uploads\/2025\/07\/darell-tokpa-et-les-spinaliens-defient-les-nanceiens-a-vittel-ce-samedi-photo-lea-didier-1753438661..jpeg\"   alt=\"Darell Tokpa et les Spinaliens d\u00e9fient les Nanc\u00e9iens \u00e0 Vittel ce samedi.\u00a0Photo L\u00e9a Didier\" fetchpriority=\"high\" decoding=\"async\" data-mobile=\"NW_detail_M|1753438661\" data-base=\"NW_detail|1753438661\"\/>&#13;<br \/>\n    <\/a>&#13;<\/p>\n<p>Darell Tokpa et les Spinaliens d\u00e9fient les Nanc\u00e9iens \u00e0 Vittel ce samedi.\u00a0Photo L\u00e9a Didier<\/p>\n","protected":false},"excerpt":{"rendered":"Apr\u00e8s deux rencontres sans victoire dans son entame de pr\u00e9paration, le SA Spinalien retrouve, ce samedi \u00e0 Vittel,&hellip;\n","protected":false},"author":2,"featured_media":275825,"comment_status":"","ping_status":"","sticky":false,"template":"","format":"standard","meta":{"footnotes":""},"categories":[9635],"tags":[1111,11,3703,3545,778,1777,674,107,1701,1795,63,1011,27,775,1702,12,25,1793,517,1700,2225,774],"class_list":{"0":"post-275824","1":"post","2":"type-post","3":"status-publish","4":"format-standard","5":"has-post-thumbnail","7":"category-nancy","8":"tag-actu","9":"tag-actualites","10":"tag-asnl","11":"tag-direct-sport","12":"tag-epinal","13":"tag-eu","14":"tag-europe","15":"tag-fil-info","16":"tag-fil-info-sport","17":"tag-fil-web","18":"tag-football","19":"tag-fr","20":"tag-france","21":"tag-grand-est","22":"tag-nancy","23":"tag-news","24":"tag-republique-francaise","25":"tag-sas-football-epinal","26":"tag-sport","27":"tag-sport-lorrain","28":"tag-vittel","29":"tag-vosges"},"share_on_mastodon":{"url":"https:\/\/pubeurope.com\/@fr\/114921076360370400","error":""},"_links":{"self":[{"href":"https:\/\/www.europesays.com\/fr\/wp-json\/wp\/v2\/posts\/275824","targetHints":{"allow":["GET"]}}],"collection":[{"href":"https:\/\/www.europesays.com\/fr\/wp-json\/wp\/v2\/posts"}],"about":[{"href":"https:\/\/www.europesays.com\/fr\/wp-json\/wp\/v2\/types\/post"}],"author":[{"embeddable":true,"href":"https:\/\/www.europesays.com\/fr\/wp-json\/wp\/v2\/users\/2"}],"replies":[{"embeddable":true,"href":"https:\/\/www.europesays.com\/fr\/wp-json\/wp\/v2\/comments?post=275824"}],"version-history":[{"count":0,"href":"https:\/\/www.europesays.com\/fr\/wp-json\/wp\/v2\/posts\/275824\/revisions"}],"wp:featuredmedia":[{"embeddable":true,"href":"https:\/\/www.europesays.com\/fr\/wp-json\/wp\/v2\/media\/275825"}],"wp:attachment":[{"href":"https:\/\/www.europesays.com\/fr\/wp-json\/wp\/v2\/media?parent=275824"}],"wp:term":[{"taxonomy":"category","embeddable":true,"href":"https:\/\/www.europesays.com\/fr\/wp-json\/wp\/v2\/categories?post=275824"},{"taxonomy":"post_tag","embeddable":true,"href":"https:\/\/www.europesays.com\/fr\/wp-json\/wp\/v2\/tags?post=275824"}],"curies":[{"name":"wp","href":"https:\/\/api.w.org\/{rel}","templated":true}]}}