{"id":275829,"date":"2025-07-26T19:03:15","date_gmt":"2025-07-26T19:03:15","guid":{"rendered":"https:\/\/www.europesays.com\/fr\/275829\/"},"modified":"2025-07-26T19:03:15","modified_gmt":"2025-07-26T19:03:15","slug":"une-folle-course-poursuite-mene-les-forces-de-lherault-jusquau-gard","status":"publish","type":"post","link":"https:\/\/www.europesays.com\/fr\/275829\/","title":{"rendered":"une folle course poursuite m\u00e8ne les forces de l\u2019H\u00e9rault jusqu\u2019au Gard"},"content":{"rendered":"<p>            Par<br \/>\n        <strong><br \/>\n            <a href=\"https:\/\/actu.fr\/auteur\/metropoop\" title=\"Consulter tous les articles de R\u00e9daction M\u00e9tropolitain\" target=\"_blank\" rel=\"noopener\">R\u00e9daction M\u00e9tropolitain<\/a><br \/>\n        <\/strong><\/p>\n<p>        Publi\u00e9 le<\/p>\n<p>            26 juil. 2025 \u00e0 19h26        <\/p>\n<p>Dans la nuit du jeudi 24 au vendredi 25 juillet 2025, un simple<strong> refus d\u2019obtemp\u00e9rer<\/strong> a donn\u00e9 lieu \u00e0 une <strong>course-poursuite spectaculaire<\/strong> qui a commenc\u00e9 pr\u00e8s de Palavas-les-Flots, au sud de Montpellier, dans l\u2019H\u00e9rault, et a termin\u00e9 \u00e0 L\u00e9denon, dans le Gard.<\/p>\n<p>Une fuite effr\u00e9n\u00e9e\u00a0<\/p>\n<p class=\" wall-content\">Vers 3h40 du matin, un homme d\u2019une trentaine d\u2019ann\u00e9es, d\u00e9j\u00e0 <strong>bien connu des services de police<\/strong>, a pris la fuite avec un passager \u00e0 bord. Pris en chasse par la Bac (brigade anti-criminalit\u00e9) de Montpellier, puis par des agents du Gard, il a parcouru <strong>plus de 70 kilom\u00e8tres<\/strong>, jusqu\u2019\u00e0 l\u2019aire d\u2019autoroute de L\u00e9denon, o\u00f9 il a finalement \u00e9t\u00e9 arr\u00eat\u00e9 vers 5 heures. Les policiers n\u2019ont pas h\u00e9sit\u00e9 \u00e0 tirer dans les pneus pour tenter de stopper le fuyard.<\/p>\n<p class=\" wall-content\"><a href=\"https:\/\/actu.fr\/occitanie\/ledenon_30145\/un-homme-intercepte-sur-l-autoroute-a9-apres-90-minutes-d-une-folle-course-poursuite-nocturne_62959528.html\" target=\"_blank\" rel=\"noopener\"><strong>&gt;<\/strong> R\u00e9cit complet par ici<\/a>.\u00a0<\/p>\n<p class=\" wall-content\">Suivez toute l\u2019actualit\u00e9 de vos villes et m\u00e9dias favoris en vous inscrivant \u00e0 <a href=\"https:\/\/moncompte.actu.fr\" title=\"D\u00e9couvez Mon Actu\" rel=\"nofollow noopener\" data-trk=\"{&quot;cta&quot;:{&quot;action&quot;:&quot;https:\\\/\\\/moncompte.actu.fr&quot;,&quot;category&quot;:&quot;mon compte&quot;,&quot;from&quot;:&quot;article footer&quot;,&quot;name&quot;:&quot;Mon actu&quot;,&quot;type&quot;:&quot;cta&quot;}}\" target=\"_blank\">Mon Actu<\/a>.<\/p>\n<ul class=\"ac-article-tag wall-content\">\n<li><a href=\"https:\/\/actu.fr\/tag\/police\" data-trk=\"{&quot;cta&quot;:{&quot;action&quot;:&quot;Police&quot;,&quot;category&quot;:&quot;tag&quot;,&quot;from&quot;:&quot;article footer&quot;,&quot;name&quot;:&quot;Police&quot;,&quot;type&quot;:&quot;cta&quot;}}\" target=\"_blank\" rel=\"noopener\">#Police<\/a><\/li>\n<li><a href=\"https:\/\/actu.fr\/tag\/securite-routiere\" data-trk=\"{&quot;cta&quot;:{&quot;action&quot;:&quot;S\\u00e9curit\\u00e9 routi\\u00e8re&quot;,&quot;category&quot;:&quot;tag&quot;,&quot;from&quot;:&quot;article footer&quot;,&quot;name&quot;:&quot;S\\u00e9curit\\u00e9 routi\\u00e8re&quot;,&quot;type&quot;:&quot;cta&quot;}}\" target=\"_blank\" rel=\"noopener\">#S\u00e9curit\u00e9 routi\u00e8re<\/a><\/li>\n<\/ul>\n","protected":false},"excerpt":{"rendered":"Par R\u00e9daction M\u00e9tropolitain Publi\u00e9 le 26 juil. 2025 \u00e0 19h26 Dans la nuit du jeudi 24 au vendredi&hellip;\n","protected":false},"author":2,"featured_media":275830,"comment_status":"","ping_status":"","sticky":false,"template":"","format":"standard","meta":{"footnotes":""},"categories":[9599],"tags":[1111,11,1777,674,1011,27,2208,12,2680,1072,25,5009,104],"class_list":{"0":"post-275829","1":"post","2":"type-post","3":"status-publish","4":"format-standard","5":"has-post-thumbnail","7":"category-montpellier","8":"tag-actu","9":"tag-actualites","10":"tag-eu","11":"tag-europe","12":"tag-fr","13":"tag-france","14":"tag-montpellier","15":"tag-news","16":"tag-occitanie","17":"tag-police","18":"tag-republique-francaise","19":"tag-securite-routiere","20":"tag-societe"},"share_on_mastodon":{"url":"https:\/\/pubeurope.com\/@fr\/114921092037901329","error":""},"_links":{"self":[{"href":"https:\/\/www.europesays.com\/fr\/wp-json\/wp\/v2\/posts\/275829","targetHints":{"allow":["GET"]}}],"collection":[{"href":"https:\/\/www.europesays.com\/fr\/wp-json\/wp\/v2\/posts"}],"about":[{"href":"https:\/\/www.europesays.com\/fr\/wp-json\/wp\/v2\/types\/post"}],"author":[{"embeddable":true,"href":"https:\/\/www.europesays.com\/fr\/wp-json\/wp\/v2\/users\/2"}],"replies":[{"embeddable":true,"href":"https:\/\/www.europesays.com\/fr\/wp-json\/wp\/v2\/comments?post=275829"}],"version-history":[{"count":0,"href":"https:\/\/www.europesays.com\/fr\/wp-json\/wp\/v2\/posts\/275829\/revisions"}],"wp:featuredmedia":[{"embeddable":true,"href":"https:\/\/www.europesays.com\/fr\/wp-json\/wp\/v2\/media\/275830"}],"wp:attachment":[{"href":"https:\/\/www.europesays.com\/fr\/wp-json\/wp\/v2\/media?parent=275829"}],"wp:term":[{"taxonomy":"category","embeddable":true,"href":"https:\/\/www.europesays.com\/fr\/wp-json\/wp\/v2\/categories?post=275829"},{"taxonomy":"post_tag","embeddable":true,"href":"https:\/\/www.europesays.com\/fr\/wp-json\/wp\/v2\/tags?post=275829"}],"curies":[{"name":"wp","href":"https:\/\/api.w.org\/{rel}","templated":true}]}}