{"id":275831,"date":"2025-07-26T19:07:25","date_gmt":"2025-07-26T19:07:25","guid":{"rendered":"https:\/\/www.europesays.com\/fr\/275831\/"},"modified":"2025-07-26T19:07:25","modified_gmt":"2025-07-26T19:07:25","slug":"isere-il-grille-un-feu-blesse-gravement-une-motocycliste-et-prend-la-fuite","status":"publish","type":"post","link":"https:\/\/www.europesays.com\/fr\/275831\/","title":{"rendered":"Is\u00e8re. Il grille un feu, blesse gravement une motocycliste et prend la fuite"},"content":{"rendered":"<p>Une motocycliste domicili\u00e9e \u00e0 Sassenage a \u00e9t\u00e9 gravement bless\u00e9e dans la nuit de vendredi \u00e0 samedi apr\u00e8s avoir \u00e9t\u00e9 percut\u00e9e par un chauffard qui a ensuite pris la fuite.<\/p>\n<p>L\u2019accident s\u2019est produit peu apr\u00e8s 1\u00a0h\u00a015 \u00e0 l\u2019intersection entre l\u2019avenue de Romans et le chemin du Vinay \u00e0 Sassenage, \u00e0 la hauteur de la station Total, lorsqu\u2019un automobiliste\u00a0a grill\u00e9 un feu rouge et a heurt\u00e9 de plein fouet la motocycliste qui circulait normalement et venait de passer au feu vert.<\/p>\n<p>Ce contenu est bloqu\u00e9 car vous n&rsquo;avez pas accept\u00e9 les cookies et autres traceurs.<\/p>\n<p>En cliquant sur \u00ab J\u2019accepte \u00bb, les cookies et autres traceurs seront d\u00e9pos\u00e9s et vous pourrez visualiser les contenus  (<a href=\"\" class=\"consentModule_policy\" target=\"_blank\" title=\"Consulter la politique de protection des donn\u00e9es du fournisseur\">plus d&rsquo;informations<\/a>).<\/p>\n<p>En cliquant sur \u00ab J\u2019accepte tous les cookies \u00bb, vous autorisez des d\u00e9p\u00f4ts de cookies et autres traceurs pour le stockage de vos donn\u00e9es sur nos sites et applications \u00e0 des fins de personnalisation et de ciblage publicitaire.<\/p>\n<p class=\"consentModule_secondaryText\">Vous gardez la possibilit\u00e9 de retirer votre consentement \u00e0 tout moment en consultant notre <a href=\"https:\/\/www.ledauphine.com\/protection-des-donnees\" target=\"_blank\" title=\"Consulter notre politique de protection des donn\u00e9es\" rel=\"noopener\">politique de protection des donn\u00e9es<\/a>. <br \/>&#13;<br \/>\n            <a href=\"https:\/\/www.ledauphine.com\/faits-divers-justice\/2025\/07\/26\/javascript:Didomi.notice.show()\" class=\"consentModule_cmp\" target=\"_blank\" rel=\"noopener\">G\u00e9rer mes choix<\/a>&#13;\n        <\/p>\n<p>&#13;<br \/>\n                        J&rsquo;accepte&#13;<br \/>\n            J&rsquo;accepte tous les cookies&#13;\n        <\/p>\n<p>Peu apr\u00e8s le choc, le conducteur a pris la fuite \u00e0 pied et a \u00e9t\u00e9 pris en charge par une autre voiture.<\/p>\n<p>Une enqu\u00eate ouverte pour identifier le chauffard<\/p>\n<p>Sur place, les sapeurs-pompiers ont port\u00e9 assistance \u00e0 la motocycliste, notamment victime de fractures ouvertes \u00e0 un poignet et \u00e0 une cheville. Polytraumatis\u00e9e, elle a \u00e9t\u00e9 m\u00e9dicalis\u00e9e par une \u00e9quipe du Samu avant d\u2019\u00eatre dirig\u00e9e vers le CHU Grenoble Alpes. Les gendarmes de la brigade de Sassenage ont ouvert une enqu\u00eate pour identifier le chauffard.<\/p>\n","protected":false},"excerpt":{"rendered":"Une motocycliste domicili\u00e9e \u00e0 Sassenage a \u00e9t\u00e9 gravement bless\u00e9e dans la nuit de vendredi \u00e0 samedi apr\u00e8s avoir&hellip;\n","protected":false},"author":2,"featured_media":275832,"comment_status":"","ping_status":"","sticky":false,"template":"","format":"standard","meta":{"footnotes":""},"categories":[9566],"tags":[119,1111,11,2430,112,1777,674,274,107,1011,27,2731,108,12278,12,25,16668],"class_list":{"0":"post-275831","1":"post","2":"type-post","3":"status-publish","4":"format-standard","5":"has-post-thumbnail","7":"category-grenoble","8":"tag-accident","9":"tag-actu","10":"tag-actualites","11":"tag-auvergne-rhone-alpes","12":"tag-edition-grenoble-agglomeration","13":"tag-eu","14":"tag-europe","15":"tag-faits-divers-justice","16":"tag-fil-info","17":"tag-fr","18":"tag-france","19":"tag-grenoble","20":"tag-isere","21":"tag-lagglomeration-et-le-vercors","22":"tag-news","23":"tag-republique-francaise","24":"tag-sassenage"},"share_on_mastodon":{"url":"https:\/\/pubeurope.com\/@fr\/114921107831789984","error":""},"_links":{"self":[{"href":"https:\/\/www.europesays.com\/fr\/wp-json\/wp\/v2\/posts\/275831","targetHints":{"allow":["GET"]}}],"collection":[{"href":"https:\/\/www.europesays.com\/fr\/wp-json\/wp\/v2\/posts"}],"about":[{"href":"https:\/\/www.europesays.com\/fr\/wp-json\/wp\/v2\/types\/post"}],"author":[{"embeddable":true,"href":"https:\/\/www.europesays.com\/fr\/wp-json\/wp\/v2\/users\/2"}],"replies":[{"embeddable":true,"href":"https:\/\/www.europesays.com\/fr\/wp-json\/wp\/v2\/comments?post=275831"}],"version-history":[{"count":0,"href":"https:\/\/www.europesays.com\/fr\/wp-json\/wp\/v2\/posts\/275831\/revisions"}],"wp:featuredmedia":[{"embeddable":true,"href":"https:\/\/www.europesays.com\/fr\/wp-json\/wp\/v2\/media\/275832"}],"wp:attachment":[{"href":"https:\/\/www.europesays.com\/fr\/wp-json\/wp\/v2\/media?parent=275831"}],"wp:term":[{"taxonomy":"category","embeddable":true,"href":"https:\/\/www.europesays.com\/fr\/wp-json\/wp\/v2\/categories?post=275831"},{"taxonomy":"post_tag","embeddable":true,"href":"https:\/\/www.europesays.com\/fr\/wp-json\/wp\/v2\/tags?post=275831"}],"curies":[{"name":"wp","href":"https:\/\/api.w.org\/{rel}","templated":true}]}}