{"id":275833,"date":"2025-07-26T19:09:07","date_gmt":"2025-07-26T19:09:07","guid":{"rendered":"https:\/\/www.europesays.com\/fr\/275833\/"},"modified":"2025-07-26T19:09:07","modified_gmt":"2025-07-26T19:09:07","slug":"sarah-maeght-en-dedicace-a-la-fnac-grenoble-grandplace","status":"publish","type":"post","link":"https:\/\/www.europesays.com\/fr\/275833\/","title":{"rendered":"Sarah Maeght en d\u00e9dicace \u00e0 la Fnac Grenoble Grand&rsquo;Place"},"content":{"rendered":"<p>L\u2019autrice viendra d\u00e9dicacer son dernier roman adolescent : \u00ab V\u00e9da s\u2019en va \u00bb (mars 2025).<\/p>\n<p><strong>Sarah Maeght<\/strong> est originaire du Nord. Elle \u00e9crit et enseigne \u00e0 Paris. Son premier roman\u00a0<a href=\"https:\/\/www.fnac.com\/a10446959\/Sarah-Maeght-C-est-ou-le-nord\" target=\"_blank\" rel=\"noopener\">C\u2019est o\u00f9, le Nord ?<\/a>, publi\u00e9 en 2016, connait un grand succ\u00e8s en librairies et dans la presse. Son deuxi\u00e8me roman : Les Imbattables,\u00a0est publi\u00e9 en 2020. Elle est aussi l\u2019autrice d\u2019ouvrages p\u00e9dagogiques sur des romans contemporains et de l\u2019anthologie <a href=\"https:\/\/www.fnac.com\/a15762979\/Collectif-Femmes-engagees\" target=\"_blank\" rel=\"noopener\">Femmes engag\u00e9es<\/a>.\u00a0<\/p>\n<p><strong><a href=\"https:\/\/www.fnac.com\/a20981098\/Sarah-Maeght-Veda-s-en-va\" target=\"_blank\" rel=\"noopener\"><img decoding=\"async\" class=\"floatl\" style=\"width: 145px; height: 214px; padding-right: 10px;\" src=\"https:\/\/www.europesays.com\/fr\/wp-content\/uploads\/2025\/07\/2485247.jpg\" alt=\"Veda-s-en-va\"\/><\/a>Chaque fois que je vois Frankie, mon ventre se tord<\/strong>, comme si j\u2019avais tr\u00e8s faim. Sauf que je ne pourrais rien avaler. Je l\u2019ai aim\u00e9e en une seconde.<\/p>\n<p><strong>Mais avant de vous parler de Frankie,<\/strong>\u00a0des drag-kings et de pourquoi j\u2019ai d\u00e9cid\u00e9 d\u2019embarquer sur un voilier d\u2019exploration glaciaire,\u00a0<strong>il faut que je vous parle de l\u2019enveloppe.<\/strong><\/p>\n<p>Celle sur laquelle j\u2019ai \u00e9crit \u00ab\u00a0<strong>Bye bye Dunkerque<\/strong>\u00a0\u00bb. C\u2019\u00e9tait le soir de mes dix-sept ans.<\/p>\n<p>\u00ab\u00a0Un tr\u00e8s beau roman ! Impossible de r\u00e9sister \u00e0 cette romance queer. V\u00e9da r\u00eave de libert\u00e9 : sa rencontre avec Frankie, qui performe en drag King, la bouscule, la r\u00e9chauffe, la fait grandir. Touchant !\u00a0\u00bb<br \/>Sonia Petit, Ici Librairie<br \/>\u00a0<br \/>\u00ab\u00a0V\u00e9da s\u2019en va, et nous la suivrons jusqu\u2019au bout du monde. Quel roman enthousiasmant, br\u00fblant de vie.\u00a0\u00bb<br \/>Michael Mathieu, Librairie de Paris<\/p>\n<p>\u00a0\u00a0\u00bb\u00a0Vivement conseill\u00e9 et pas qu\u2019aux ados\u00a0!\u00a0\u00a0\u00bb\u00a0La Voix du Nord<\/p>\n<p>        <img decoding=\"async\" src=\"https:\/\/www.europesays.com\/fr\/wp-content\/uploads\/2025\/04\/logo-rse.png\" alt=\"Logo RSE\" loading=\"lazy\" width=\"84\" height=\"116\"\/><\/p>\n<p>\n        La Fnac s\u2019engage activement dans les initiatives de responsabilit\u00e9 soci\u00e9tale des entreprises (RSE).\n    <\/p>\n<p>\n        Aidez-nous en choisissant la mobilit\u00e9 douce en privil\u00e9giant par exemple le v\u00e9lo (pistes cyclables et stationnements \u00e0 disposition), les transports en commun ou le covoiturage pour nous rejoindre. Ainsi, vous contribuez \u00e0 r\u00e9duire les \u00e9missions de gaz \u00e0 effet de serre et \u00e0 am\u00e9liorer notre qualit\u00e9 de l\u2019air. Pour plus d\u2019information, consultez la fiche du magasin.<br \/>Tous nos \u00e9v\u00e8nements sont en acc\u00e8s gratuit, dans la limite des places disponibles.\n    <\/p>\n","protected":false},"excerpt":{"rendered":"L\u2019autrice viendra d\u00e9dicacer son dernier roman adolescent : \u00ab V\u00e9da s\u2019en va \u00bb (mars 2025). Sarah Maeght est&hellip;\n","protected":false},"author":2,"featured_media":275834,"comment_status":"","ping_status":"","sticky":false,"template":"","format":"standard","meta":{"footnotes":""},"categories":[9566],"tags":[1111,11,41521,2430,1777,674,9391,1011,27,2731,12,15348,25,2004,21231,41522,41523],"class_list":{"0":"post-275833","1":"post","2":"type-post","3":"status-publish","4":"format-standard","5":"has-post-thumbnail","7":"category-grenoble","8":"tag-actu","9":"tag-actualites","10":"tag-albin-michel-jeunesse","11":"tag-auvergne-rhone-alpes","12":"tag-eu","13":"tag-europe","14":"tag-evenement-fnac-gratuit","15":"tag-fr","16":"tag-france","17":"tag-grenoble","18":"tag-news","19":"tag-queer","20":"tag-republique-francaise","21":"tag-roman","22":"tag-roman-adolescent","23":"tag-romance-queer","24":"tag-veda-sen-va"},"share_on_mastodon":{"url":"https:\/\/pubeurope.com\/@fr\/114921115696343481","error":""},"_links":{"self":[{"href":"https:\/\/www.europesays.com\/fr\/wp-json\/wp\/v2\/posts\/275833","targetHints":{"allow":["GET"]}}],"collection":[{"href":"https:\/\/www.europesays.com\/fr\/wp-json\/wp\/v2\/posts"}],"about":[{"href":"https:\/\/www.europesays.com\/fr\/wp-json\/wp\/v2\/types\/post"}],"author":[{"embeddable":true,"href":"https:\/\/www.europesays.com\/fr\/wp-json\/wp\/v2\/users\/2"}],"replies":[{"embeddable":true,"href":"https:\/\/www.europesays.com\/fr\/wp-json\/wp\/v2\/comments?post=275833"}],"version-history":[{"count":0,"href":"https:\/\/www.europesays.com\/fr\/wp-json\/wp\/v2\/posts\/275833\/revisions"}],"wp:featuredmedia":[{"embeddable":true,"href":"https:\/\/www.europesays.com\/fr\/wp-json\/wp\/v2\/media\/275834"}],"wp:attachment":[{"href":"https:\/\/www.europesays.com\/fr\/wp-json\/wp\/v2\/media?parent=275833"}],"wp:term":[{"taxonomy":"category","embeddable":true,"href":"https:\/\/www.europesays.com\/fr\/wp-json\/wp\/v2\/categories?post=275833"},{"taxonomy":"post_tag","embeddable":true,"href":"https:\/\/www.europesays.com\/fr\/wp-json\/wp\/v2\/tags?post=275833"}],"curies":[{"name":"wp","href":"https:\/\/api.w.org\/{rel}","templated":true}]}}