{"id":275840,"date":"2025-07-26T19:14:16","date_gmt":"2025-07-26T19:14:16","guid":{"rendered":"https:\/\/www.europesays.com\/fr\/275840\/"},"modified":"2025-07-26T19:14:16","modified_gmt":"2025-07-26T19:14:16","slug":"logements-sociaux-la-premiere-residence-en-baux-reels-solidaires-lancee-dans-la-metropole-a-ete-inauguree","status":"publish","type":"post","link":"https:\/\/www.europesays.com\/fr\/275840\/","title":{"rendered":"Logements sociaux: la premi\u00e8re r\u00e9sidence en baux r\u00e9els solidaires lanc\u00e9e dans la M\u00e9tropole a \u00e9t\u00e9 inaugur\u00e9e"},"content":{"rendered":"<p>C\u2019est in\u00e9dit dans la M\u00e9tropole Nice C\u00f4te d\u2019Azur. \u00ab\u00a0Baou Vista\u00a0\u00bb est la toute premi\u00e8re r\u00e9sidence \u00e0 proposer des logements, 67 pr\u00e9cis\u00e9ment, en baux r\u00e9els solidaires (BRS). \u00ab\u00a0Une offre sociale, 25 \u00e0 40% moins ch\u00e8re que les prix du march\u00e9\u00a0\u00bb, avantageux pour les jeunes travailleurs. La preuve en est, 90% des acheteurs sont primo-acc\u00e9dants.<\/p>\n<p>Une carence en logements sociaux<\/p>\n<p>En 2022, le permis de construire est d\u00e9pos\u00e9 et le terrain achet\u00e9 pour environ 4 millions d\u2019euros. Dans la foul\u00e9e, les travaux d\u00e9butent. L\u2019objectif affich\u00e9? 100% de logements sociaux pour combler \u00ab\u00a0cette carence\u00a0\u00bb dont souffre La Gaude. Vanessa Siegel (LR), opposante au maire, approuve le projet: \u00ab\u00a0Tous les logements sociaux \u00e9taient \u00e0 La Baronne, c\u2019est une bonne id\u00e9e de les r\u00e9partir sur le territoire.\u00a0\u00bb Mais l\u2019\u00e9lue d\u2019opposition reste vigilante car \u00ab\u00a0les constructions doivent \u00eatre adapt\u00e9es \u00e0 la commune\u00a0\u00bb.<\/p>\n<p>\u00ab\u00a0Il est difficile pour les jeunes actifs de se loger \u00e0 La Gaude\u00a0\u00bb, reconna\u00eet le maire, Bruno Bettati. \u00ab\u00a0Baou Vista\u00a0\u00bb illustre bien cette crise: prise d\u2019assaut, la r\u00e9sidence affichait complet avant m\u00eame sa sortie de terre. Inaugur\u00e9e le 11 juillet, au niveau de l\u2019all\u00e9e Hector Pintus, la copropri\u00e9t\u00e9 est \u00e0 15 minutes du centre-ville et dispose de toutes les commodit\u00e9s: 156 places de parking, jardin partag\u00e9, ou encore laverie. \u00ab\u00a0Baou Vista\u00a0\u00bb comporte 152 habitations r\u00e9pondant aux besoins de logements sociaux. En plus de ces logements en BSR, une r\u00e9sidence universitaire de 85 studios accueille 50 jeunes actifs et 35 \u00e9tudiants. Un combo gagnant pour les futurs infirmiers dont l\u2019institut de formation est proche.<\/p>\n<p>\u00ab\u00a0L\u2019\u00c9tat jugera par lui-m\u00eame\u00a0\u00bb<\/p>\n<p>Le maire de la Gaude, \u00e9voque une \u00ab\u00a0r\u00e9ponse au jeune public\u00a0\u00bb. Il s\u2019agit surtout de \u00ab\u00a0remplir l\u2019obligation impos\u00e9e par la loi: une aberration\u00a0\u00bb, maugr\u00e9e-t-il, pourtant conscient des enjeux.<\/p>\n<p>Depuis 2000, l\u2019article 55 de la loi SRU impose aux communes de plus de 3.500 habitants un nombre minimal de logements sociaux. Mais le maire a eu sa \u00ab\u00a0dose\u00a0\u00bb.<\/p>\n<p>Des projets similaires pr\u00e9vus? Aucun. \u00ab\u00a0L\u2019\u00e9tat jugera par lui-m\u00eame si j\u2019en ai fait assez\u00a0\u00bb, ironise-t-il.<\/p>\n","protected":false},"excerpt":{"rendered":"C\u2019est in\u00e9dit dans la M\u00e9tropole Nice C\u00f4te d\u2019Azur. \u00ab\u00a0Baou Vista\u00a0\u00bb est la toute premi\u00e8re r\u00e9sidence \u00e0 proposer des&hellip;\n","protected":false},"author":2,"featured_media":275841,"comment_status":"","ping_status":"","sticky":false,"template":"","format":"standard","meta":{"footnotes":""},"categories":[2819],"tags":[1111,11,1777,674,1011,27,12,2401,882,25,801],"class_list":{"0":"post-275840","1":"post","2":"type-post","3":"status-publish","4":"format-standard","5":"has-post-thumbnail","7":"category-nice","8":"tag-actu","9":"tag-actualites","10":"tag-eu","11":"tag-europe","12":"tag-fr","13":"tag-france","14":"tag-news","15":"tag-nice","16":"tag-provence-alpes-cote-dazur","17":"tag-republique-francaise","18":"tag-social"},"share_on_mastodon":{"url":"https:\/\/pubeurope.com\/@fr\/114921135364433413","error":""},"_links":{"self":[{"href":"https:\/\/www.europesays.com\/fr\/wp-json\/wp\/v2\/posts\/275840","targetHints":{"allow":["GET"]}}],"collection":[{"href":"https:\/\/www.europesays.com\/fr\/wp-json\/wp\/v2\/posts"}],"about":[{"href":"https:\/\/www.europesays.com\/fr\/wp-json\/wp\/v2\/types\/post"}],"author":[{"embeddable":true,"href":"https:\/\/www.europesays.com\/fr\/wp-json\/wp\/v2\/users\/2"}],"replies":[{"embeddable":true,"href":"https:\/\/www.europesays.com\/fr\/wp-json\/wp\/v2\/comments?post=275840"}],"version-history":[{"count":0,"href":"https:\/\/www.europesays.com\/fr\/wp-json\/wp\/v2\/posts\/275840\/revisions"}],"wp:featuredmedia":[{"embeddable":true,"href":"https:\/\/www.europesays.com\/fr\/wp-json\/wp\/v2\/media\/275841"}],"wp:attachment":[{"href":"https:\/\/www.europesays.com\/fr\/wp-json\/wp\/v2\/media?parent=275840"}],"wp:term":[{"taxonomy":"category","embeddable":true,"href":"https:\/\/www.europesays.com\/fr\/wp-json\/wp\/v2\/categories?post=275840"},{"taxonomy":"post_tag","embeddable":true,"href":"https:\/\/www.europesays.com\/fr\/wp-json\/wp\/v2\/tags?post=275840"}],"curies":[{"name":"wp","href":"https:\/\/api.w.org\/{rel}","templated":true}]}}