{"id":275842,"date":"2025-07-26T19:15:12","date_gmt":"2025-07-26T19:15:12","guid":{"rendered":"https:\/\/www.europesays.com\/fr\/275842\/"},"modified":"2025-07-26T19:15:12","modified_gmt":"2025-07-26T19:15:12","slug":"les-bambins-a-la-garderie-du-kids-club-pendant-que-les-parents-profitent-des-concerts-du-nice-jazz-fest","status":"publish","type":"post","link":"https:\/\/www.europesays.com\/fr\/275842\/","title":{"rendered":"Les bambins \u00e0 la garderie du Kids Club pendant que les parents profitent des concerts du Nice Jazz Fest"},"content":{"rendered":"<p>\u00ab\u00a0Prenez un instrument de musique!\u00a0\u00bb M\u00e9lanie Sanchez lance une nouvelle activit\u00e9. Elle est la responsable du <a href=\"https:\/\/www.nicejazzfest.fr\/fr\/kids-club\" target=\"_blank\" rel=\"noopener nofollow\">Kids club<\/a> et sa mission, avec les douze animateurs qui l\u2019accompagnent: occuper les bambins pendant que les parents profitent de la musique au Nice Jazz Fest.<\/p>\n<p>Forte de son succ\u00e8s l\u2019an dernier, l\u2019op\u00e9ration a \u00e9t\u00e9 reconduite cette ann\u00e9e pour le plaisir des grands mais surtout des petits. Ce service de garderie pour les 4 \u00e0 10 ans, de 18h30\u00e0 0h45, est inclus dans le ticket d\u2019acc\u00e8s au tarif enfant (32 euros).<\/p>\n<p>Vendredi soir, ils \u00e9taient tous surexcit\u00e9s. S\u2019ils sont arriv\u00e9s progressivement et calmement, \u00e0 21h45, ils \u00e9taient dans une forme olympique.<\/p>\n<p>\u00c7a court dans tous les sens, \u00e7a rigole, \u00e7a colorie. Et c\u2019est sans doute plus rigolo que de rester dans la foule pour assister \u00e0 un concert dont on n\u2019a pas grand-chose \u00e0 faire quand on n\u2019a pas encore 10 piges.<\/p>\n<p>Des lits en cas de fatigue<\/p>\n<p>\u00ab\u00a0Les personnes int\u00e9ress\u00e9es peuvent venir directement sur place mais il est pr\u00e9f\u00e9rable de faire une pr\u00e9r\u00e9servation sur le site internet du Nice Jazz Fest car nous pouvons accueillir jusqu\u2019\u00e0 50 enfants mais pas plus, conseille M\u00e9lanie Sanchez entre deux jeux. \u00c7a permet aux couples de profiter de la soir\u00e9e sans avoir \u00e0 g\u00e9rer leurs bambins mais c\u2019est aussi super par exemple pour les mamans solos qui peuvent sortir sans avoir \u00e0 se tracasser comment les faire garder.\u00a0\u00bb<\/p>\n<p>Sur place, les familles ont toute latitude: \u00ab\u00a0Elles peuvent d\u00e9poser les petits, venir les r\u00e9cup\u00e9rer un moment et nous les ramener ensuite. Nous contr\u00f4lons \u00e0 chaque fois et nous notons qui r\u00e9cup\u00e8re qui\u00a0\u00bb. Car la s\u00e9curit\u00e9 est de rigueur et les minots ne sont rendus qu\u2019\u00e0 ceux qui les ont amen\u00e9s.<\/p>\n<p>\u00ab\u00a0Chaque soir, nous pr\u00e9parons un programme d\u2019activit\u00e9s en lien avec la th\u00e9matique du soir du festival\u00a0\u00bb, indique la responsable. Vendredi, c\u2019\u00e9taient percussions et musique africaine. \u00ab\u00a0Entre chaque atelier de groupe, les enfants choisissent le jeu qu\u2019ils veulent faire. Et s\u2019ils sont fatigu\u00e9s, des lits ont \u00e9t\u00e9 install\u00e9s dans une tente.\u00a0\u00bb<\/p>\n<p>Visiblement, les pitchouns adorent car \u00e0 l\u2019heure de rentrer, certains font la t\u00eate: ils auraient pr\u00e9f\u00e9r\u00e9 que maman et papa restent un peu plus longtemps avec leurs copains.<\/p>\n","protected":false},"excerpt":{"rendered":"\u00ab\u00a0Prenez un instrument de musique!\u00a0\u00bb M\u00e9lanie Sanchez lance une nouvelle activit\u00e9. Elle est la responsable du Kids club&hellip;\n","protected":false},"author":2,"featured_media":275843,"comment_status":"","ping_status":"","sticky":false,"template":"","format":"standard","meta":{"footnotes":""},"categories":[2819],"tags":[1111,11,251,1777,674,1011,27,1393,12,2401,882,25,3366],"class_list":{"0":"post-275842","1":"post","2":"type-post","3":"status-publish","4":"format-standard","5":"has-post-thumbnail","7":"category-nice","8":"tag-actu","9":"tag-actualites","10":"tag-culture","11":"tag-eu","12":"tag-europe","13":"tag-fr","14":"tag-france","15":"tag-loisirs","16":"tag-news","17":"tag-nice","18":"tag-provence-alpes-cote-dazur","19":"tag-republique-francaise","20":"tag-vie-locale"},"share_on_mastodon":{"url":"https:\/\/pubeurope.com\/@fr\/114921139345576233","error":""},"_links":{"self":[{"href":"https:\/\/www.europesays.com\/fr\/wp-json\/wp\/v2\/posts\/275842","targetHints":{"allow":["GET"]}}],"collection":[{"href":"https:\/\/www.europesays.com\/fr\/wp-json\/wp\/v2\/posts"}],"about":[{"href":"https:\/\/www.europesays.com\/fr\/wp-json\/wp\/v2\/types\/post"}],"author":[{"embeddable":true,"href":"https:\/\/www.europesays.com\/fr\/wp-json\/wp\/v2\/users\/2"}],"replies":[{"embeddable":true,"href":"https:\/\/www.europesays.com\/fr\/wp-json\/wp\/v2\/comments?post=275842"}],"version-history":[{"count":0,"href":"https:\/\/www.europesays.com\/fr\/wp-json\/wp\/v2\/posts\/275842\/revisions"}],"wp:featuredmedia":[{"embeddable":true,"href":"https:\/\/www.europesays.com\/fr\/wp-json\/wp\/v2\/media\/275843"}],"wp:attachment":[{"href":"https:\/\/www.europesays.com\/fr\/wp-json\/wp\/v2\/media?parent=275842"}],"wp:term":[{"taxonomy":"category","embeddable":true,"href":"https:\/\/www.europesays.com\/fr\/wp-json\/wp\/v2\/categories?post=275842"},{"taxonomy":"post_tag","embeddable":true,"href":"https:\/\/www.europesays.com\/fr\/wp-json\/wp\/v2\/tags?post=275842"}],"curies":[{"name":"wp","href":"https:\/\/api.w.org\/{rel}","templated":true}]}}