{"id":275849,"date":"2025-07-26T19:20:11","date_gmt":"2025-07-26T19:20:11","guid":{"rendered":"https:\/\/www.europesays.com\/fr\/275849\/"},"modified":"2025-07-26T19:20:11","modified_gmt":"2025-07-26T19:20:11","slug":"espace-construite-par-airbus-a-toulouse-cette-constellation-mise-en-orbite-suscite-deja-un-grand-interet","status":"publish","type":"post","link":"https:\/\/www.europesays.com\/fr\/275849\/","title":{"rendered":"Espace. Construite par Airbus \u00e0 Toulouse, cette constellation mise en orbite \u00ab\u00a0suscite d\u00e9j\u00e0 un grand int\u00e9r\u00eat\u00a0\u00bb"},"content":{"rendered":"<p>            Par<br \/>\n        <strong><br \/>\n            <a href=\"https:\/\/actu.fr\/auteur\/guillaume-laurens\" title=\"Consulter tous les articles de Guillaume Laurens\" rel=\"nofollow noopener\" target=\"_blank\">Guillaume Laurens<\/a><br \/>\n        <\/strong><\/p>\n<p>        Publi\u00e9 le<\/p>\n<p>            26 juil. 2025 \u00e0 20h31        <\/p>\n<p>Les quatre satellites <strong>CO3D<\/strong>\u00a0construits par <strong><a href=\"https:\/\/actu.fr\/tag\/airbus\" rel=\"nofollow noopener\" target=\"_blank\">Airbus<\/a> <\/strong>ont \u00e9t\u00e9 <strong>plac\u00e9s en orbite<\/strong> par une <strong>fus\u00e9e Vega-C d\u2019Arianespace,<\/strong> ce samedi 26\u00a0juillet 2025 au petit matin, depuis le port spatial europ\u00e9en de Kourou, en Guyane. \u00ab\u2009Une excellente nouvelle pour l\u2019Europe\u2009\u00bb, se r\u00e9jouit le g\u00e9ant a\u00e9rospatial, depuis son si\u00e8ge mondial de <strong><a href=\"https:\/\/actu.fr\/toulouse\/\" rel=\"nofollow noopener\" target=\"_blank\">Toulouse.<\/a>\u00a0<\/strong>Un cinqui\u00e8me satellite, le MicroCarb du CNES, auquel Airbus a aussi contribu\u00e9, se trouvait \u00e0 bord de la fus\u00e9e. Et d\u2019apr\u00e8s l\u2019avionneur, cette constellation suscite d\u00e9j\u00e0 \u00ab\u2009un grand int\u00e9r\u00eat dans le contexte g\u00e9opolitique actuel\u2009\u00bb. On vous explique pourquoi.<\/p>\n<p>Une cartographie en 3D tr\u00e8s d\u00e9taill\u00e9e de la surface de la Terre<\/p>\n<p class=\" wall-content\">D\u00e9velopp\u00e9s en partenariat avec le Centre national d\u2019\u00e9tudes spatiales (CNES), les quatre satellites CO3D (comme Constellation Optique 3D) vont maintenant entamer <a href=\"https:\/\/actu.fr\/occitanie\/toulouse_31555\/construits-par-airbus-a-toulouse-ces-satellites-ont-pris-leur-envol-pour-une-mission-tres-speciale_62836407.html\" rel=\"nofollow noopener\" target=\"_blank\">leur mission de <strong>cartographie en 3D tr\u00e8s d\u00e9taill\u00e9e<\/strong> de la surface de la Terre<\/a>.<\/p>\n<p class=\" wall-content\">Comme le pr\u00e9cise le groupe, ces engins \u00ab\u2009fourniront un Mod\u00e8le num\u00e9rique de surface (MNS) mondial \u00e0 haute r\u00e9solution, avec des images st\u00e9r\u00e9oscopiques \u00e0 50\u00a0cm de r\u00e9solution pour le CNES et des images 2D pour des clients gouvernementaux et commerciaux\u2009\u00bb, renfor\u00e7ant ainsi la gamme compl\u00e8te de <strong>solutions satellitaires optiques<\/strong> et <strong>radar<\/strong> d\u2019Airbus.<\/p>\n<p class=\" wall-content\">\n<p>\u00ab\u2009Un grand int\u00e9r\u00eat dans le contexte g\u00e9opolitique actuel\u2009\u00bb<\/p>\n<p class=\" wall-content\">\u00ab\u2009Le lancement r\u00e9ussi de la constellation CO3D, une <strong>excellente nouvelle<\/strong> pour l\u2019Europe, d\u00e9montre notre ing\u00e9niosit\u00e9 et renforce grandement nos capacit\u00e9s d\u2019observation de la Terre\u2009\u00bb, se r\u00e9jouit <strong>Alain Faur\u00e9,<\/strong> responsable des syst\u00e8mes spatiaux chez Airbus. \u00ab\u2009Ces satellites, bas\u00e9s sur notre produit de nouvelle g\u00e9n\u00e9ration S250, vont d\u00e9sormais fournir <strong>une carte 3D pr\u00e9cise de notre plan\u00e8te<\/strong> et vont offrir davantage de capacit\u00e9s d\u2019observation \u00e0 haute revisite et \u00e0 haute r\u00e9solution\u2009\u00bb.<\/p>\n<blockquote class=\"ac-article-quote wall-content\">\n<p>Ce produit, qui suscite d\u00e9j\u00e0 un grand int\u00e9r\u00eat dans le contexte g\u00e9opolitique actuel, t\u00e9moigne de l\u2019engagement d\u2019Airbus pour l&rsquo;innovation technologique, industrielle et commerciale.<\/p>\n<p>    <strong>Alain Faur\u00e9<\/strong><br \/>\n        Responsable des syst\u00e8mes spatiaux chez Airbus    <\/p><\/blockquote>\n<p>    <img   decoding=\"async\" loading=\"lazy\" src=\"https:\/\/www.europesays.com\/fr\/wp-content\/uploads\/2025\/07\/satelitte-airbus-toulouse-960x640.jpg\" alt=\"Lors de la fermeture de la coiffe de la fus\u00e9e&#10;\" width=\"960\" height=\"640\"\/><br \/>\n    Lors de la fermeture de la coiffe de la fus\u00e9e (\u00a9CNES\/ESA\/Arianespace\/optique video CSG\/S Martin 2025)G\u00e9ologie, hydrologie, planification urbaine et s\u00e9curit\u00e9 civile<\/p>\n<p class=\" wall-content\">Les quatre satellites de 285\u00a0kg sont maintenant sur une orbite h\u00e9liosynchrone \u00e0 <strong>502\u00a0km d\u2019altitude.<\/strong> Au cours des <strong>six prochains mois<\/strong>, ils passeront des tests orbitaux avant d\u2019entamer une campagne de 18\u00a0mois visant \u00e0 fournir au CNES <strong>une carte en 3D de la France<\/strong> et de \u00ab\u2009l\u2019arc de crise\u2009\u00bb.<\/p>\n<blockquote class=\"ac-article-quote wall-content\">\n<p>Les donn\u00e9es vont alimenter un segment sol num\u00e9ris\u00e9 et exploit\u00e9 par Airbus pour produire la carte 3D finale, soutenant des applications militaires et civiles critiques allant de la g\u00e9ologie et de l&rsquo;hydrologie \u00e0 la planification urbaine et \u00e0 la s\u00e9curit\u00e9 civile.<\/p>\n<p>    <strong>Airbus<\/strong>\n            <\/p><\/blockquote>\n<p class=\" wall-content\">Les satellites CO3D pr\u00e9sentent \u00ab\u2009plusieurs <strong>innovations technologiques<\/strong>, notamment un nouveau mode d\u2019observation, appel\u00e9 Step and Stare\u2009\u00bb. Chaque satellite utilise son d\u00e9tecteur matriciel pour prendre des images (Stare). D\u2019une \u00ab\u2009agilit\u00e9 exceptionnelle\u2009\u00bb, ils peuvent couvrir la zone d\u2019int\u00e9r\u00eat avec des images d\u2019une pr\u00e9cision extr\u00eame.<\/p>\n<p>Inspir\u00e9 \u00ab\u2009des industries automobile et a\u00e9ronautique\u2009\u00bb<\/p>\n<p class=\" wall-content\">Toujours d\u2019apr\u00e8s Airbus, \u00ab\u2009le programme CO3D b\u00e9n\u00e9ficie de l\u2019expertise industrielle acquise lors du d\u00e9veloppement des satellites de la constellation OneWeb, en utilisant une cha\u00eene d\u2019assemblage moderne et num\u00e9ris\u00e9e \u00e0 Toulouse qui s\u2019inspire des <strong>industries automobile<\/strong> et <strong>a\u00e9ronautique\u2009\u00bb.<\/strong><\/p>\n<blockquote class=\"ac-article-quote wall-content\">\n<p>Plusieurs \u00e9quipements utilisent des composants commerciaux qui sont adapt\u00e9s \u00e0 l&rsquo;utilisation dans l&rsquo;espace, afin de fournir \u00e0 CO3D les meilleures performances du domaine industriel au sens large.<\/p>\n<p>    <strong>Airbus<\/strong>\n            <\/p><\/blockquote>\n<p>Surveiller la teneur en carbone de l\u2019atmosph\u00e8re<\/p>\n<p class=\" wall-content\">\u00c9galement <a href=\"https:\/\/actu.fr\/occitanie\/toulouse_31555\/rechauffement-climatique-segolene-royal-lance-la-mission-microcarb-au-cnes-de-toulouse_3829795.html\" rel=\"nofollow noopener\" target=\"_blank\">con\u00e7u \u00e0 Toulouse<\/a>, le satellite <strong>MicroCarb<\/strong>, mission conjointe du CNES et de l\u2019agence spatiale britannique, a \u00e9t\u00e9 d\u00e9ploy\u00e9 avec succ\u00e8s lors du m\u00eame lancement. \u00c9quip\u00e9 d\u2019un spectrom\u00e8tre de haute pr\u00e9cision fabriqu\u00e9 par Airbus, Microcarb cartographiera <strong>la teneur en carbone<\/strong> <strong>de l\u2019atmosph\u00e8re<\/strong> \u00e0 l\u2019\u00e9chelle de la plan\u00e8te, fournissant ainsi des donn\u00e9es essentielles aux climatologues.<\/p>\n<p class=\" wall-content\">Suivez toute l\u2019actualit\u00e9 de vos villes et m\u00e9dias favoris en vous inscrivant \u00e0 <a href=\"https:\/\/moncompte.actu.fr\" title=\"D\u00e9couvez Mon Actu\" rel=\"nofollow noopener\" data-trk=\"{&quot;cta&quot;:{&quot;action&quot;:&quot;https:\\\/\\\/moncompte.actu.fr&quot;,&quot;category&quot;:&quot;mon compte&quot;,&quot;from&quot;:&quot;article footer&quot;,&quot;name&quot;:&quot;Mon actu&quot;,&quot;type&quot;:&quot;cta&quot;}}\" target=\"_blank\">Mon Actu<\/a>.<\/p>\n","protected":false},"excerpt":{"rendered":"Par Guillaume Laurens Publi\u00e9 le 26 juil. 2025 \u00e0 20h31 Les quatre satellites CO3D\u00a0construits par Airbus ont \u00e9t\u00e9&hellip;\n","protected":false},"author":2,"featured_media":275850,"comment_status":"","ping_status":"","sticky":false,"template":"","format":"standard","meta":{"footnotes":""},"categories":[2816],"tags":[1111,11,36,33,386,1777,674,1011,27,12,2680,25,2312],"class_list":{"0":"post-275849","1":"post","2":"type-post","3":"status-publish","4":"format-standard","5":"has-post-thumbnail","7":"category-toulouse","8":"tag-actu","9":"tag-actualites","10":"tag-airbus","11":"tag-economie","12":"tag-espace","13":"tag-eu","14":"tag-europe","15":"tag-fr","16":"tag-france","17":"tag-news","18":"tag-occitanie","19":"tag-republique-francaise","20":"tag-toulouse"},"share_on_mastodon":{"url":"https:\/\/pubeurope.com\/@fr\/114921159002296140","error":""},"_links":{"self":[{"href":"https:\/\/www.europesays.com\/fr\/wp-json\/wp\/v2\/posts\/275849","targetHints":{"allow":["GET"]}}],"collection":[{"href":"https:\/\/www.europesays.com\/fr\/wp-json\/wp\/v2\/posts"}],"about":[{"href":"https:\/\/www.europesays.com\/fr\/wp-json\/wp\/v2\/types\/post"}],"author":[{"embeddable":true,"href":"https:\/\/www.europesays.com\/fr\/wp-json\/wp\/v2\/users\/2"}],"replies":[{"embeddable":true,"href":"https:\/\/www.europesays.com\/fr\/wp-json\/wp\/v2\/comments?post=275849"}],"version-history":[{"count":0,"href":"https:\/\/www.europesays.com\/fr\/wp-json\/wp\/v2\/posts\/275849\/revisions"}],"wp:featuredmedia":[{"embeddable":true,"href":"https:\/\/www.europesays.com\/fr\/wp-json\/wp\/v2\/media\/275850"}],"wp:attachment":[{"href":"https:\/\/www.europesays.com\/fr\/wp-json\/wp\/v2\/media?parent=275849"}],"wp:term":[{"taxonomy":"category","embeddable":true,"href":"https:\/\/www.europesays.com\/fr\/wp-json\/wp\/v2\/categories?post=275849"},{"taxonomy":"post_tag","embeddable":true,"href":"https:\/\/www.europesays.com\/fr\/wp-json\/wp\/v2\/tags?post=275849"}],"curies":[{"name":"wp","href":"https:\/\/api.w.org\/{rel}","templated":true}]}}