{"id":275851,"date":"2025-07-26T19:21:31","date_gmt":"2025-07-26T19:21:31","guid":{"rendered":"https:\/\/www.europesays.com\/fr\/275851\/"},"modified":"2025-07-26T19:21:31","modified_gmt":"2025-07-26T19:21:31","slug":"leipzig-inflige-une-correction-a-toulouse-en-match-amical","status":"publish","type":"post","link":"https:\/\/www.europesays.com\/fr\/275851\/","title":{"rendered":"Leipzig inflige une correction \u00e0 Toulouse en match amical"},"content":{"rendered":"<p>La formation de Carles Martinez Novell n\u2019a pas fait le poids face aux Allemands du RB Leipzig ce samedi pour son troisi\u00e8me match de pr\u00e9paration (7-0).<\/p>\n<p class=\"fig-paragraph\">\u00c0 trois semaines de la reprise de la Ligue 1, le T\u00e9f\u00e9c\u00e9 affrontait le RB Leipzig \u00e0 Villingen-Schwenningen pour son troisi\u00e8me match de pr\u00e9paration. L\u2019occasion de se tester face \u00e0 une formation rompue aux comp\u00e9titions europ\u00e9ennes. Malheureusement, tout ne s\u2019est pas pass\u00e9 comme pr\u00e9vu pour\u00a0<a href=\"http:\/\/www.lefigaro.fr\/sports\/football\/ligue-1\/ligue-1-toulouse-prolonge-son-entraineur-espagnol-carles-martinez-novell-20240912\" data-fig-type=\"NewsFlash\" data-gtm-custom-categorie=\"navigation\" data-gtm-custom-action=\"crossclick\" data-gtm-custom-label=\"Contextuel\" data-gtm-event=\"customEventSPE\" data-fig-domain=\"LEFIGARO\" target=\"_blank\" rel=\"noopener\">Carles Martinez Novell<\/a>\u00a0et ses hommes.<\/p>\n<p class=\"fig-paragraph\">Rapidement men\u00e9s 3-0 apr\u00e8s des buts d\u2019Openda, Schlader et Bitshiabu marqu\u00e9s coup sur coup entre la 17e et la 22e minute, ils ont continu\u00e9 de sombrer jusqu\u2019\u00e0 encaisser un cinglant 7-0 au final. Mercredi, il faudra montrer un autre visage\u00a0<a href=\"http:\/\/www.lefigaro.fr\/sports\/football\/foot-toulouse-affrontera-al-nassr-et-cristiano-ronaldo-en-match-de-presaison-en-autriche-20250721\" data-fig-type=\"NewsFlash\" data-gtm-custom-categorie=\"navigation\" data-gtm-custom-action=\"crossclick\" data-gtm-custom-label=\"Contextuel\" data-gtm-event=\"customEventSPE\" data-fig-domain=\"LEFIGARO\" target=\"_blank\" rel=\"noopener\">face \u00e0 Cristiano Ronaldo et Al-Nassr en Autriche<\/a>.<\/p>\n<p>                                    <a class=\"fig-a11y-skip a11y-hidden\" href=\"#fig-a11y-skip-main-inarticle\"><br \/>\n        Passer la publicit\u00e9<br \/>\n    <\/a><\/p>\n<p class=\"fig-paragraph\">Des recrues sont esp\u00e9r\u00e9es d\u2019ici l\u00e0 apr\u00e8s les d\u00e9parts confirm\u00e9s de Joshua King et Gabriel Suazo et ceux pas encore officiels de Zakaria Aboukhlal et du capitaine Vincent Sierro. D\u2019autant que le club restait d\u00e9j\u00e0 sur deux rencontres de pr\u00e9parations sans victoires (0-0 face \u00e0 Pau, L2, et\u00a01-2 contre\u00a0<a href=\"http:\/\/www.lefigaro.fr\/sports\/football\/foot-julien-stephan-retrouve-un-banc-en-angleterre-aux-queens-park-rangers-20250625\" data-fig-type=\"NewsFlash\" data-gtm-custom-categorie=\"navigation\" data-gtm-custom-action=\"crossclick\" data-gtm-custom-label=\"Contextuel\" data-gtm-event=\"customEventSPE\" data-fig-domain=\"LEFIGARO\" target=\"_blank\" rel=\"noopener\">Queens Park Rangers<\/a>).<\/p>\n","protected":false},"excerpt":{"rendered":"La formation de Carles Martinez Novell n\u2019a pas fait le poids face aux Allemands du RB Leipzig ce&hellip;\n","protected":false},"author":2,"featured_media":275852,"comment_status":"","ping_status":"","sticky":false,"template":"","format":"standard","meta":{"footnotes":""},"categories":[2816],"tags":[1111,11,1777,674,1011,27,17524,12,2680,25,2312,8512],"class_list":{"0":"post-275851","1":"post","2":"type-post","3":"status-publish","4":"format-standard","5":"has-post-thumbnail","7":"category-toulouse","8":"tag-actu","9":"tag-actualites","10":"tag-eu","11":"tag-europe","12":"tag-fr","13":"tag-france","14":"tag-leipzig","15":"tag-news","16":"tag-occitanie","17":"tag-republique-francaise","18":"tag-toulouse","19":"tag-toulouse-fc"},"share_on_mastodon":{"url":"https:\/\/pubeurope.com\/@fr\/114921162981823622","error":""},"_links":{"self":[{"href":"https:\/\/www.europesays.com\/fr\/wp-json\/wp\/v2\/posts\/275851","targetHints":{"allow":["GET"]}}],"collection":[{"href":"https:\/\/www.europesays.com\/fr\/wp-json\/wp\/v2\/posts"}],"about":[{"href":"https:\/\/www.europesays.com\/fr\/wp-json\/wp\/v2\/types\/post"}],"author":[{"embeddable":true,"href":"https:\/\/www.europesays.com\/fr\/wp-json\/wp\/v2\/users\/2"}],"replies":[{"embeddable":true,"href":"https:\/\/www.europesays.com\/fr\/wp-json\/wp\/v2\/comments?post=275851"}],"version-history":[{"count":0,"href":"https:\/\/www.europesays.com\/fr\/wp-json\/wp\/v2\/posts\/275851\/revisions"}],"wp:featuredmedia":[{"embeddable":true,"href":"https:\/\/www.europesays.com\/fr\/wp-json\/wp\/v2\/media\/275852"}],"wp:attachment":[{"href":"https:\/\/www.europesays.com\/fr\/wp-json\/wp\/v2\/media?parent=275851"}],"wp:term":[{"taxonomy":"category","embeddable":true,"href":"https:\/\/www.europesays.com\/fr\/wp-json\/wp\/v2\/categories?post=275851"},{"taxonomy":"post_tag","embeddable":true,"href":"https:\/\/www.europesays.com\/fr\/wp-json\/wp\/v2\/tags?post=275851"}],"curies":[{"name":"wp","href":"https:\/\/api.w.org\/{rel}","templated":true}]}}