{"id":275853,"date":"2025-07-26T19:22:09","date_gmt":"2025-07-26T19:22:09","guid":{"rendered":"https:\/\/www.europesays.com\/fr\/275853\/"},"modified":"2025-07-26T19:22:09","modified_gmt":"2025-07-26T19:22:09","slug":"la-star-academy-vous-manque-bonne-nouvelle-le-concert-de-la-derniere-promo-va-enfin-etre-diffuse","status":"publish","type":"post","link":"https:\/\/www.europesays.com\/fr\/275853\/","title":{"rendered":"La Star Academy vous manque ? Bonne nouvelle, le concert de la derni\u00e8re promo va (enfin) \u00eatre diffus\u00e9"},"content":{"rendered":"<p>            Par<br \/>\n        <strong><br \/>\n            <a href=\"https:\/\/actu.fr\/auteur\/anne-laure-petit-henon\" title=\"Consulter tous les articles de Anne-Laure Petit-H\u00e9non\" rel=\"nofollow noopener\" target=\"_blank\">Anne-Laure Petit-H\u00e9non<\/a><br \/>\n        <\/strong><\/p>\n<p>        Publi\u00e9 le<\/p>\n<p>            26 juil. 2025 \u00e0 20h04        <\/p>\n<p>\u00ab\u2009Un, deux, trois, recommence-moi\u2009! Ouh ouh.\u2009\u00bb \u00c7a y est, vous l\u2019avez dans la t\u00eate\u2009? Eh bien honn\u00eatement, on ne s\u2019excusera pas.<\/p>\n<p class=\" wall-content\">Parce que cela faisait longtemps qu\u2019on n\u2019avait pas entendu l\u2019hymne de la derni\u00e8re promo de la <a href=\"https:\/\/actu.fr\/tag\/star-academy\" rel=\"nofollow noopener\" target=\"_blank\">Star Academy<\/a>. Et m\u00eame, qu\u2019on n\u2019avait pas entendu parler des \u00e9l\u00e8ves de la saison 2024 tout court.<\/p>\n<p class=\" wall-content\">Alors que la tourn\u00e9e s\u2019est termin\u00e9e fin juin, les fans de Marine, Marguerite, Franck et compagnie se demandaient quand serait enfin diffus\u00e9e la captation du <strong>concert<\/strong>.<\/p>\n<p class=\" wall-content\">TF1 a enfin annonc\u00e9 la bonne nouvelle sur les r\u00e9seaux sociaux, mardi 22\u00a0juillet 2025. Et il ne faudra plus patienter tr\u00e8s longtemps.<\/p>\n<p>Trois semaines \u00e0 patienter<\/p>\n<p class=\" wall-content\">La premi\u00e8re cha\u00eene a donc indiqu\u00e9 que le concert \u00ab\u2009\u00e9v\u00e9nement\u2009\u00bb des \u00e9l\u00e8ves de la Star Academy serait diffus\u00e9<strong> vendredi 15\u00a0ao\u00fbt<\/strong>, sur TF1 donc, et TF1 +\u00a0\u00e0 partir de<strong> 21h10<\/strong>.<\/p>\n<p>    <a href=\"https:\/\/www.facebook.com\/plugins\/post.php?href=https%3A%2F%2Fwww.facebook.com%2FTF1%2Fposts%2F1276654397161876&amp;show_text=true&amp;width=350\" title=\"Ouvrie le lien\" rel=\"nofollow noopener\" target=\"_blank\">Cliquez ici pour visualiser le contenu<\/a><\/p>\n<p class=\" wall-content\">C\u2019est lors d\u2019un des trois concerts au<strong> Z\u00e9nith de Lille<\/strong>, entre le 21 et le 23\u00a0mars 2025, que le show avait \u00e9t\u00e9 film\u00e9.<\/p>\n<p class=\" wall-content\">Et qui dit \u00e9v\u00e9nement, dit<strong> invit\u00e9s<\/strong> prestigieux. En plus des neuf acad\u00e9miciens, le public pourra voir des prestations avec <a href=\"https:\/\/actu.fr\/jeux-paralympiques\/ceremonie-d-ouverture-icone-lgbt-danseur-chanteur-qui-est-l-artiste-lucky-love-ne-sans-bras_61539371.html\" rel=\"nofollow noopener\" target=\"_blank\">Lucky Love<\/a>, r\u00e9v\u00e9lation de la c\u00e9r\u00e9monie d\u2019ouverture des Jeux Paralympiques de Paris 2024 ou encore Charlotte Cardin.<\/p>\n<p class=\" wall-content\">Et les fans seront heureux de retrouver des <strong>\u00e9l\u00e8ves de la saison pr\u00e9c\u00e9dente<\/strong>\u2009: H\u00e9l\u00e8ne, Julien Lieb et, bien s\u00fbr, le grand gagnant, <a href=\"https:\/\/actu.fr\/tag\/pierre-garnier\" rel=\"nofollow noopener\" target=\"_blank\">Pierre Garnier<\/a>.<\/p>\n<p>La saison 2025, c\u2019est pour bient\u00f4t<\/p>\n<p class=\" wall-content\">Pour cette douzi\u00e8me saison de la Star Academy, ils \u00e9taient <strong>15\u00a0\u00e9l\u00e8ves<\/strong>. Neuf d\u2019entre eux ont particip\u00e9 \u00e0 la tourn\u00e9e\u2009: Marine, la grande gagnante, \u00e9tait accompagn\u00e9e de\u00a0Charles, Ebony, Emma, Franck, Ma\u00efa, Marguerite, Maureen et Ulysse.<\/p>\n<p class=\" wall-content\">Et si le programme phare des ann\u00e9es 2000, ressuscit\u00e9 par TF1 en 2022, vous manque, pas de panique\u2009: il y aura bel et bien une<strong> nouvelle saison<\/strong> en 2025 puisque <a href=\"https:\/\/www.tf1.fr\/tf1\/star-academy\/news\/star-academy-le-casting-de-la-prochaine-saison-est-ouvert-17984650.html\" rel=\"nofollow noopener\" target=\"_blank\">le casting avait \u00e9t\u00e9 ouvert<\/a> avant m\u00eame la fin de la saison 2024.<\/p>\n<p class=\" wall-content\">Pour l\u2019heure, la date de diffusion n\u2019a pas \u00e9t\u00e9 d\u00e9voil\u00e9e, mais si c\u2019est comme les saisons pr\u00e9c\u00e9dentes, il faudra patienter jusqu\u2019\u00e0<strong> l\u2019automne<\/strong>.<\/p>\n<p class=\" wall-content\">Suivez toute l\u2019actualit\u00e9 de vos villes et m\u00e9dias favoris en vous inscrivant \u00e0 <a href=\"https:\/\/moncompte.actu.fr\" title=\"D\u00e9couvez Mon Actu\" rel=\"nofollow noopener\" data-trk=\"{&quot;cta&quot;:{&quot;action&quot;:&quot;https:\\\/\\\/moncompte.actu.fr&quot;,&quot;category&quot;:&quot;mon compte&quot;,&quot;from&quot;:&quot;article footer&quot;,&quot;name&quot;:&quot;Mon actu&quot;,&quot;type&quot;:&quot;cta&quot;}}\" target=\"_blank\">Mon Actu<\/a>.<\/p>\n<ul class=\"ac-article-tag wall-content\">\n<li><a href=\"https:\/\/actu.fr\/tag\/star-academy\" data-trk=\"{&quot;cta&quot;:{&quot;action&quot;:&quot;Star Academy&quot;,&quot;category&quot;:&quot;tag&quot;,&quot;from&quot;:&quot;article footer&quot;,&quot;name&quot;:&quot;Star Academy&quot;,&quot;type&quot;:&quot;cta&quot;}}\" rel=\"nofollow noopener\" target=\"_blank\">#Star Academy<\/a><\/li>\n<li><a href=\"https:\/\/actu.fr\/tag\/television\" data-trk=\"{&quot;cta&quot;:{&quot;action&quot;:&quot;T\\u00e9l\\u00e9vision&quot;,&quot;category&quot;:&quot;tag&quot;,&quot;from&quot;:&quot;article footer&quot;,&quot;name&quot;:&quot;T\\u00e9l\\u00e9vision&quot;,&quot;type&quot;:&quot;cta&quot;}}\" rel=\"nofollow noopener\" target=\"_blank\">#T\u00e9l\u00e9vision<\/a><\/li>\n<\/ul>\n","protected":false},"excerpt":{"rendered":"Par Anne-Laure Petit-H\u00e9non Publi\u00e9 le 26 juil. 2025 \u00e0 20h04 \u00ab\u2009Un, deux, trois, recommence-moi\u2009! Ouh ouh.\u2009\u00bb \u00c7a y&hellip;\n","protected":false},"author":2,"featured_media":275854,"comment_status":"","ping_status":"","sticky":false,"template":"","format":"standard","meta":{"footnotes":""},"categories":[2815],"tags":[1111,11,1777,674,1011,27,811,1307,1652,12,25,5095,252],"class_list":{"0":"post-275853","1":"post","2":"type-post","3":"status-publish","4":"format-standard","5":"has-post-thumbnail","7":"category-lille","8":"tag-actu","9":"tag-actualites","10":"tag-eu","11":"tag-europe","12":"tag-fr","13":"tag-france","14":"tag-hauts-de-france","15":"tag-lille","16":"tag-loisirs-culture","17":"tag-news","18":"tag-republique-francaise","19":"tag-star-academy","20":"tag-television"},"share_on_mastodon":{"url":"https:\/\/pubeurope.com\/@fr\/114921167043576828","error":""},"_links":{"self":[{"href":"https:\/\/www.europesays.com\/fr\/wp-json\/wp\/v2\/posts\/275853","targetHints":{"allow":["GET"]}}],"collection":[{"href":"https:\/\/www.europesays.com\/fr\/wp-json\/wp\/v2\/posts"}],"about":[{"href":"https:\/\/www.europesays.com\/fr\/wp-json\/wp\/v2\/types\/post"}],"author":[{"embeddable":true,"href":"https:\/\/www.europesays.com\/fr\/wp-json\/wp\/v2\/users\/2"}],"replies":[{"embeddable":true,"href":"https:\/\/www.europesays.com\/fr\/wp-json\/wp\/v2\/comments?post=275853"}],"version-history":[{"count":0,"href":"https:\/\/www.europesays.com\/fr\/wp-json\/wp\/v2\/posts\/275853\/revisions"}],"wp:featuredmedia":[{"embeddable":true,"href":"https:\/\/www.europesays.com\/fr\/wp-json\/wp\/v2\/media\/275854"}],"wp:attachment":[{"href":"https:\/\/www.europesays.com\/fr\/wp-json\/wp\/v2\/media?parent=275853"}],"wp:term":[{"taxonomy":"category","embeddable":true,"href":"https:\/\/www.europesays.com\/fr\/wp-json\/wp\/v2\/categories?post=275853"},{"taxonomy":"post_tag","embeddable":true,"href":"https:\/\/www.europesays.com\/fr\/wp-json\/wp\/v2\/tags?post=275853"}],"curies":[{"name":"wp","href":"https:\/\/api.w.org\/{rel}","templated":true}]}}