{"id":275855,"date":"2025-07-26T19:23:11","date_gmt":"2025-07-26T19:23:11","guid":{"rendered":"https:\/\/www.europesays.com\/fr\/275855\/"},"modified":"2025-07-26T19:23:11","modified_gmt":"2025-07-26T19:23:11","slug":"de-la-joie-de-la-fierte-aussi-benjamin-andre-prolonge-son-contrat-avec-lille-et-echappe-au-paris-fc","status":"publish","type":"post","link":"https:\/\/www.europesays.com\/fr\/275855\/","title":{"rendered":"\u00ab De la joie, de la fiert\u00e9 aussi \u00bb : Benjamin Andr\u00e9 prolonge son contrat avec Lille et \u00e9chappe au Paris FC"},"content":{"rendered":"<p class=\"paragraph text_align_left lp-f-body-02\">Parvenu \u00e0 atteindre l\u2019\u00e9lite du football fran\u00e7ais apr\u00e8s des ann\u00e9es d\u2019attente, le <a href=\"https:\/\/www.leparisien.fr\/sports\/football\/paris-fc\/\" target=\"_blank\" rel=\"noreferrer nofollow noopener\">Paris FC<\/a> se donne les moyens de rester en <a href=\"https:\/\/www.leparisien.fr\/sports\/football\/ligue-1\/\" target=\"_blank\" rel=\"noreferrer nofollow noopener\">Ligue 1<\/a>. Apr\u00e8s avoir boucl\u00e9 de gros coups comme Moses Simon et <a href=\"https:\/\/www.leparisien.fr\/sports\/football\/ligue-1\/gros-potentiel-physique-dur-dans-les-duels-mais-pas-toujours-fiable-qui-est-otavio-la-recrue-du-paris-fc-23-07-2025-ZBRBZD3ZOZGNDLZ5NUCPFMVLFU.php\" target=\"_blank\" rel=\"noreferrer nofollow noopener\">Otavio<\/a>, le club parisien d\u00e9sirait apporter de l\u2019exp\u00e9rience au milieu de terrain <a href=\"https:\/\/www.leparisien.fr\/sports\/football\/ligue-1\/ligue-1-convoite-par-le-paris-fc-benjamin-andre-na-pas-fait-le-deplacement-a-come-avec-lille-18-07-2025-HCDBUGS3UJCQHDUEB2I62FVDFE.php\" target=\"_blank\" rel=\"noreferrer nofollow noopener\">en bouclant l\u2019arriv\u00e9e de Benjamin Andr\u00e9<\/a>. L\u2019affaire semblait m\u00eame bien parti puisque le joueur souhaitait partir au PFC, et un accord sur la base d\u2019un contrat de trois ans avait \u00e9t\u00e9 trouv\u00e9<\/p>\n<p class=\"paragraph text_align_left lp-f-body-02\">Mais les dirigeants doivent finalement faire une croix sur ce dossier puisque le joueur de 34 ans a finalement prolong\u00e9 son contrat avec Lille jusqu\u2019en 2028. Chez les Dogues depuis 2019, le Fran\u00e7ais qui a gagn\u00e9 un titre de champion de France et le Troph\u00e9e des champions en 2021 a donc fait le choix de la stabilit\u00e9. <\/p>\n<p class=\"paragraph text_align_left lp-f-body-02\">Via un <a href=\"https:\/\/www.losc.fr\/actualites\/2025-07-26\/benjamin-andre-irresistiblement-dogue\" target=\"_self\" rel=\"nofollow noopener\">communiqu\u00e9 publi\u00e9 par le club<\/a>, Benjamin Andr\u00e9 a partag\u00e9 sa joie de rester dans le nord de la France : \u00ab Il y a de la joie, de la fiert\u00e9 aussi. Je suis tr\u00e8s content de poursuivre l\u2019aventure, avec tout ce qu\u2019on a v\u00e9cu ici. J\u2019esp\u00e8re qu\u2019on aura encore de belles choses \u00e0 vivre ensemble. \u00bb<\/p>\n<p class=\"paragraph text_align_left lp-f-body-02\">R\u00e9cemment sortis victorieux de leur match amical contre Saint-Etienne (0-3) gr\u00e2ce \u00e0 un doubl\u00e9 de Vincent Marchetti et un but d\u2019Ilan Kebbal, le Paris FC va devoir prospecter ailleurs afin de trouver le milieu tant d\u00e9sir\u00e9. <\/p>\n","protected":false},"excerpt":{"rendered":"Parvenu \u00e0 atteindre l\u2019\u00e9lite du football fran\u00e7ais apr\u00e8s des ann\u00e9es d\u2019attente, le Paris FC se donne les moyens&hellip;\n","protected":false},"author":2,"featured_media":247358,"comment_status":"","ping_status":"","sticky":false,"template":"","format":"standard","meta":{"footnotes":""},"categories":[2815],"tags":[1111,11,1777,674,63,1011,27,811,66,1307,12,25,60],"class_list":{"0":"post-275855","1":"post","2":"type-post","3":"status-publish","4":"format-standard","5":"has-post-thumbnail","7":"category-lille","8":"tag-actu","9":"tag-actualites","10":"tag-eu","11":"tag-europe","12":"tag-football","13":"tag-fr","14":"tag-france","15":"tag-hauts-de-france","16":"tag-ligue-1","17":"tag-lille","18":"tag-news","19":"tag-republique-francaise","20":"tag-sports"},"share_on_mastodon":{"url":"https:\/\/pubeurope.com\/@fr\/114921170836505532","error":""},"_links":{"self":[{"href":"https:\/\/www.europesays.com\/fr\/wp-json\/wp\/v2\/posts\/275855","targetHints":{"allow":["GET"]}}],"collection":[{"href":"https:\/\/www.europesays.com\/fr\/wp-json\/wp\/v2\/posts"}],"about":[{"href":"https:\/\/www.europesays.com\/fr\/wp-json\/wp\/v2\/types\/post"}],"author":[{"embeddable":true,"href":"https:\/\/www.europesays.com\/fr\/wp-json\/wp\/v2\/users\/2"}],"replies":[{"embeddable":true,"href":"https:\/\/www.europesays.com\/fr\/wp-json\/wp\/v2\/comments?post=275855"}],"version-history":[{"count":0,"href":"https:\/\/www.europesays.com\/fr\/wp-json\/wp\/v2\/posts\/275855\/revisions"}],"wp:featuredmedia":[{"embeddable":true,"href":"https:\/\/www.europesays.com\/fr\/wp-json\/wp\/v2\/media\/247358"}],"wp:attachment":[{"href":"https:\/\/www.europesays.com\/fr\/wp-json\/wp\/v2\/media?parent=275855"}],"wp:term":[{"taxonomy":"category","embeddable":true,"href":"https:\/\/www.europesays.com\/fr\/wp-json\/wp\/v2\/categories?post=275855"},{"taxonomy":"post_tag","embeddable":true,"href":"https:\/\/www.europesays.com\/fr\/wp-json\/wp\/v2\/tags?post=275855"}],"curies":[{"name":"wp","href":"https:\/\/api.w.org\/{rel}","templated":true}]}}