{"id":275861,"date":"2025-07-26T19:27:20","date_gmt":"2025-07-26T19:27:20","guid":{"rendered":"https:\/\/www.europesays.com\/fr\/275861\/"},"modified":"2025-07-26T19:27:20","modified_gmt":"2025-07-26T19:27:20","slug":"4-communes-veulent-creer-un-service-complementaire-a-velov","status":"publish","type":"post","link":"https:\/\/www.europesays.com\/fr\/275861\/","title":{"rendered":"4 communes veulent cr\u00e9er un service compl\u00e9mentaire \u00e0 V\u00e9lo&rsquo;V"},"content":{"rendered":"<p>Face \u00e0 l\u2019enclavement de leur territoire, les maires de 4 communes de l\u2019agglom\u00e9ration lyonnaise s\u2019unissent pour proposer une alternative aux transports satur\u00e9s : des v\u00e9los \u00e9lectriques en libre-service qui devraient \u00eatre bient\u00f4t exp\u00e9riment\u00e9s. Un projet ambitieux pour d\u00e9sengorger les routes et faciliter l\u2019intermodalit\u00e9.<\/p>\n<p>Un manque de solutions de d\u00e9placement, voil\u00e0 ce que d\u00e9noncent conjointement les maires des communes de <strong>Saint-Genis-Laval, Charly, Irigny et Vernaison<\/strong>. En r\u00e9ponse \u00e0 cette probl\u00e9matique, ils ont lanc\u00e9 sur leurs communes un <strong>projet de VAE<\/strong>. Des <strong>V\u00e9los \u00e0 Assistance Electrique en libre-service<\/strong>\u2026 Une solution alternative qui, pour <strong>Julien Vuillemard<\/strong>, maire de<strong> Vernaison<\/strong>, permettra de r\u00e9pondre \u00e0 de nombreux enjeux. <\/p>\n<p>Ecoutez le podcast<\/p>\n<p>Ecoutez aussi : <a href=\"https:\/\/www.lyondemain.fr\/leon-cycle-siege-lyon\/\" target=\"_blank\" rel=\"noreferrer noopener nofollow\">Le g\u00e9ant allemand du v\u00e9lo \u00e9lectrique Leon Cycle s\u2019installe \u00e0 Lyon<\/a><\/p>\n<p>Un service compl\u00e9mentaire \u00e0 V\u00e9lo\u2019V pour d\u00e9carboner les transports<\/p>\n<p>\u201cL\u2019objectif principal c\u2019est d\u00e9j\u00e0 <strong>d\u00e9carboner les transports<\/strong>, \u00e7a c\u2019est une premi\u00e8re chose. Et c\u2019est de trouver une alternative compl\u00e9mentaire \u00e0 ce qui existe aujourd\u2019hui sur un territoire qui est tr\u00e8s enclav\u00e9, tr\u00e8s engorg\u00e9. On est sur un territoire vallonn\u00e9, <strong>Saint-Genis-Laval, Charly, Irigny, Vernaison<\/strong>, le <strong>pont de Vernaison<\/strong>, une congestion routi\u00e8re permanente et donc la n\u00e9cessit\u00e9 de proposer des alternatives. Le <strong>ferroviaire<\/strong> en est une, mais pas seulement\u2026 Le <strong>bus<\/strong> en est une autre et on pense que le <strong>v\u00e9lo<\/strong> est une autre piste qu\u2019il faut exploiter\u2026\u201d<\/p>\n<p><strong>Maryl\u00e8ne Millet<\/strong>, maire de <strong>Saint-Genis-Laval<\/strong>, compl\u00e8te \u00e0 propos de ce <strong>service compl\u00e9mentaire \u00e0 V\u00e9lo\u2019V<\/strong>.<\/p>\n<p> \u201cAu niveau de <strong>Saint-Genis-Laval<\/strong>, on a la chance d\u2019avoir d\u00e9j\u00e0 une <strong>station V\u00e9lo\u2019V<\/strong> et bient\u00f4t une deuxi\u00e8me. Mais mes coll\u00e8gues n\u2019ont pas cette chance-l\u00e0. L\u2019objectif c\u2019est d\u00e9j\u00e0 de trouver des solutions pour palier ce manque de <strong>stations V\u00e9lo\u2019V<\/strong>. Une solution qui permettra \u00e0 la fois de <strong>relier les villes<\/strong> entre elles. Et aussi de <strong>pouvoir rejoindre la station de m\u00e9tro<\/strong> qu\u2019on a la chance d\u2019avoir \u00e0 <strong>Saint-Genis-Laval<\/strong>. Mais qui n\u00e9cessite vraiment aussi d\u2019\u00eatre confort\u00e9e par ces <strong>mobilit\u00e9s alternatives<\/strong>\u00ab\u00a0.<\/p>\n<p>Ecoutez aussi : <a href=\"https:\/\/www.lyondemain.fr\/drop-velos-cargo-lyon\/\" target=\"_blank\" rel=\"noreferrer noopener nofollow\">Drop : agile et propre comme un v\u00e9lo, avec le confort d\u2019une voiture<\/a><\/p>\n<p>Un projet encore en suspens<\/p>\n<p>Un <strong><a href=\"https:\/\/www.saintgenislaval.fr\/actualites-agenda\/appel-manifestation-dinteret\" target=\"_blank\" rel=\"noreferrer noopener nofollow\">Appel \u00e0 Manifestation d\u2019Int\u00e9r\u00eat (AMI)<\/a><\/strong> a pour objectif d\u2019attirer des <strong>op\u00e9rateurs priv\u00e9s<\/strong> pour ce <strong>service compl\u00e9mentaire \u00e0 V\u00e9lo\u2019V<\/strong>. Avec pour l\u2019instant quelques pistes envisag\u00e9es, comme l\u2019explique <strong>Julien Ravello<\/strong>, responsable <strong>transition \u00e9cologique<\/strong> \u00e0 la <strong>ville de Saint-Genis-Laval<\/strong>.<\/p>\n<p>\u201cAvant de lancer l\u2019AMI, on a quand m\u00eame \u00e9chang\u00e9 plust\u00f4t par t\u00e9l\u00e9phone avec des op\u00e9rateurs pour savoir si \u00e7a les int\u00e9ressait. C\u2019est pour \u00e7a qu\u2019on a parl\u00e9 de <strong><a href=\"https:\/\/ridedott.com\/fr\/\" target=\"_blank\" rel=\"noreferrer noopener nofollow\">Dott<\/a><\/strong>. Et je peux aussi citer <strong><a href=\"https:\/\/getapony.com\/fr\" target=\"_blank\" rel=\"noreferrer noopener nofollow\">Pony<\/a><\/strong>, une entreprise qu\u2019on a eu au t\u00e9l\u00e9phone. A priori ces sujets les int\u00e9ressent. Mais encore une fois on n\u2019est pas certains qu\u2019on ait un op\u00e9rateur qui r\u00e9ponde d\u2019ici la fin de l\u2019\u00e9t\u00e9. Le r\u00e9sultat de l\u2019<strong>AMI<\/strong> \u00e7a sera le 25 ao\u00fbt. Donc on pourra vous dire si on a une, deux, trois, quatre, cinq r\u00e9ponses\u2026 Et on va analyser ensuite ensemble\u2026\u00a0\u00bb<\/p>\n<p>La <strong><a href=\"https:\/\/www.grandlyon.com\/actualite\/le-reseau-velo-v-setend\" target=\"_blank\" rel=\"noreferrer noopener nofollow\">M\u00e9tropole de Lyon<\/a><\/strong> dit accompagner ces quatre communes dans leur r\u00e9flexion sur un service compl\u00e9mentaire. Parmi les <strong>33 nouvelles stations V\u00e9lo\u2019v<\/strong> annonc\u00e9es ces prochains mois, l\u2019une d\u2019entre elle verra le jour \u00e0 <strong>Saint-Genis-Laval<\/strong>, confirme le <strong>Grand Lyon<\/strong>.<\/p>\n<p>Ecoutez aussi : <a href=\"https:\/\/www.lyondemain.fr\/ztl-presquile-lyon\/\" target=\"_blank\" rel=\"noreferrer noopener nofollow\">\u00ab\u00a0La ZTL est une r\u00e9ponse \u00e0 la morosit\u00e9 ambiante\u00a0\u00bb Gr\u00e9gory Doucet<\/a><\/p>\n<p><img fetchpriority=\"high\" decoding=\"async\" width=\"1200\" height=\"675\" src=\"https:\/\/www.europesays.com\/fr\/wp-content\/uploads\/2025\/07\/service-complementaire-a-VeloV.jpg\" alt=\"service compl\u00e9mentaire \u00e0 V\u00e9lo'V\" class=\"wp-image-250698\"  \/><br \/>\nJ\u2019aime \u00e7a\u00a0:<\/p>\n<p>J\u2019aime chargement\u2026<\/p>\n<p><a class=\"sd-link-color\"\/><\/p>\n<p>\n\tArticles similaires\n<\/p>\n<p>\t\t\t\t<img decoding=\"async\" src=\"https:\/\/www.europesays.com\/fr\/wp-content\/uploads\/2025\/07\/1753558040_774_7866158698e17e8ed633c05e8f8e7fe5d9e057ad78661c4dc34e413abb6b9f19\" alt=\"G\u00e9rald Bouchon\"\/><\/p>\n<p>Pionnier des radios libres, passionn\u00e9 de radio, journaliste et dirigeant de m\u00e9dias \u00e9co-responsables..<\/p>\n","protected":false},"excerpt":{"rendered":"Face \u00e0 l\u2019enclavement de leur territoire, les maires de 4 communes de l\u2019agglom\u00e9ration lyonnaise s\u2019unissent pour proposer une&hellip;\n","protected":false},"author":2,"featured_media":275862,"comment_status":"","ping_status":"","sticky":false,"template":"","format":"standard","meta":{"footnotes":""},"categories":[1889],"tags":[1111,11,2430,36630,33034,1777,674,1011,27,26942,2428,41184,10510,12,41185,41524,25,5151,40258,41186,11091,26941],"class_list":{"0":"post-275861","1":"post","2":"type-post","3":"status-publish","4":"format-standard","5":"has-post-thumbnail","7":"category-lyon","8":"tag-actu","9":"tag-actualites","10":"tag-auvergne-rhone-alpes","11":"tag-charly","12":"tag-dott","13":"tag-eu","14":"tag-europe","15":"tag-fr","16":"tag-france","17":"tag-irigny","18":"tag-lyon","19":"tag-marylene-millet","20":"tag-metropole-de-lyon","21":"tag-news","22":"tag-olivier-araujo","23":"tag-pony","24":"tag-republique-francaise","25":"tag-saint-genis-laval","26":"tag-transport-decarbone","27":"tag-velo-a-assistance-electrique","28":"tag-velov","29":"tag-vernaison"},"share_on_mastodon":{"url":"https:\/\/pubeurope.com\/@fr\/114921186495290366","error":""},"_links":{"self":[{"href":"https:\/\/www.europesays.com\/fr\/wp-json\/wp\/v2\/posts\/275861","targetHints":{"allow":["GET"]}}],"collection":[{"href":"https:\/\/www.europesays.com\/fr\/wp-json\/wp\/v2\/posts"}],"about":[{"href":"https:\/\/www.europesays.com\/fr\/wp-json\/wp\/v2\/types\/post"}],"author":[{"embeddable":true,"href":"https:\/\/www.europesays.com\/fr\/wp-json\/wp\/v2\/users\/2"}],"replies":[{"embeddable":true,"href":"https:\/\/www.europesays.com\/fr\/wp-json\/wp\/v2\/comments?post=275861"}],"version-history":[{"count":0,"href":"https:\/\/www.europesays.com\/fr\/wp-json\/wp\/v2\/posts\/275861\/revisions"}],"wp:featuredmedia":[{"embeddable":true,"href":"https:\/\/www.europesays.com\/fr\/wp-json\/wp\/v2\/media\/275862"}],"wp:attachment":[{"href":"https:\/\/www.europesays.com\/fr\/wp-json\/wp\/v2\/media?parent=275861"}],"wp:term":[{"taxonomy":"category","embeddable":true,"href":"https:\/\/www.europesays.com\/fr\/wp-json\/wp\/v2\/categories?post=275861"},{"taxonomy":"post_tag","embeddable":true,"href":"https:\/\/www.europesays.com\/fr\/wp-json\/wp\/v2\/tags?post=275861"}],"curies":[{"name":"wp","href":"https:\/\/api.w.org\/{rel}","templated":true}]}}