{"id":275869,"date":"2025-07-26T19:32:31","date_gmt":"2025-07-26T19:32:31","guid":{"rendered":"https:\/\/www.europesays.com\/fr\/275869\/"},"modified":"2025-07-26T19:32:31","modified_gmt":"2025-07-26T19:32:31","slug":"un-an-apres-la-ceremonie-des-jo-de-paris-2024-imagine-de-juliette-armanet-et-sofiane-pamart-est-enfin-dispo","status":"publish","type":"post","link":"https:\/\/www.europesays.com\/fr\/275869\/","title":{"rendered":"Un an apr\u00e8s la c\u00e9r\u00e9monie des JO de Paris 2024, \u00ab\u00a0Imagine\u00a0\u00bb de Juliette Armanet et Sofiane Pamart est enfin dispo"},"content":{"rendered":"<p>            Par<br \/>\n        <strong><br \/>\n            <a href=\"https:\/\/actu.fr\/auteur\/anne-laure-petit-henon\" title=\"Consulter tous les articles de Anne-Laure Petit-H\u00e9non\" target=\"_blank\" rel=\"noopener\">Anne-Laure Petit-H\u00e9non<\/a><br \/>\n        <\/strong><\/p>\n<p>        Publi\u00e9 le<\/p>\n<p>            26 juil. 2025 \u00e0 7h56        <\/p>\n<p>Et la vasque s\u2019est envol\u00e9e, et C\u00e9line Dion est apparue en haut de la tour Eiffel. C\u2019\u00e9tait il y a un an, le 26\u00a0juillet 2024\u2009: les<a href=\"https:\/\/actu.fr\/tag\/jo-paris-2024\" target=\"_blank\" rel=\"noopener\"> JO de Paris 2024<\/a> commen\u00e7aient officiellement, lors d\u2019une c\u00e9r\u00e9monie d\u2019ouverture inoubliable.<\/p>\n<p class=\" wall-content\">Chauvins, nous\u2009? \u00c0 peine. En tout cas, c\u2019est ind\u00e9niable que la<strong> bande-son<\/strong> de ce show de pr\u00e8s de 4\u00a0heures nous a marqu\u00e9s. En tout cas, un an apr\u00e8s, on va pouvoir replonger, car une nouvelle chanson est sortie sur les plateformes.<\/p>\n<p>Un an apr\u00e8s, \u00ab\u2009Imagine\u2009\u00bb sur les plateformes<\/p>\n<p class=\" wall-content\">C\u00e9line Dion, Lady Gaga\u2026 Mais aussi <strong>Juliette Armanet<\/strong>, tout en po\u00e9sie, qui \u00e9tait apparue sur la sc\u00e8ne au c\u00f4t\u00e9 du pianiste Sofiane Pamart. Un moment suspendu que l\u2019on peut revivre.<\/p>\n<p class=\" wall-content\">Sur Instagram, vendredi 25\u00a0juillet 2025, les comptes officiels des Jeux Olympiques, mais aussi des deux artistes, ont annonc\u00e9 la bonne nouvelle\u2009: leur interpr\u00e9tation d\u2019Imagine, standard de John Lennon, est \u00e0 pr\u00e9sent disponible sur les plateformes de streaming musical.<\/p>\n<p class=\" wall-content\"><a href=\"https:\/\/www.instagram.com\/reel\/DMiW70cCH_n\/embed\" title=\"Ouvrir le lien sur Instagram\" target=\"_blank\" rel=\"noopener\">Visualiser le contenu sur Instagram<\/a><\/p>\n<p>\u00abImagine\u2009\u00bb rejoint une (courte) liste<\/p>\n<p class=\" wall-content\">\u00c7a vous a donn\u00e9 envie de vous replonger dans cette p\u00e9riode suspendue\u2009? C\u00f4t\u00e9 playlist, il y a de quoi animer votre week-end.<\/p>\n<p class=\" wall-content\">D\u2019abord avec le \u00c7a ira\u2009! du groupe Gojira, qui a d\u2019ailleurs \u00e9t\u00e9 <a href=\"https:\/\/actu.fr\/loisirs-culture\/grammy-award-le-groupe-de-metal-francais-gojira-recompense-pour-son-titre-interprete-au-jo-de-paris-2024_62201585.html\" target=\"_blank\" rel=\"noopener\">r\u00e9compens\u00e9 aux Grammys<\/a> pour sa performance.<\/p>\n<p class=\" wall-content\">Toutes les musiques cr\u00e9\u00e9es par Victor Le Masne, dont Parade et Higher, sont \u00e9galement disponibles.<\/p>\n<p class=\" wall-content\">Enfin, \u00e9videmment, <a href=\"https:\/\/actu.fr\/loisirs-culture\/celine-dion-son-interpretation-de-l-hymne-a-l-amour-sera-disponible-sur-les-plateformes-ce-jeudi_61713193.html\" target=\"_blank\" rel=\"noopener\">l\u2019Hymne \u00e0 l\u2019amour de C\u00e9line Dion<\/a> est aussi dispo sur les plateformes depuis octobre dernier.<\/p>\n<p class=\" wall-content\">Et c\u2019est tout\u2009: point de Mon truc en plumes de Lady Gaga, ni ce duo improbable entre <strong>Aya Nakamura et la Garde R\u00e9publicaine<\/strong> sur Djadja.<\/p>\n<p class=\" wall-content\">\n<p class=\" wall-content\">C\u00f4t\u00e9 c\u00e9r\u00e9monie de cl\u00f4ture, la version de Nightcall reprise par Kavinsky, Ang\u00e8le et Phoenix est sur les plateformes depuis le 20\u00a0septembre 2024.<\/p>\n<p class=\" wall-content\">Suivez toute l\u2019actualit\u00e9 de vos villes et m\u00e9dias favoris en vous inscrivant \u00e0 <a href=\"https:\/\/moncompte.actu.fr\" title=\"D\u00e9couvez Mon Actu\" rel=\"nofollow noopener\" data-trk=\"{&quot;cta&quot;:{&quot;action&quot;:&quot;https:\\\/\\\/moncompte.actu.fr&quot;,&quot;category&quot;:&quot;mon compte&quot;,&quot;from&quot;:&quot;article footer&quot;,&quot;name&quot;:&quot;Mon actu&quot;,&quot;type&quot;:&quot;cta&quot;}}\" target=\"_blank\">Mon Actu<\/a>.<\/p>\n<p>                    <script async src=\"\/\/www.instagram.com\/embed.js\"><\/script><\/p>\n","protected":false},"excerpt":{"rendered":"Par Anne-Laure Petit-H\u00e9non Publi\u00e9 le 26 juil. 2025 \u00e0 7h56 Et la vasque s\u2019est envol\u00e9e, et C\u00e9line Dion&hellip;\n","protected":false},"author":2,"featured_media":275870,"comment_status":"","ping_status":"","sticky":false,"template":"","format":"standard","meta":{"footnotes":""},"categories":[1888],"tags":[11,1777,674,1011,27,3996,7941,12,626,25],"class_list":{"0":"post-275869","1":"post","2":"type-post","3":"status-publish","4":"format-standard","5":"has-post-thumbnail","7":"category-paris","8":"tag-actualites","9":"tag-eu","10":"tag-europe","11":"tag-fr","12":"tag-france","13":"tag-jeux-olympiques","14":"tag-jo-paris-2024","15":"tag-news","16":"tag-paris","17":"tag-republique-francaise"},"share_on_mastodon":{"url":"https:\/\/pubeurope.com\/@fr\/114921206290394481","error":""},"_links":{"self":[{"href":"https:\/\/www.europesays.com\/fr\/wp-json\/wp\/v2\/posts\/275869","targetHints":{"allow":["GET"]}}],"collection":[{"href":"https:\/\/www.europesays.com\/fr\/wp-json\/wp\/v2\/posts"}],"about":[{"href":"https:\/\/www.europesays.com\/fr\/wp-json\/wp\/v2\/types\/post"}],"author":[{"embeddable":true,"href":"https:\/\/www.europesays.com\/fr\/wp-json\/wp\/v2\/users\/2"}],"replies":[{"embeddable":true,"href":"https:\/\/www.europesays.com\/fr\/wp-json\/wp\/v2\/comments?post=275869"}],"version-history":[{"count":0,"href":"https:\/\/www.europesays.com\/fr\/wp-json\/wp\/v2\/posts\/275869\/revisions"}],"wp:featuredmedia":[{"embeddable":true,"href":"https:\/\/www.europesays.com\/fr\/wp-json\/wp\/v2\/media\/275870"}],"wp:attachment":[{"href":"https:\/\/www.europesays.com\/fr\/wp-json\/wp\/v2\/media?parent=275869"}],"wp:term":[{"taxonomy":"category","embeddable":true,"href":"https:\/\/www.europesays.com\/fr\/wp-json\/wp\/v2\/categories?post=275869"},{"taxonomy":"post_tag","embeddable":true,"href":"https:\/\/www.europesays.com\/fr\/wp-json\/wp\/v2\/tags?post=275869"}],"curies":[{"name":"wp","href":"https:\/\/api.w.org\/{rel}","templated":true}]}}