{"id":275871,"date":"2025-07-26T19:33:18","date_gmt":"2025-07-26T19:33:18","guid":{"rendered":"https:\/\/www.europesays.com\/fr\/275871\/"},"modified":"2025-07-26T19:33:18","modified_gmt":"2025-07-26T19:33:18","slug":"jeunes-francais-juifs-debarques-dun-avion-en-espagne-paris-demande-des-explications","status":"publish","type":"post","link":"https:\/\/www.europesays.com\/fr\/275871\/","title":{"rendered":"Jeunes fran\u00e7ais juifs d\u00e9barqu\u00e9s d&rsquo;un avion en Espagne : Paris demande des \u00ab\u00a0explications\u00a0\u00bb"},"content":{"rendered":"<p>Le ministre fran\u00e7ais des Affaires \u00e9trang\u00e8res Jean-No\u00ebl Barrot a demand\u00e9 des \u00ab\u00a0explications\u00a0\u00bb \u00e0 Vueling apr\u00e8s qu&rsquo;une cinquantaine d&rsquo;adolescents fran\u00e7ais de confession juive qui rentraient de vacances ont \u00e9t\u00e9 d\u00e9barqu\u00e9s d&rsquo;un avion de la compagnie en Espagne.<\/p>\n<p>L&rsquo;incident avait suscit\u00e9 une vive pol\u00e9mique. Le ministre fran\u00e7ais des Affaires \u00e9trang\u00e8res <a href=\"https:\/\/www.france24.com\/fr\/tag\/jean-no\u00ebl-barrot\/\" class=\"link \" rel=\"nofollow noopener\" target=\"_blank\" data-ylk=\"slk:Jean-No\u00ebl Barrot;elm:context_link;itc:0;sec:content-canvas\">Jean-No\u00ebl Barrot<\/a> a appel\u00e9 samedi 26 juillet la PDG de la compagnie a\u00e9rienne Vueling pour lui demander des \u00ab\u00a0\u00e9l\u00e9ments d&rsquo;explication\u00a0\u00bb apr\u00e8s qu&rsquo;une cinquantaine d&rsquo;adolescents fran\u00e7ais de confession juive ont \u00e9t\u00e9 d\u00e9barqu\u00e9s d&rsquo;un avion alors qu&rsquo;ils rentraient d&rsquo;un s\u00e9jour en <a href=\"https:\/\/www.france24.com\/fr\/tag\/espagne\/\" class=\"link \" rel=\"nofollow noopener\" target=\"_blank\" data-ylk=\"slk:Espagne;elm:context_link;itc:0;sec:content-canvas\">Espagne<\/a>.<\/p>\n<p>L&rsquo;incident s&rsquo;est produit mercredi apr\u00e8s-midi, lorsqu&rsquo;un groupe d&rsquo;enfants et adolescents qui se trouvait en Espagne depuis deux semaines, s&rsquo;appr\u00eatait \u00e0 d\u00e9coller de l&rsquo;a\u00e9roport de Valence (sud-est) \u00e0 destination de Paris-Orly.<\/p>\n<p>Dans un communiqu\u00e9 publi\u00e9 jeudi, la compagnie espagnole a imput\u00e9 cet incident aux adolescents, accus\u00e9s d&rsquo;avoir eu un \u00ab\u00a0comportement inappropri\u00e9\u00a0\u00bb et \u00ab\u00a0une attitude fortement conflictuelle, mettant en p\u00e9ril le bon d\u00e9roulement du vol\u00a0\u00bb.<\/p>\n<p>L&rsquo;organisateur de la colonie a au contraire affirm\u00e9 que les adolescents avaient \u00e9t\u00e9 d\u00e9barqu\u00e9s \u00ab\u00a0sans motif valable\u00a0\u00bb.<\/p>\n<p>\u00ab\u00a0Une enqu\u00eate interne rigoureuse\u00a0\u00bb<\/p>\n<p>Lors de son entretien avec Carolina Martinoli, PDG de la compagnie a\u00e9rienne espagnole Vueling, samedi, le chef de la diplomatie fran\u00e7aise a fait \u00ab\u00a0part de la vive \u00e9motion suscit\u00e9e par le d\u00e9barquement d&rsquo;un groupe de jeunes Fran\u00e7ais juifs d&rsquo;un avion de la compagnie\u00a0\u00bb, affirme le Quai d&rsquo;Orsay dans un communiqu\u00e9.<\/p>\n<p>\u00ab\u00a0Il a \u00e9t\u00e9 demand\u00e9 des \u00e9l\u00e9ments d&rsquo;explication, notamment pour d\u00e9terminer si ces compatriotes avaient fait l&rsquo;objet de discriminations li\u00e9es \u00e0 leur confession\u00a0\u00bb, ajoute le minist\u00e8re \u00e0 propos de l&rsquo;incident qui avait suscit\u00e9 une vive pol\u00e9mique.<\/p>\n<p>La PDG de la compagnie \u00ab\u00a0lui a assur\u00e9 qu&rsquo;une enqu\u00eate interne rigoureuse \u00e9tait en cours et que les conclusions de cette enqu\u00eate seraient partag\u00e9es avec les autorit\u00e9s fran\u00e7aises et espagnoles\u00a0\u00bb, pr\u00e9cise-t-il.<\/p>\n<p>Des explications ont \u00e9galement \u00e9t\u00e9 demand\u00e9es \u00e0 l&rsquo;ambassadeur d&rsquo;Espagne en France, selon le communiqu\u00e9.<\/p>\n<p>L&rsquo;association Club Kineret, organisatrice de la colonie de vacances, a annonc\u00e9 son intention de porter plainte contre le transporteur \u00ab\u00a0pour violence physique, psychologique et discrimination sur le fondement de la religion\u00a0\u00bb, a affirm\u00e9 jeudi \u00e0 l&rsquo;AFP son avocate, Julie Jacob. Elle a \u00e9voqu\u00e9 des \u00ab\u00a0circonstances aggravantes\u00a0\u00bb, certains enfants \u00e9tant \u00e2g\u00e9s de \u00ab\u00a0moins de 15 ans\u00a0\u00bb.<\/p>\n<p>Avec AFP<\/p>\n","protected":false},"excerpt":{"rendered":"Le ministre fran\u00e7ais des Affaires \u00e9trang\u00e8res Jean-No\u00ebl Barrot a demand\u00e9 des \u00ab\u00a0explications\u00a0\u00bb \u00e0 Vueling apr\u00e8s qu&rsquo;une cinquantaine d&rsquo;adolescents&hellip;\n","protected":false},"author":2,"featured_media":275872,"comment_status":"","ping_status":"","sticky":false,"template":"","format":"standard","meta":{"footnotes":""},"categories":[1888],"tags":[11,1777,674,2871,1011,27,41525,8270,12,626,25,39532],"class_list":{"0":"post-275871","1":"post","2":"type-post","3":"status-publish","4":"format-standard","5":"has-post-thumbnail","7":"category-paris","8":"tag-actualites","9":"tag-eu","10":"tag-europe","11":"tag-explications","12":"tag-fr","13":"tag-france","14":"tag-la-compagnie","15":"tag-ministre-francais-des-affaires-etrangeres","16":"tag-news","17":"tag-paris","18":"tag-republique-francaise","19":"tag-vueling"},"share_on_mastodon":{"url":"https:\/\/pubeurope.com\/@fr\/114921210339919792","error":""},"_links":{"self":[{"href":"https:\/\/www.europesays.com\/fr\/wp-json\/wp\/v2\/posts\/275871","targetHints":{"allow":["GET"]}}],"collection":[{"href":"https:\/\/www.europesays.com\/fr\/wp-json\/wp\/v2\/posts"}],"about":[{"href":"https:\/\/www.europesays.com\/fr\/wp-json\/wp\/v2\/types\/post"}],"author":[{"embeddable":true,"href":"https:\/\/www.europesays.com\/fr\/wp-json\/wp\/v2\/users\/2"}],"replies":[{"embeddable":true,"href":"https:\/\/www.europesays.com\/fr\/wp-json\/wp\/v2\/comments?post=275871"}],"version-history":[{"count":0,"href":"https:\/\/www.europesays.com\/fr\/wp-json\/wp\/v2\/posts\/275871\/revisions"}],"wp:featuredmedia":[{"embeddable":true,"href":"https:\/\/www.europesays.com\/fr\/wp-json\/wp\/v2\/media\/275872"}],"wp:attachment":[{"href":"https:\/\/www.europesays.com\/fr\/wp-json\/wp\/v2\/media?parent=275871"}],"wp:term":[{"taxonomy":"category","embeddable":true,"href":"https:\/\/www.europesays.com\/fr\/wp-json\/wp\/v2\/categories?post=275871"},{"taxonomy":"post_tag","embeddable":true,"href":"https:\/\/www.europesays.com\/fr\/wp-json\/wp\/v2\/tags?post=275871"}],"curies":[{"name":"wp","href":"https:\/\/api.w.org\/{rel}","templated":true}]}}