{"id":275873,"date":"2025-07-26T19:34:16","date_gmt":"2025-07-26T19:34:16","guid":{"rendered":"https:\/\/www.europesays.com\/fr\/275873\/"},"modified":"2025-07-26T19:34:16","modified_gmt":"2025-07-26T19:34:16","slug":"la-russie-revendique-la-prise-dun-nouveau-village-dans-une-region-du-centre-est-de-lukraine","status":"publish","type":"post","link":"https:\/\/www.europesays.com\/fr\/275873\/","title":{"rendered":"La Russie revendique la prise d\u2019un nouveau village dans une r\u00e9gion du centre est de l\u2019Ukraine"},"content":{"rendered":"<p><strong>R\u00e9cap &#8211; \u00ab\u00a020 Minutes\u00a0\u00bb fait le point pour vous tous les soirs sur le conflit. Ce samedi, les forces russes affirment avoir \u00ab\u00a0lib\u00e9r\u00e9 la localit\u00e9 de Malievka\u00a0\u00bb et Volodymyr Zelensky vante les drones ukrainiens<\/strong><\/p>\n<p>Vous avez rat\u00e9 les derniers \u00e9v\u00e9nements sur la <a href=\"https:\/\/www.20minutes.fr\/monde\/ukraine\/?at_medium=RSS%20feed&amp;at_campaign=ynews&amp;utm_source=yahoo&amp;utm_medium=rss&amp;utm_campaign=news_feed&amp;utm_content=in_article_link\" rel=\"nofollow noopener\" target=\"_blank\" data-ylk=\"slk:guerre en Ukraine;elm:context_link;itc:0;sec:content-canvas\" class=\"link \">guerre en Ukraine<\/a>\u00a0? 20 Minutes fait le point pour vous tous les soirs. Voici l\u2019essentiel de ce samedi 20\u00a0juillet, 1.249e jour du conflit.<\/p>\n<p>Le fait du jour<\/p>\n<p>L\u2019arm\u00e9e russe a revendiqu\u00e9 ce samedi la prise d\u2019un nouveau village dans la r\u00e9gion de Dnipropetrovsk, dans le centre est de l\u2019Ukraine. Les forces russes affirment ainsi avoir \u00ab\u00a0lib\u00e9r\u00e9 la localit\u00e9 de Malievka\u00a0\u00bb. D\u00e9but juillet, la Russie avait revendiqu\u00e9 la capture d\u2019une premi\u00e8re ville, celle de Datchno\u00efe, dans la m\u00eame r\u00e9gion.<\/p>\n<p>Cette conqu\u00eate contest\u00e9e par <a href=\"https:\/\/www.20minutes.fr\/dossier\/kiev?at_medium=RSS%20feed&amp;at_campaign=ynews&amp;utm_source=yahoo&amp;utm_medium=rss&amp;utm_campaign=news_feed&amp;utm_content=in_article_link\" rel=\"nofollow noopener\" target=\"_blank\" data-ylk=\"slk:Kiev;elm:context_link;itc:0;sec:content-canvas\" class=\"link \">Kiev <\/a>constituerait un nouveau revers symbolique pour les forces ukrainiennes, si elle \u00e9tait confirm\u00e9e. Une progression russe dans la r\u00e9gion de Dnipropetrovsk aurait une valeur strat\u00e9gique importante dans les discussions <a href=\"https:\/\/www.20minutes.fr\/dossier\/diplomatie?at_medium=RSS%20feed&amp;at_campaign=ynews&amp;utm_source=yahoo&amp;utm_medium=rss&amp;utm_campaign=news_feed&amp;utm_content=in_article_link\" rel=\"nofollow noopener\" target=\"_blank\" data-ylk=\"slk:diplomatiques;elm:context_link;itc:0;sec:content-canvas\" class=\"link \">diplomatiques <\/a>en vue d\u2019un r\u00e8glement du conflit.<\/p>\n<p>Mercredi, la troisi\u00e8me session de pourparlers de paix entre Russes et Ukrainiens s\u2019est achev\u00e9e sans progr\u00e8s tangibles. Le pr\u00e9sident russe <a href=\"https:\/\/www.20minutes.fr\/monde\/vladimir_poutine\/?at_medium=RSS%20feed&amp;at_campaign=ynews&amp;utm_source=yahoo&amp;utm_medium=rss&amp;utm_campaign=news_feed&amp;utm_content=in_article_link\" rel=\"nofollow noopener\" target=\"_blank\" data-ylk=\"slk:Vladimir Poutine;elm:context_link;itc:0;sec:content-canvas\" class=\"link \">Vladimir Poutine<\/a> r\u00e9clame que Kiev c\u00e8de \u00e0 la <a href=\"https:\/\/www.20minutes.fr\/monde\/russie\/?at_medium=RSS%20feed&amp;at_campaign=ynews&amp;utm_source=yahoo&amp;utm_medium=rss&amp;utm_campaign=news_feed&amp;utm_content=in_article_link\" rel=\"nofollow noopener\" target=\"_blank\" data-ylk=\"slk:Russie;elm:context_link;itc:0;sec:content-canvas\" class=\"link \">Russie <\/a>les r\u00e9gions ukrainiennes annex\u00e9es et que l\u2019Ukraine renonce \u00e0 rejoindre l\u2019<a href=\"https:\/\/www.20minutes.fr\/monde\/otan\/?at_medium=RSS%20feed&amp;at_campaign=ynews&amp;utm_source=yahoo&amp;utm_medium=rss&amp;utm_campaign=news_feed&amp;utm_content=in_article_link\" rel=\"nofollow noopener\" target=\"_blank\" data-ylk=\"slk:Otan;elm:context_link;itc:0;sec:content-canvas\" class=\"link \">Otan<\/a>. Des conditions inacceptables pour les dirigeants ukrainiens et leurs alli\u00e9s occidentaux. L\u2019Ukraine, pour sa part, exige que l\u2019arm\u00e9e russe se retire enti\u00e8rement de son territoire, occup\u00e9 \u00e0 hauteur d\u2019environ 20\u00a0%.<\/p>\n<p>Le chiffre du jour<\/p>\n<p>5. C\u2019est le nombre de morts dans des frappes a\u00e9riennes russes et ukrainiennes dans la nuit de vendredi \u00e0 ce samedi. Au moins trois personnes sont mortes dans le centre de l\u2019Ukr(&#8230;)<\/p>\n<p><a href=\"https:\/\/www.20minutes.fr\/monde\/ukraine\/4165436-20250726-guerre-ukraine-russie-revendique-prise-nouveau-village-region-centre-ukraine?at_medium=RSS%20feed&amp;at_campaign=ynews&amp;utm_source=yahoo&amp;utm_medium=rss&amp;utm_campaign=news_feed&amp;utm_content=read_more_link&quot;\" rel=\"nofollow noopener\" target=\"_blank\" data-ylk=\"slk:Lire la suite sur 20minutes;elm:context_link;itc:0;sec:content-canvas\" class=\"link \">Lire la suite sur 20minutes<\/a><\/p>\n<p>\u00c0 lire aussi :<br \/><a href=\"https:\/\/www.20minutes.fr\/monde\/ukraine\/4163908-20250716-guerre-ukraine-trump-demande-ukraine-cibler-moscou-groupe-hackers-prorusse-demantele?at_medium=RSS%20feed&amp;at_campaign=ynews&amp;utm_source=yahoo&amp;utm_medium=rss&amp;utm_campaign=news_feed&amp;utm_content=related_content_link\" rel=\"nofollow noopener\" target=\"_blank\" data-ylk=\"slk:Guerre en Ukraine\u00a0: Trump demande \u00e0 Kiev de ne \u00ab\u00a0pas cibler Moscou\u00a0\u00bb, un groupe de hackers prorusse d\u00e9mantel\u00e9;elm:context_link;itc:0;sec:content-canvas\" class=\"link \">Guerre en Ukraine\u00a0: Trump demande \u00e0 Kiev de ne \u00ab\u00a0pas cibler Moscou\u00a0\u00bb, un groupe de hackers prorusse d\u00e9mantel\u00e9<\/a><br \/><a href=\"https:\/\/www.20minutes.fr\/monde\/ukraine\/4163901-20250716-guerre-ukraine-important-groupe-hackers-prorusses-demantele?at_medium=RSS%20feed&amp;at_campaign=ynews&amp;utm_source=yahoo&amp;utm_medium=rss&amp;utm_campaign=news_feed&amp;utm_content=related_content_link\" rel=\"nofollow noopener\" target=\"_blank\" data-ylk=\"slk:Guerre en Ukraine\u00a0: Un important groupe de hackers prorusses d\u00e9mantel\u00e9;elm:context_link;itc:0;sec:content-canvas\" class=\"link \">Guerre en Ukraine\u00a0: Un important groupe de hackers prorusses d\u00e9mantel\u00e9<\/a><\/p>\n","protected":false},"excerpt":{"rendered":"R\u00e9cap &#8211; \u00ab\u00a020 Minutes\u00a0\u00bb fait le point pour vous tous les soirs sur le conflit. Ce samedi, les&hellip;\n","protected":false},"author":2,"featured_media":275874,"comment_status":"","ping_status":"","sticky":false,"template":"","format":"standard","meta":{"footnotes":""},"categories":[1591],"tags":[642,11,1887,5493,2794,12,1885,1886,132],"class_list":{"0":"post-275873","1":"post","2":"type-post","3":"status-publish","4":"format-standard","5":"has-post-thumbnail","7":"category-russie","8":"tag-20-minutes","9":"tag-actualites","10":"tag-federation-de-russie","11":"tag-lukraine","12":"tag-la-region","13":"tag-news","14":"tag-russia","15":"tag-russian-federation","16":"tag-russie"},"share_on_mastodon":{"url":"https:\/\/pubeurope.com\/@fr\/114921214074188179","error":""},"_links":{"self":[{"href":"https:\/\/www.europesays.com\/fr\/wp-json\/wp\/v2\/posts\/275873","targetHints":{"allow":["GET"]}}],"collection":[{"href":"https:\/\/www.europesays.com\/fr\/wp-json\/wp\/v2\/posts"}],"about":[{"href":"https:\/\/www.europesays.com\/fr\/wp-json\/wp\/v2\/types\/post"}],"author":[{"embeddable":true,"href":"https:\/\/www.europesays.com\/fr\/wp-json\/wp\/v2\/users\/2"}],"replies":[{"embeddable":true,"href":"https:\/\/www.europesays.com\/fr\/wp-json\/wp\/v2\/comments?post=275873"}],"version-history":[{"count":0,"href":"https:\/\/www.europesays.com\/fr\/wp-json\/wp\/v2\/posts\/275873\/revisions"}],"wp:featuredmedia":[{"embeddable":true,"href":"https:\/\/www.europesays.com\/fr\/wp-json\/wp\/v2\/media\/275874"}],"wp:attachment":[{"href":"https:\/\/www.europesays.com\/fr\/wp-json\/wp\/v2\/media?parent=275873"}],"wp:term":[{"taxonomy":"category","embeddable":true,"href":"https:\/\/www.europesays.com\/fr\/wp-json\/wp\/v2\/categories?post=275873"},{"taxonomy":"post_tag","embeddable":true,"href":"https:\/\/www.europesays.com\/fr\/wp-json\/wp\/v2\/tags?post=275873"}],"curies":[{"name":"wp","href":"https:\/\/api.w.org\/{rel}","templated":true}]}}