{"id":275875,"date":"2025-07-26T19:35:11","date_gmt":"2025-07-26T19:35:11","guid":{"rendered":"https:\/\/www.europesays.com\/fr\/275875\/"},"modified":"2025-07-26T19:35:11","modified_gmt":"2025-07-26T19:35:11","slug":"la-russie-revendique-la-prise-dun-nouveau-village-dans-une-region-du-centre-est-de-lukraine-2","status":"publish","type":"post","link":"https:\/\/www.europesays.com\/fr\/275875\/","title":{"rendered":"La Russie revendique la prise d\u2019un nouveau village dans une r\u00e9gion du centre est de l\u2019Ukraine"},"content":{"rendered":"<p>Vous avez rat\u00e9 les derniers \u00e9v\u00e9nements sur la <a href=\"https:\/\/www.20minutes.fr\/monde\/ukraine\/\" class=\"color-ultramarine c-link\" rel=\"nofollow noopener\" target=\"_blank\">guerre en Ukraine<\/a>\u00a0? 20 Minutes fait le point pour vous tous les soirs. Voici l\u2019essentiel de ce samedi 20\u00a0juillet, 1.249e jour du conflit.<\/p>\n<p>Le fait du jour<\/p>\n<p>L\u2019arm\u00e9e russe a revendiqu\u00e9 ce samedi la prise d\u2019un nouveau village dans la r\u00e9gion de Dnipropetrovsk, dans le centre est de l\u2019Ukraine. Les forces russes affirment ainsi avoir \u00ab\u00a0lib\u00e9r\u00e9 la localit\u00e9 de Malievka\u00a0\u00bb. D\u00e9but juillet, la Russie avait revendiqu\u00e9 la capture d\u2019une premi\u00e8re ville, celle de Datchno\u00efe, dans la m\u00eame r\u00e9gion.<\/p>\n<p>Cette conqu\u00eate contest\u00e9e par <a href=\"https:\/\/www.20minutes.fr\/dossier\/kiev\" target=\"_blank\" class=\"color-ultramarine c-link\" rel=\"nofollow noopener\">Kiev <\/a>constituerait un nouveau revers symbolique pour les forces ukrainiennes, si elle \u00e9tait confirm\u00e9e. Une progression russe dans la r\u00e9gion de Dnipropetrovsk aurait une valeur strat\u00e9gique importante dans les discussions <a href=\"https:\/\/www.20minutes.fr\/dossier\/diplomatie\" target=\"_blank\" class=\"color-ultramarine c-link\" rel=\"nofollow noopener\">diplomatiques <\/a>en vue d\u2019un r\u00e8glement du conflit.<\/p>\n<\/p>\n<p>Mercredi, la troisi\u00e8me session de pourparlers de paix entre Russes et Ukrainiens s\u2019est achev\u00e9e sans progr\u00e8s tangibles. Le pr\u00e9sident russe <a href=\"https:\/\/www.20minutes.fr\/monde\/vladimir_poutine\/\" target=\"_blank\" class=\"color-ultramarine c-link\" rel=\"nofollow noopener\">Vladimir Poutine<\/a> r\u00e9clame que Kiev c\u00e8de \u00e0 la <a href=\"https:\/\/www.20minutes.fr\/monde\/russie\/\" target=\"_blank\" class=\"color-ultramarine c-link\" rel=\"nofollow noopener\">Russie <\/a>les r\u00e9gions ukrainiennes annex\u00e9es et que l\u2019Ukraine renonce \u00e0 rejoindre l\u2019<a href=\"https:\/\/www.20minutes.fr\/monde\/otan\/\" target=\"_blank\" class=\"color-ultramarine c-link\" rel=\"nofollow noopener\">Otan<\/a>. Des conditions inacceptables pour les dirigeants ukrainiens et leurs alli\u00e9s occidentaux. L\u2019Ukraine, pour sa part, exige que l\u2019arm\u00e9e russe se retire enti\u00e8rement de son territoire, occup\u00e9 \u00e0 hauteur d\u2019environ 20\u00a0%.<\/p>\n<p>Le chiffre du jour<\/p>\n<p>5. C\u2019est le nombre de morts dans des frappes a\u00e9riennes russes et ukrainiennes dans la nuit de vendredi \u00e0 ce samedi. Au moins trois personnes sont mortes dans le centre de l\u2019Ukraine et deux dans l\u2019ouest de la Russie, selon les autorit\u00e9s.<\/p>\n<p>En Russie, \u00ab\u00a0dans le district de Zimovnikovski [\u2026], une voiture a pris feu \u00e0 la suite d\u2019une attaque de drone. Deux personnes sont mortes\u00a0\u00bb, a annonc\u00e9 sur Telegram Iouri Sliousar, le gouverneur de la r\u00e9gion de Rostov, frontali\u00e8re de l\u2019Ukraine. Selon le minist\u00e8re russe de la D\u00e9fense, la d\u00e9fense antia\u00e9rienne a intercept\u00e9 54 drones, dont 24 dans la r\u00e9gion de Briansk, elle aussi frontali\u00e8re de l\u2019Ukraine.<\/p>\n<p>Cette m\u00eame nuit, la Russie a tir\u00e9 \u00ab\u00a0208 drones et 27 missiles de diff\u00e9rents types\u00a0\u00bb sur l\u2019Ukraine, a affirm\u00e9 l\u2019arm\u00e9e de l\u2019air ukrainienne, qui dit avoir abattu 183 drones et 17 missiles. Le gouverneur de la r\u00e9gion centrale ukrainienne de Dnipropetrovsk, Sergui\u00ef Lissak, a pour sa part fait \u00e9tat de \u00ab\u00a0trois personnes tu\u00e9es et six bless\u00e9es \u00e0 Dnipro\u00a0\u00bb la capitale r\u00e9gionale, et dans ses environs.<\/p>\n<p>La d\u00e9claration du jour<\/p>\n<blockquote class=\"mx-m@xs mx-xxl@md color-ultramarine c-citation\">\n<p class=\"font-weight-regular@xs text-italic font-source-serif-pro text-l@xs c-citation__content\">\u00ab\u00a0Les entreprises militaires russes, la logistique russe et les a\u00e9roports russes doivent r\u00e9aliser que la guerre engag\u00e9e par la Russie les frappent d\u00e9sormais avec de r\u00e9elles cons\u00e9quences.\u00a0\u00bb<\/p>\n<\/blockquote>\n<p>C\u2019est ce qu\u2019a d\u00e9clar\u00e9 <a href=\"https:\/\/x.com\/ZelenskyyUa\/status\/1948993014258434172\" target=\"_blank\" class=\"color-ultramarine c-link\" rel=\"nofollow\">sur les r\u00e9seaux sociaux<\/a> Volodymyr Zelensky en r\u00e9ponse aux frappes lanc\u00e9es par la Russie dans la nuit de vendredi \u00e0 ce samedi. \u00ab\u00a0De telles frappes ne peuvent certainement pas \u00eatre laiss\u00e9es sans r\u00e9ponse, et les drones ukrainiens de longue port\u00e9e en assurent une\u00a0\u00bb, a ajout\u00e9 le dirigeant ukrainien, qui a estim\u00e9 que \u00ab\u00a0la pr\u00e9cision de nos drones, la r\u00e9ponse quotidienne de l\u2019Ukraine, font partie des arguments qui rapprocheront avec certitude la paix\u00a0\u00bb.<\/p>\n","protected":false},"excerpt":{"rendered":"Vous avez rat\u00e9 les derniers \u00e9v\u00e9nements sur la guerre en Ukraine\u00a0? 20 Minutes fait le point pour vous&hellip;\n","protected":false},"author":2,"featured_media":275876,"comment_status":"","ping_status":"","sticky":false,"template":"","format":"standard","meta":{"footnotes":""},"categories":[1590],"tags":[47,11,1813,39407,16276,29539,564,1777,674,131,74,1916,12,8013,132,2049,220],"class_list":{"0":"post-275875","1":"post","2":"type-post","3":"status-publish","4":"format-standard","5":"has-post-thumbnail","7":"category-ukraine","8":"tag-actualite","9":"tag-actualites","10":"tag-armee","11":"tag-dmitri-medvedev","12":"tag-dnipro","13":"tag-donetsk","14":"tag-drone","15":"tag-eu","16":"tag-europe","17":"tag-guerre-en-ukraine","18":"tag-monde","19":"tag-moscou","20":"tag-news","21":"tag-russe","22":"tag-russie","23":"tag-soldat","24":"tag-ukraine"},"share_on_mastodon":{"url":"https:\/\/pubeurope.com\/@fr\/114921217977369836","error":""},"_links":{"self":[{"href":"https:\/\/www.europesays.com\/fr\/wp-json\/wp\/v2\/posts\/275875","targetHints":{"allow":["GET"]}}],"collection":[{"href":"https:\/\/www.europesays.com\/fr\/wp-json\/wp\/v2\/posts"}],"about":[{"href":"https:\/\/www.europesays.com\/fr\/wp-json\/wp\/v2\/types\/post"}],"author":[{"embeddable":true,"href":"https:\/\/www.europesays.com\/fr\/wp-json\/wp\/v2\/users\/2"}],"replies":[{"embeddable":true,"href":"https:\/\/www.europesays.com\/fr\/wp-json\/wp\/v2\/comments?post=275875"}],"version-history":[{"count":0,"href":"https:\/\/www.europesays.com\/fr\/wp-json\/wp\/v2\/posts\/275875\/revisions"}],"wp:featuredmedia":[{"embeddable":true,"href":"https:\/\/www.europesays.com\/fr\/wp-json\/wp\/v2\/media\/275876"}],"wp:attachment":[{"href":"https:\/\/www.europesays.com\/fr\/wp-json\/wp\/v2\/media?parent=275875"}],"wp:term":[{"taxonomy":"category","embeddable":true,"href":"https:\/\/www.europesays.com\/fr\/wp-json\/wp\/v2\/categories?post=275875"},{"taxonomy":"post_tag","embeddable":true,"href":"https:\/\/www.europesays.com\/fr\/wp-json\/wp\/v2\/tags?post=275875"}],"curies":[{"name":"wp","href":"https:\/\/api.w.org\/{rel}","templated":true}]}}