{"id":275884,"date":"2025-07-26T19:40:21","date_gmt":"2025-07-26T19:40:21","guid":{"rendered":"https:\/\/www.europesays.com\/fr\/275884\/"},"modified":"2025-07-26T19:40:21","modified_gmt":"2025-07-26T19:40:21","slug":"orban-menace-de-ne-pas-voter-le-budget-de-lue-si-les-fonds-geles-ne-sont-pas-debloques","status":"publish","type":"post","link":"https:\/\/www.europesays.com\/fr\/275884\/","title":{"rendered":"Orban menace de ne pas voter le budget de l&rsquo;UE si les fonds gel\u00e9s ne sont pas d\u00e9bloqu\u00e9s"},"content":{"rendered":"<p>\u00ab\u00a0Le gouvernement hongrois ne soutiendra pas le nouveau budget de sept ans de l&rsquo;UE tant que tous les fonds suspendus ne seront pas d\u00e9bloqu\u00e9s\u00a0\u00bb, a affirm\u00e9 Viktor Orban dans un discours.<\/p>\n<p>Le dirigeant nationaliste a \u00e9galement critiqu\u00e9 la direction actuelle de l&rsquo;Union, qu&rsquo;il accuse de faiblesse dans ses relations avec Washington. <\/p>\n<p>\u00ab\u00a0L&rsquo;actuelle direction de l&rsquo;UE sera toujours la derni\u00e8re \u00e0 signer des accords avec les \u00c9tats-Unis, et toujours les plus mauvais accords\u00a0\u00bb, a-t-il lanc\u00e9, appelant \u00e0 un changement de cap au sein du bloc.<\/p>\n<p> (Krisztina Than;:; version fran\u00e7aise Nicolas Delame)<\/p>\n","protected":false},"excerpt":{"rendered":"\u00ab\u00a0Le gouvernement hongrois ne soutiendra pas le nouveau budget de sept ans de l&rsquo;UE tant que tous les&hellip;\n","protected":false},"author":2,"featured_media":275885,"comment_status":"","ping_status":"","sticky":false,"template":"","format":"standard","meta":{"footnotes":""},"categories":[1586],"tags":[11,2125,1777,674,1779,1011,27,2124,12,25,1778,364],"class_list":{"0":"post-275884","1":"post","2":"type-post","3":"status-publish","4":"format-standard","5":"has-post-thumbnail","7":"category-europe","8":"tag-actualites","9":"tag-depeches-reuters","10":"tag-eu","11":"tag-europe","12":"tag-european-union","13":"tag-fr","14":"tag-france","15":"tag-infos-reuters","16":"tag-news","17":"tag-republique-francaise","18":"tag-ue","19":"tag-union-europeenne"},"share_on_mastodon":{"url":"https:\/\/pubeurope.com\/@fr\/114921237662402766","error":""},"_links":{"self":[{"href":"https:\/\/www.europesays.com\/fr\/wp-json\/wp\/v2\/posts\/275884","targetHints":{"allow":["GET"]}}],"collection":[{"href":"https:\/\/www.europesays.com\/fr\/wp-json\/wp\/v2\/posts"}],"about":[{"href":"https:\/\/www.europesays.com\/fr\/wp-json\/wp\/v2\/types\/post"}],"author":[{"embeddable":true,"href":"https:\/\/www.europesays.com\/fr\/wp-json\/wp\/v2\/users\/2"}],"replies":[{"embeddable":true,"href":"https:\/\/www.europesays.com\/fr\/wp-json\/wp\/v2\/comments?post=275884"}],"version-history":[{"count":0,"href":"https:\/\/www.europesays.com\/fr\/wp-json\/wp\/v2\/posts\/275884\/revisions"}],"wp:featuredmedia":[{"embeddable":true,"href":"https:\/\/www.europesays.com\/fr\/wp-json\/wp\/v2\/media\/275885"}],"wp:attachment":[{"href":"https:\/\/www.europesays.com\/fr\/wp-json\/wp\/v2\/media?parent=275884"}],"wp:term":[{"taxonomy":"category","embeddable":true,"href":"https:\/\/www.europesays.com\/fr\/wp-json\/wp\/v2\/categories?post=275884"},{"taxonomy":"post_tag","embeddable":true,"href":"https:\/\/www.europesays.com\/fr\/wp-json\/wp\/v2\/tags?post=275884"}],"curies":[{"name":"wp","href":"https:\/\/api.w.org\/{rel}","templated":true}]}}