{"id":275886,"date":"2025-07-26T19:41:13","date_gmt":"2025-07-26T19:41:13","guid":{"rendered":"https:\/\/www.europesays.com\/fr\/275886\/"},"modified":"2025-07-26T19:41:13","modified_gmt":"2025-07-26T19:41:13","slug":"un-adolescent-de-17-ans-ampute-apres-un-accident-au-parc-aquatique-jura-splash","status":"publish","type":"post","link":"https:\/\/www.europesays.com\/fr\/275886\/","title":{"rendered":"Un adolescent de 17 ans amput\u00e9 apr\u00e8s un accident au parc aquatique Jura Splash"},"content":{"rendered":"<p>Apr\u00e8s une mauvaise chute dans un toboggan, survenue le 14\u00a0juin au parc aquatique Jura Splash \u00e0 Desnes (Jura), un adolescent de 17 ans a d\u00fb \u00eatre amput\u00e9 d\u2019une jambe un mois plus tard, rapporte <a href=\"https:\/\/www.leprogres.fr\/economie\/2025\/07\/25\/blesse-sur-un-toboggan-aquatique-il-est-ampute-d-une-jambe-un-mois-apres\" rel=\"nofollow noopener\" target=\"_blank\" class=\"color-ultramarine c-link\">Le Progr\u00e8s<\/a>.<\/p>\n<p>Les parents du jeune homme ont annonc\u00e9, le 21\u00a0juillet, d\u00e9poser plainte contre X \u00e0 Lons-le-Saunier.<\/p>\n<p>D\u00e9p\u00f4t de plainte<\/p>\n<p>Le drame est survenu le 14\u00a0juin dans un \u00ab\u00a0toboggan avec des vagues\u00a0\u00bb du centre aquatique Jura Splash. Wilson Seigler s\u2019est lanc\u00e9 dans la structure, mais a \u00e9t\u00e9 projet\u00e9 \u00e0 un mauvais endroit, sa jambe coinc\u00e9e entre deux structures. \u00ab\u00a0Pourtant, j\u2019ai fait attention, raconte le jeune homme au quotidien. Je suis le plus prudent, c\u2019est moi en g\u00e9n\u00e9ral qui raisonne les autres\u00a0\u00bb. Le parc aquatique, de son c\u00f4t\u00e9, consid\u00e8re \u00ab\u00a0ne pas avoir observ\u00e9 de d\u00e9faut\u00a0\u00bb.<\/p>\n<p>Apr\u00e8s plusieurs op\u00e9rations pour tenter de sauver sa jambe, l\u2019\u00e9quipe soignante a annonc\u00e9 au jeune homme vouloir l\u2019amputer pour \u00e9viter la n\u00e9crose. Ce qui a \u00e9t\u00e9 r\u00e9alis\u00e9 le 15\u00a0juillet. Depuis, l\u2019adolescent souffre de \u00ab\u00a0douleurs fant\u00f4mes\u00a0\u00bb sur la partie amput\u00e9e de sa jambe. Le quotidien r\u00e9gional rapporte que le jeune homme a commenc\u00e9 une r\u00e9\u00e9ducation.<\/p>\n","protected":false},"excerpt":{"rendered":"Apr\u00e8s une mauvaise chute dans un toboggan, survenue le 14\u00a0juin au parc aquatique Jura Splash \u00e0 Desnes (Jura),&hellip;\n","protected":false},"author":2,"featured_media":275887,"comment_status":"","ping_status":"","sticky":false,"template":"","format":"standard","meta":{"footnotes":""},"categories":[2],"tags":[119,47,11,1084,2718,118,1011,27,3672,100,1826,6339,12,153,25],"class_list":{"0":"post-275886","1":"post","2":"type-post","3":"status-publish","4":"format-standard","5":"has-post-thumbnail","7":"category-actualites","8":"tag-accident","9":"tag-actualite","10":"tag-actualites","11":"tag-adolescent","12":"tag-bourgogne-franche-comte","13":"tag-faits-divers","14":"tag-fr","15":"tag-france","16":"tag-franche-comte","17":"tag-hopital","18":"tag-jura","19":"tag-medecin","20":"tag-news","21":"tag-parc","22":"tag-republique-francaise"},"share_on_mastodon":{"url":"https:\/\/pubeurope.com\/@fr\/114921241578641830","error":""},"_links":{"self":[{"href":"https:\/\/www.europesays.com\/fr\/wp-json\/wp\/v2\/posts\/275886","targetHints":{"allow":["GET"]}}],"collection":[{"href":"https:\/\/www.europesays.com\/fr\/wp-json\/wp\/v2\/posts"}],"about":[{"href":"https:\/\/www.europesays.com\/fr\/wp-json\/wp\/v2\/types\/post"}],"author":[{"embeddable":true,"href":"https:\/\/www.europesays.com\/fr\/wp-json\/wp\/v2\/users\/2"}],"replies":[{"embeddable":true,"href":"https:\/\/www.europesays.com\/fr\/wp-json\/wp\/v2\/comments?post=275886"}],"version-history":[{"count":0,"href":"https:\/\/www.europesays.com\/fr\/wp-json\/wp\/v2\/posts\/275886\/revisions"}],"wp:featuredmedia":[{"embeddable":true,"href":"https:\/\/www.europesays.com\/fr\/wp-json\/wp\/v2\/media\/275887"}],"wp:attachment":[{"href":"https:\/\/www.europesays.com\/fr\/wp-json\/wp\/v2\/media?parent=275886"}],"wp:term":[{"taxonomy":"category","embeddable":true,"href":"https:\/\/www.europesays.com\/fr\/wp-json\/wp\/v2\/categories?post=275886"},{"taxonomy":"post_tag","embeddable":true,"href":"https:\/\/www.europesays.com\/fr\/wp-json\/wp\/v2\/tags?post=275886"}],"curies":[{"name":"wp","href":"https:\/\/api.w.org\/{rel}","templated":true}]}}