{"id":27589,"date":"2025-04-15T21:09:22","date_gmt":"2025-04-15T21:09:22","guid":{"rendered":"https:\/\/www.europesays.com\/fr\/27589\/"},"modified":"2025-04-15T21:09:22","modified_gmt":"2025-04-15T21:09:22","slug":"monistrol-sur-loire-un-tournoi-pour-jouer-a-la-fois-au-hand-et-au-volley","status":"publish","type":"post","link":"https:\/\/www.europesays.com\/fr\/27589\/","title":{"rendered":"Monistrol-sur-Loire : un tournoi pour jouer \u00e0 la fois au hand et au volley"},"content":{"rendered":"<p>\t\t\t\t\t\t\t\t\t\t\t\t\t\t\t\t\t\t\t\t\t\t\t\t\t\t\t\t\t\t\t\t\t\t\t\t\t\t\t\t\t\t\t\t\t\t\t\t\t\t\t\t\t\t\t\t\t\t\t\t\t\t\t<a href=\"https:\/\/www.lacommere43.fr\/component\/banners\/click\/1751.html\" target=\"_blank\" title=\"Chevalier Fr\u00e8res avril 2025\" rel=\"nofollow noopener\"><br \/>\n\t\t\t\t\t\t\t<img decoding=\"async\" src=\"https:\/\/www.europesays.com\/fr\/wp-content\/uploads\/2025\/04\/chevalier-fraise.jpg\" alt=\"Chevalier Fr\u00e8res avril 2025\"\/><br \/>\n\t\t\t\t\t\t<\/a><\/p>\n<p>\t\t\t\t\t\t\t\t\t\t\t\t\t\t\t\t\t\t\t\t\t\t\t\t\t\t\t\t\t\t\t\t\t\t\t\t\t\t\t\t\t\t\t\t\t\t\t\t\t\t\t\t\t\t\t\t\t\t\t\t\t\t\t<a href=\"https:\/\/www.lacommere43.fr\/component\/banners\/click\/1756.html\" target=\"_blank\" title=\"Retournac Foire P\u00e2querettes avril 2025\" rel=\"nofollow noopener\"><br \/>\n\t\t\t\t\t\t\t<img decoding=\"async\" src=\"https:\/\/www.europesays.com\/fr\/wp-content\/uploads\/2025\/04\/1744600873_360_paquerettes-2025.gif\" alt=\"Retournac Foire P\u00e2querettes avril 2025\"\/><br \/>\n\t\t\t\t\t\t<\/a><\/p>\n<p>Le club de hand de l\u2019US Monteil et la section volley de la MJC de Monistrol organisent un tournoi hand \u00e0 4 et volley le jeudi 24 avril au complexe du Mazel.<\/p>\n<p>Les \u00e9quipes sont \u00e0 composer avec 6 joueurs, \u00e2g\u00e9s d\u2019au moins 14 ans avec une mixit\u00e9 possible. Les inscriptions se font sur place \u00e0 partir de 18 h 30, droit de jeu 2\u20ac par joueur.<\/p>\n<p>D\u00e9but du tournoi \u00e0 19 heures.<\/p>\n","protected":false},"excerpt":{"rendered":"Le club de hand de l\u2019US Monteil et la section volley de la MJC de Monistrol organisent un&hellip;\n","protected":false},"author":2,"featured_media":27590,"comment_status":"","ping_status":"","sticky":false,"template":"","format":"standard","meta":{"footnotes":""},"categories":[1417],"tags":[2281,2282,1011,27,2280,2284,2285,2283,60,1470,1469],"class_list":{"0":"post-27589","1":"post","2":"type-post","3":"status-publish","4":"format-standard","5":"has-post-thumbnail","7":"category-volley","8":"tag-actualite-43","9":"tag-faits-divers-auvergne","10":"tag-fr","11":"tag-france","12":"tag-information-haute-loire","13":"tag-infos-43","14":"tag-journal-haute-loire","15":"tag-la-commere-43","16":"tag-sports","17":"tag-volley","18":"tag-volleyball"},"share_on_mastodon":{"url":"https:\/\/pubeurope.com\/@fr\/114344033014808268","error":""},"_links":{"self":[{"href":"https:\/\/www.europesays.com\/fr\/wp-json\/wp\/v2\/posts\/27589","targetHints":{"allow":["GET"]}}],"collection":[{"href":"https:\/\/www.europesays.com\/fr\/wp-json\/wp\/v2\/posts"}],"about":[{"href":"https:\/\/www.europesays.com\/fr\/wp-json\/wp\/v2\/types\/post"}],"author":[{"embeddable":true,"href":"https:\/\/www.europesays.com\/fr\/wp-json\/wp\/v2\/users\/2"}],"replies":[{"embeddable":true,"href":"https:\/\/www.europesays.com\/fr\/wp-json\/wp\/v2\/comments?post=27589"}],"version-history":[{"count":0,"href":"https:\/\/www.europesays.com\/fr\/wp-json\/wp\/v2\/posts\/27589\/revisions"}],"wp:featuredmedia":[{"embeddable":true,"href":"https:\/\/www.europesays.com\/fr\/wp-json\/wp\/v2\/media\/27590"}],"wp:attachment":[{"href":"https:\/\/www.europesays.com\/fr\/wp-json\/wp\/v2\/media?parent=27589"}],"wp:term":[{"taxonomy":"category","embeddable":true,"href":"https:\/\/www.europesays.com\/fr\/wp-json\/wp\/v2\/categories?post=27589"},{"taxonomy":"post_tag","embeddable":true,"href":"https:\/\/www.europesays.com\/fr\/wp-json\/wp\/v2\/tags?post=27589"}],"curies":[{"name":"wp","href":"https:\/\/api.w.org\/{rel}","templated":true}]}}